{"id":28231,"date":"2025-04-01T19:42:14","date_gmt":"2025-04-01T17:42:14","guid":{"rendered":"https:\/\/utopia56.org\/?p=28231"},"modified":"2025-04-01T19:42:14","modified_gmt":"2025-04-01T17:42:14","slug":"action-en-cours-fin-de-la-treve-hivernale-a-paris","status":"publish","type":"post","link":"http:\/\/test.utopia56.org\/index.php\/2025\/04\/01\/action-en-cours-fin-de-la-treve-hivernale-a-paris\/","title":{"rendered":"Action en cours \u00e0 Paris &#8211; Fin de la tr\u00eave hivernale"},"content":{"rendered":"<p><b>Il est 20h devant la mairie du 20e, Utopia 56 et les membres du Collectif de Lutte pour un logement durable ont d\u00e9cid\u00e9 de s\u2019installer jusqu\u2019\u00e0 ce qu\u2019une solution d\u2019urgence soit propos\u00e9e \u00e0 toutes et \u00e0 tous. Ces 200 personnes n&#8217;ont pas b\u00e9n\u00e9fici\u00e9 d&#8217;h\u00e9bergement d&#8217;urgence p\u00e9renne ni de relogement malgr\u00e9 la tr\u00eave hivernale. Parmi elles, plus de 70 enfants et des nourrissons.<\/b><\/p>\n<p><span style=\"font-weight: 400;\">Le collectif et Utopia 56 sont install\u00e9s l\u00e0 avec le soutien de M\u00e9decins du monde, du DAL et de Jamais sans toit. Ce choix de rester devant une mairie a pour objectif de limiter le risque d&#8217;une intervention polici\u00e8re violente et d&#8217;obtenir de l\u2019aide des \u00e9lu.es de la ville ou de l\u2019arrondissement pour une mise \u00e0 l&#8217;abri d&#8217;urgence pour tout le monde.\u00a0<\/span><\/p>\n<p><span style=\"font-weight: 400;\"><br \/>\n<\/span><span style=\"font-weight: 400;\">\u201c<\/span><i><span style=\"font-weight: 400;\">C\u2019est tous les jours que nos enfants sont dans la rue, qu\u2019ils font leurs devoirs dans une tente et s\u2019endorment \u00e0 l\u2019\u00e9cole tant ils sont \u00e9puis\u00e9s. Alors, avec notre d\u00e9termination et toute la force que nous avons d\u00e9j\u00e0 pour survivre \u00e0 la rue, nous sommes avec nos enfants, qui savent la peine que l\u2019on met \u00e0 les prot\u00e9ger tous les jours et \u00e0 continuer \u00e0 les \u00e9lever et \u00e0 les aimer comme si leur vie \u00e9tait normale et l\u00e9g\u00e8re. Sauf qu\u2019elle n\u2019est ni l\u00e9g\u00e8re, ni normale, ni souhaitable.<\/span><\/i><span style=\"font-weight: 400;\">\u201d Jemima &#8211; membre du Collectif en lutte pour un logement durable, m\u00e8re \u00e0 la rue depuis 7 mois.<\/span><\/p>\n<p><span style=\"font-weight: 400;\">Tous les soirs de cet hiver, Utopia 56 a accueilli en moyenne 150 personnes et plus de 60 enfants qui ne trouvaient pas de r\u00e9ponse aupr\u00e8s du 115. Chacune a \u00e9t\u00e9 h\u00e9berg\u00e9e par des citoyen.nes ou dans notre lieu d&#8217;h\u00e9bergement, d&#8217;autres encore ont d\u00fb rester dehors certains soirs. Ces solutions ne sont que des pansements \u00e0 ce que l&#8217;\u00c9tat se doit d&#8217;assurer : un h\u00e9bergement digne, p\u00e9renne et inconditionnel.<\/span><\/p>\n<p><span style=\"font-weight: 400;\">En cette fin de p\u00e9riode de tr\u00eave hivernale, et alors que :<\/span><\/p>\n<ul>\n<li><span style=\"font-weight: 400;\"> le 13 f\u00e9vrier dernier, 40 associations ont assign\u00e9 l&#8217;\u00c9tat en justice pour inaction fautive en mati\u00e8re d&#8217;h\u00e9bergement d&#8217;urgence et de logement ;<\/span><\/li>\n<li><span style=\"font-weight: 400;\"> que le 19 mars 2025, l&#8217;ensemble des s\u00e9nateurs.rices ont vot\u00e9 un texte demandant \u00e0 l&#8217;\u00c9tat de prendre des mesures concr\u00e8tes afin de mettre fin aux sans-abrisme des enfants ;<\/span><\/li>\n<li><span style=\"font-weight: 400;\"> que le 26 mars 2025, l&#8217;\u00c9tat a \u00e9t\u00e9 condamn\u00e9 par le tribunal \u00e0 rembourser la ville de Grenoble pour ne pas avoir h\u00e9berg\u00e9 une m\u00e8re et ses enfants ;<\/span><\/li>\n<li><span style=\"font-weight: 400;\"> et que le 27 mars, la Ville de Paris a assign\u00e9 l&#8217;\u00c9tat en justice pour demander le remboursement des sommes engag\u00e9es par la ville pour l&#8217;h\u00e9bergement des mineurs isol\u00e9s en recours ;<\/span><\/li>\n<\/ul>\n<p>&nbsp;<\/p>\n<p><span style=\"font-weight: 400;\">On compte toujours 350 000 personnes \u00e0 la rue, dont plus de 2000 enfants, et toujours neuf millions de m\u00e8tres carr\u00e9s de bureaux vides.\u00a0<\/span><\/p>\n<p><span style=\"font-weight: 400;\">La r\u00e9quisition est une n\u00e9cessit\u00e9 pour mettre un terme \u00e0 cette fabrique de la pr\u00e9carit\u00e9.\u00a0<\/span><\/p>\n","protected":false},"excerpt":{"rendered":"<p>Il est 20h devant la mairie du 20e, Utopia 56  [&#8230;]<\/p>\n","protected":false},"author":1,"featured_media":28233,"comment_status":"closed","ping_status":"open","sticky":false,"template":"","format":"standard","meta":{"footnotes":""},"categories":[6,17,7],"tags":[],"class_list":["post-28231","post","type-post","status-publish","format-standard","has-post-thumbnail","hentry","category-communique","category-manifestation","category-paris"],"_links":{"self":[{"href":"http:\/\/test.utopia56.org\/index.php\/wp-json\/wp\/v2\/posts\/28231","targetHints":{"allow":["GET"]}}],"collection":[{"href":"http:\/\/test.utopia56.org\/index.php\/wp-json\/wp\/v2\/posts"}],"about":[{"href":"http:\/\/test.utopia56.org\/index.php\/wp-json\/wp\/v2\/types\/post"}],"author":[{"embeddable":true,"href":"http:\/\/test.utopia56.org\/index.php\/wp-json\/wp\/v2\/users\/1"}],"replies":[{"embeddable":true,"href":"http:\/\/test.utopia56.org\/index.php\/wp-json\/wp\/v2\/comments?post=28231"}],"version-history":[{"count":0,"href":"http:\/\/test.utopia56.org\/index.php\/wp-json\/wp\/v2\/posts\/28231\/revisions"}],"wp:featuredmedia":[{"embeddable":true,"href":"http:\/\/test.utopia56.org\/index.php\/wp-json\/"}],"wp:attachment":[{"href":"http:\/\/test.utopia56.org\/index.php\/wp-json\/wp\/v2\/media?parent=28231"}],"wp:term":[{"taxonomy":"category","embeddable":true,"href":"http:\/\/test.utopia56.org\/index.php\/wp-json\/wp\/v2\/categories?post=28231"},{"taxonomy":"post_tag","embeddable":true,"href":"http:\/\/test.utopia56.org\/index.php\/wp-json\/wp\/v2\/tags?post=28231"}],"curies":[{"name":"wp","href":"https:\/\/api.w.org\/{rel}","templated":true}]}}