{"id":28085,"date":"2025-03-07T17:38:04","date_gmt":"2025-03-07T16:38:04","guid":{"rendered":"https:\/\/utopia56.org\/?p=28085"},"modified":"2025-03-07T17:38:04","modified_gmt":"2025-03-07T16:38:04","slug":"personne-ninterdira-la-solidarite","status":"publish","type":"post","link":"http:\/\/test.utopia56.org\/index.php\/2025\/03\/07\/personne-ninterdira-la-solidarite\/","title":{"rendered":"Personne n&#8217;interdira la solidarit\u00e9"},"content":{"rendered":"<p><strong>Apr\u00e8s\u00a0plus de quatre ans de lutte administrative, aux c\u00f4t\u00e9s d\u2019associations du Calaisis,\u00a0nous avons enfin eu gain de cause face aux tentatives d\u2019entraves des institutions.<\/strong><\/p>\n<p>En effet, ce lundi 3 mars, <strong>la Cour administrative d\u2019appel de Douai a conclu \u00e0\u00a0l\u2019ill\u00e9galit\u00e9 des arr\u00eat\u00e9s\u00a0du 30\/09\/2020, du 16\/11\/2020 et du 14\/12\/2020<\/strong>.\u00a0Ces derniers \u00e9manaient du pr\u00e9fet du Pas-de-Calais, et interdisaient la distribution de nourriture et de boissons\u00a0par les associations non mandat\u00e9es par l\u2019\u00c9tat, dans certaines zones de Calais.<\/p>\n<p>Suite \u00e0 un recours que nous avions d\u00e9pos\u00e9 avec l\u2019inter-organisation, le tribunal administratif de Lille avait d\u00e9j\u00e0 rendu une d\u00e9cision similaire en octobre 2022, mais\u00a0<strong>le minist\u00e8re de l\u2019Int\u00e9rieur, G\u00e9rald Darmanin, avait alors d\u00e9cid\u00e9 de faire appel de cette d\u00e9cision.<\/strong><\/p>\n<p>Les juges de la Cour d\u2019Appel <strong>ont donc confirm\u00e9 lundi le premier avis, et ont estim\u00e9 que\u00a0ces arr\u00eat\u00e9s pr\u00e9fectoraux \u00e9taient ill\u00e9gaux<\/strong>, car disproportionn\u00e9s par rapport aux finalit\u00e9s recherch\u00e9es, les risques mentionn\u00e9s par la pr\u00e9fecture n\u2019\u00e9tant pas fond\u00e9s (atteinte \u00e0 la tranquillit\u00e9 publique, insalubrit\u00e9 et risque \u00e9pid\u00e9mique).<\/p>\n<p>L&#8217;\u00c9tat est condamn\u00e9 \u00e0 verser 4 000 euros aux associations requ\u00e9rantes.<\/p>\n<p><strong>Nous avons gagn\u00e9.<\/strong> Une victoire d&#8217;autant plus belle, que <strong>cette d\u00e9cision est de nature \u00e0 faire jurisprudence.<\/strong>\u00a0Elle pourrait ainsi emp\u00eacher la publication de futures interdictions de distribution \u00e0 Calais, mais aussi \u00e0 Paris et dans d\u2019autres villes.<\/p>\n","protected":false},"excerpt":{"rendered":"<p>Apr\u00e8s\u00a0plus de quatre ans de lutte administrative, aux c\u00f4t\u00e9s d\u2019associations  [&#8230;]<\/p>\n","protected":false},"author":1,"featured_media":28092,"comment_status":"closed","ping_status":"open","sticky":false,"template":"","format":"standard","meta":{"footnotes":""},"categories":[22,12],"tags":[],"class_list":["post-28085","post","type-post","status-publish","format-standard","has-post-thumbnail","hentry","category-action-en-justice","category-calais"],"_links":{"self":[{"href":"http:\/\/test.utopia56.org\/index.php\/wp-json\/wp\/v2\/posts\/28085","targetHints":{"allow":["GET"]}}],"collection":[{"href":"http:\/\/test.utopia56.org\/index.php\/wp-json\/wp\/v2\/posts"}],"about":[{"href":"http:\/\/test.utopia56.org\/index.php\/wp-json\/wp\/v2\/types\/post"}],"author":[{"embeddable":true,"href":"http:\/\/test.utopia56.org\/index.php\/wp-json\/wp\/v2\/users\/1"}],"replies":[{"embeddable":true,"href":"http:\/\/test.utopia56.org\/index.php\/wp-json\/wp\/v2\/comments?post=28085"}],"version-history":[{"count":0,"href":"http:\/\/test.utopia56.org\/index.php\/wp-json\/wp\/v2\/posts\/28085\/revisions"}],"wp:featuredmedia":[{"embeddable":true,"href":"http:\/\/test.utopia56.org\/index.php\/wp-json\/"}],"wp:attachment":[{"href":"http:\/\/test.utopia56.org\/index.php\/wp-json\/wp\/v2\/media?parent=28085"}],"wp:term":[{"taxonomy":"category","embeddable":true,"href":"http:\/\/test.utopia56.org\/index.php\/wp-json\/wp\/v2\/categories?post=28085"},{"taxonomy":"post_tag","embeddable":true,"href":"http:\/\/test.utopia56.org\/index.php\/wp-json\/wp\/v2\/tags?post=28085"}],"curies":[{"name":"wp","href":"https:\/\/api.w.org\/{rel}","templated":true}]}}