{"id":28020,"date":"2025-02-20T12:36:41","date_gmt":"2025-02-20T11:36:41","guid":{"rendered":"https:\/\/utopia56.org\/?p=28020"},"modified":"2025-02-20T12:36:41","modified_gmt":"2025-02-20T11:36:41","slug":"action-en-cours-a-lille-utopia-56","status":"publish","type":"post","link":"http:\/\/test.utopia56.org\/index.php\/2025\/02\/20\/action-en-cours-a-lille-utopia-56\/","title":{"rendered":"Lille &#8211; Action en cours : pour une mise \u00e0 l&#8217;abri d&#8217;urgence des jeunes filles \u00e0 la rue"},"content":{"rendered":"<div class=\"fusion-fullwidth fullwidth-box fusion-builder-row-1 fusion-flex-container nonhundred-percent-fullwidth non-hundred-percent-height-scrolling\" style=\"--awb-border-radius-top-left:0px;--awb-border-radius-top-right:0px;--awb-border-radius-bottom-right:0px;--awb-border-radius-bottom-left:0px;--awb-flex-wrap:wrap;\" ><div class=\"fusion-builder-row fusion-row fusion-flex-align-items-flex-start fusion-flex-content-wrap\" style=\"max-width:1248px;margin-left: calc(-4% \/ 2 );margin-right: calc(-4% \/ 2 );\"><div class=\"fusion-layout-column fusion_builder_column fusion-builder-column-0 fusion_builder_column_1_1 1_1 fusion-flex-column\" style=\"--awb-bg-blend:overlay;--awb-bg-size:cover;--awb-width-large:100%;--awb-margin-top-large:0px;--awb-spacing-right-large:1.92%;--awb-margin-bottom-large:0px;--awb-spacing-left-large:1.92%;--awb-width-medium:100%;--awb-spacing-right-medium:1.92%;--awb-spacing-left-medium:1.92%;--awb-width-small:100%;--awb-spacing-right-small:1.92%;--awb-spacing-left-small:1.92%;\"><div class=\"fusion-column-wrapper fusion-flex-justify-content-flex-start fusion-content-layout-column\"><div class=\"fusion-text fusion-text-1\"><p style=\"text-align: justify;\"><b style=\"background-color: var(--awb-bg-color); font-style: var(--awb-text-font-style); letter-spacing: var(--awb-letter-spacing); text-align: var(--awb-content-alignment); text-transform: var(--awb-text-transform); color: var(--awb-color7);\" data-fusion-font=\"true\">Ce jeudi 20 f\u00e9vrier 2025, sept jeunes filles en recours sans solution d\u2019h\u00e9bergement, accompagn\u00e9es par l\u2019association Utopia 56 et diff\u00e9rentes organisations soutiens, se sont install\u00e9es sur la place du th\u00e9\u00e2tre (op\u00e9ra) pour obtenir une mise \u00e0 l\u2019abri.<\/b><\/p>\n<p style=\"text-align: left;\"><b><span style=\"color: var(--awb-color7); font-family: var(--awb-text-font-family); font-style: var(--awb-text-font-style); letter-spacing: var(--awb-letter-spacing); text-align: var(--awb-content-alignment); text-transform: var(--awb-text-transform); background-color: var(--awb-bg-color); font-size: 14px;\" data-fusion-font=\"true\">Chaque semaine, depuis le d\u00e9but de l\u2019ann\u00e9e, Utopia 56 a rencontr\u00e9 en moyenne 2 jeunes filles remises \u00e0 la rue par le D\u00e9partement, qui ne les reconna\u00eet pas comme mineures. Aujourd\u2019hui, ce sont <\/span><span style=\"color: var(--awb-color7); font-family: var(--awb-text-font-family); font-size: 14px; font-style: var(--awb-text-font-style); letter-spacing: var(--awb-letter-spacing); text-align: var(--awb-content-alignment); text-transform: var(--awb-text-transform); background-color: var(--awb-bg-color);\" data-fusion-font=\"true\">15 jeunes filles qui risquent de se retrouver dehors<\/span><span style=\"color: var(--awb-color7); font-family: var(--awb-text-font-family); font-style: var(--awb-text-font-style); letter-spacing: var(--awb-letter-spacing); text-align: var(--awb-content-alignment); text-transform: var(--awb-text-transform); background-color: var(--awb-bg-color); font-size: 14px;\" data-fusion-font=\"true\">.<\/span><\/b><\/p>\n<p style=\"text-align: justify;\"><span style=\"color: var(--awb-text-color); font-family: var(--awb-text-font-family); font-style: var(--awb-text-font-style); letter-spacing: var(--awb-letter-spacing); text-align: var(--awb-content-alignment); text-transform: var(--awb-text-transform); background-color: var(--awb-bg-color);\"><b>\u00a0<\/b><\/span><\/p>\n<p style=\"text-align: justify;\"><b style=\"color: #424242;\"><u><span style=\"color: var(--awb-color7);\">NI MINEURES NI MAJEURES : DES JEUNES FILLES EN DANGER<\/span><\/u><\/b><\/p>\n<p style=\"text-align: left;\"><span style=\"color: var(--awb-color7); font-family: var(--awb-text-font-family); font-style: var(--awb-text-font-style); letter-spacing: var(--awb-letter-spacing); text-align: var(--awb-content-alignment); text-transform: var(--awb-text-transform); background-color: var(--awb-bg-color); font-size: 13px;\" data-fusion-font=\"true\">Lorsqu\u2019un\u00b7e jeune \u00e9tranger\u00b7e arrive en France sans repr\u00e9sentant l\u00e9gal, il ou elle devrait \u00eatre pris en charge par l\u2019Aide Sociale \u00e0 l\u2019Enfance (ASE) s\u2019il ou elle est mineur\u00b7e. <\/span><b style=\"color: var(--awb-color7); font-family: var(--awb-text-font-family); font-size: 13px; font-style: var(--awb-text-font-style); letter-spacing: var(--awb-letter-spacing); text-align: var(--awb-content-alignment); text-transform: var(--awb-text-transform); background-color: var(--awb-bg-color);\" data-fusion-font=\"true\">Mais dans le Nord, la suspicion pr\u00e9vaut sur la protection.<\/b><\/p>\n<p style=\"text-align: left;\"><b style=\"color: var(--awb-color7); font-family: var(--awb-text-font-family); font-size: 13px; font-style: var(--awb-text-font-style); letter-spacing: var(--awb-letter-spacing); text-align: var(--awb-content-alignment); text-transform: var(--awb-text-transform); background-color: var(--awb-bg-color);\" data-fusion-font=\"true\">Ces jeunes sont des &#8220;mineures en recours&#8221;<\/b><span style=\"color: var(--awb-color7); font-family: var(--awb-text-font-family); font-style: var(--awb-text-font-style); letter-spacing: var(--awb-letter-spacing); text-align: var(--awb-content-alignment); text-transform: var(--awb-text-transform); background-color: var(--awb-bg-color); font-size: 13px;\" data-fusion-font=\"true\"> : le d\u00e9partement du Nord a refus\u00e9 de reconna\u00eetre leur minorit\u00e9 apr\u00e8s une \u00e9valuation contestable. Elles ont donc engag\u00e9 une proc\u00e9dure judiciaire (un recours) pour prouver leur \u00e2ge, qui peut durer de 6 mois \u00e0 plus d\u2019un an.<\/span><\/p>\n<p style=\"text-align: left;\"><span style=\"color: var(--awb-color7); font-family: var(--awb-text-font-family); font-size: 13px; font-style: var(--awb-text-font-style); letter-spacing: var(--awb-letter-spacing); text-align: var(--awb-content-alignment); text-transform: var(--awb-text-transform); background-color: var(--awb-bg-color);\" data-fusion-font=\"true\">Une absurdit\u00e9 car pour 80 % des jeunes accompagn\u00e9\u00b7es par les associations, et depuis 3 ans, la justice finit par leur donner raison et reconna\u00eet leur minorit\u00e9.<\/span><\/p>\n<p style=\"text-align: left;\"><span style=\"color: var(--awb-color7); font-family: var(--awb-text-font-family); font-size: 13px; font-style: var(--awb-text-font-style); letter-spacing: var(--awb-letter-spacing); text-align: var(--awb-content-alignment); text-transform: var(--awb-text-transform); background-color: var(--awb-bg-color);\" data-fusion-font=\"true\">Ni consid\u00e9r\u00e9es mineures par le d\u00e9partement <\/span><span style=\"color: var(--awb-color7); font-family: var(--awb-text-font-family); font-style: var(--awb-text-font-style); letter-spacing: var(--awb-letter-spacing); text-align: var(--awb-content-alignment); text-transform: var(--awb-text-transform); background-color: var(--awb-bg-color); font-size: 13px;\" data-fusion-font=\"true\">suite \u00e0 cette \u00e9valuation,<\/span><span style=\"color: var(--awb-color7); font-family: var(--awb-text-font-family); font-size: 13px; font-style: var(--awb-text-font-style); letter-spacing: var(--awb-letter-spacing); text-align: var(--awb-content-alignment); text-transform: var(--awb-text-transform); background-color: var(--awb-bg-color);\" data-fusion-font=\"true\"> ni consid\u00e9r\u00e9es majeures par la pr\u00e9fecture <\/span><span style=\"color: var(--awb-color7); font-family: var(--awb-text-font-family); font-style: var(--awb-text-font-style); letter-spacing: var(--awb-letter-spacing); text-align: var(--awb-content-alignment); text-transform: var(--awb-text-transform); background-color: var(--awb-bg-color); font-size: 13px;\" data-fusion-font=\"true\">pendant leur proc\u00e9dure de recours,<\/span><span style=\"color: var(--awb-color7); font-family: var(--awb-text-font-family); font-size: 13px; font-style: var(--awb-text-font-style); letter-spacing: var(--awb-letter-spacing); text-align: var(--awb-content-alignment); text-transform: var(--awb-text-transform); background-color: var(--awb-bg-color);\" data-fusion-font=\"true\"> elles n\u2019ont acc\u00e8s \u00e0 aucun dispositif de droit commun, sont exclues de toute prise en charge et livr\u00e9es \u00e0 elles-m\u00eames.<\/span><\/p>\n<div style=\"text-align: left;\">\n<p><span style=\"color: var(--awb-color7); font-family: var(--awb-text-font-family); font-style: var(--awb-text-font-style); letter-spacing: var(--awb-letter-spacing); text-transform: var(--awb-text-transform); background-color: var(--awb-bg-color);\" data-fusion-font=\"true\">Pour des jeunes filles, isol\u00e9es et mineu<\/span><span style=\"color: var(--awb-color7); font-family: var(--awb-text-font-family); font-style: var(--awb-text-font-style); font-weight: var(--awb-text-font-weight); letter-spacing: var(--awb-letter-spacing); text-transform: var(--awb-text-transform); background-color: var(--awb-bg-color);\" data-fusion-font=\"true\">res, les risques li\u00e9s \u00e0 la rue &#8211; traite, violences sexistes et sexuelles, emprise, etc &#8211; sont d\u2019autant plus importants.<\/span><\/p>\n<p>&nbsp;<\/p>\n<\/div>\n<div style=\"text-align: justify;\"><b style=\"color: var(--awb-color8); font-family: var(--awb-text-font-family); font-size: var(--awb-font-size); font-style: var(--awb-text-font-style); letter-spacing: var(--awb-letter-spacing); text-align: var(--awb-content-alignment); text-transform: var(--awb-text-transform); background-color: var(--awb-bg-color);\"><u><span style=\"color: var(--awb-color7);\">UNE SITUATION QUE LA MOBILISATION CITOYENNE NE PEUT PLUS PALLIER<\/span><\/u><\/b><\/div>\n<p><span style=\"text-align: var(--awb-content-alignment); color: var(--awb-color7); font-family: var(--awb-text-font-family); font-style: var(--awb-text-font-style); font-weight: var(--awb-text-font-weight); letter-spacing: var(--awb-letter-spacing); text-transform: var(--awb-text-transform); background-color: var(--awb-bg-color); font-size: 13px;\" data-fusion-font=\"true\">Jusqu\u2019\u00e0 pr\u00e9sent, toutes ces jeunes filles ont \u00e9t\u00e9 <\/span><span style=\"text-align: var(--awb-content-alignment); color: var(--awb-text-color); font-family: var(--awb-text-font-family); font-style: var(--awb-text-font-style); letter-spacing: var(--awb-letter-spacing); text-transform: var(--awb-text-transform); background-color: var(--awb-bg-color);\"><b style=\"font-size: 13px; color: var(--awb-color7);\" data-fusion-font=\"true\">mises \u00e0 l\u2019abri dans des r\u00e9seaux d\u2019h\u00e9bergement citoyen.<\/b><\/span><span style=\"text-align: var(--awb-content-alignment); color: var(--awb-color7); font-family: var(--awb-text-font-family); font-style: var(--awb-text-font-style); font-weight: var(--awb-text-font-weight); letter-spacing: var(--awb-letter-spacing); text-transform: var(--awb-text-transform); background-color: var(--awb-bg-color); font-size: 13px;\" data-fusion-font=\"true\"> Chaque semaine est une course contre-la-montre pour trouver des solutions et ne pas laisser de jeunes filles \u00e0 la rue, mais <\/span><b style=\"text-align: var(--awb-content-alignment); color: var(--awb-color7); font-family: var(--awb-text-font-family); font-size: 13px; font-style: var(--awb-text-font-style); letter-spacing: var(--awb-letter-spacing); text-transform: var(--awb-text-transform); background-color: var(--awb-bg-color);\" data-fusion-font=\"true\">c<\/b><b><span style=\"text-align: var(--awb-content-alignment); color: var(--awb-color7); font-family: var(--awb-text-font-family); font-size: 13px; font-style: var(--awb-text-font-style); letter-spacing: var(--awb-letter-spacing); text-transform: var(--awb-text-transform); background-color: var(--awb-bg-color);\" data-fusion-font=\"true\">ette mobilisation b\u00e9n\u00e9vole arrive \u00e0 bout de force<\/span><span style=\"text-align: var(--awb-content-alignment); color: var(--awb-color7); font-family: var(--awb-text-font-family); font-style: var(--awb-text-font-style); letter-spacing: var(--awb-letter-spacing); text-transform: var(--awb-text-transform); background-color: var(--awb-bg-color); font-size: 13px;\" data-fusion-font=\"true\">.<\/span><\/b><\/p>\n<div style=\"text-align: left;\"><span style=\"background-color: var(--awb-bg-color); color: var(--awb-color7); font-family: var(--awb-text-font-family); font-style: var(--awb-text-font-style); letter-spacing: var(--awb-letter-spacing); text-align: var(--awb-content-alignment); text-transform: var(--awb-text-transform); font-weight: var(--awb-text-font-weight);\">L\u2019h\u00e9bergement citoyen n\u2019est pas un dispositif d\u2019accueil, il est urgent qu\u2019un relais institutionnel soit pris pour h\u00e9berger de mani\u00e8re p\u00e9renne ces jeunes filles.<\/span><\/div>\n<p><span style=\"color: var(--awb-text-color); font-family: var(--awb-text-font-family); font-style: var(--awb-text-font-style); letter-spacing: var(--awb-letter-spacing); text-align: var(--awb-content-alignment); text-transform: var(--awb-text-transform); background-color: var(--awb-bg-color);\">\u00a0<\/span><\/p>\n<p style=\"text-align: justify;\"><b style=\"color: var(--awb-color8);\"><u><span style=\"color: var(--awb-color7);\">DES SOLUTIONS EXISTENT<\/span><\/u><\/b><\/p>\n<p style=\"text-align: left;\"><span style=\"color: var(--awb-color7); font-family: var(--awb-text-font-family); font-style: var(--awb-text-font-style); letter-spacing: var(--awb-letter-spacing); text-align: var(--awb-content-alignment); text-transform: var(--awb-text-transform); background-color: var(--awb-bg-color); font-size: 13px;\" data-fusion-font=\"true\">En novembre dernier, gr\u00e2ce \u00e0 une <\/span><b style=\"color: var(--awb-color7); font-family: var(--awb-text-font-family); font-size: 13px; font-style: var(--awb-text-font-style); letter-spacing: var(--awb-letter-spacing); text-align: var(--awb-content-alignment); text-transform: var(--awb-text-transform); background-color: var(--awb-bg-color);\" data-fusion-font=\"true\">mobilisation massive<\/b><span style=\"color: var(--awb-color7); font-family: var(--awb-text-font-family); font-style: var(--awb-text-font-style); letter-spacing: var(--awb-letter-spacing); text-align: var(--awb-content-alignment); text-transform: var(--awb-text-transform); background-color: var(--awb-bg-color); font-size: 13px;\" data-fusion-font=\"true\">, une concertation entre la mairie, le d\u00e9partement et la pr\u00e9fecture avait permis une mise \u00e0 l\u2019abri des jeunes MNA qui vivaient sur un campement. <\/span><b style=\"color: var(--awb-color7); font-family: var(--awb-text-font-family); font-size: 13px; font-style: var(--awb-text-font-style); letter-spacing: var(--awb-letter-spacing); text-align: var(--awb-content-alignment); text-transform: var(--awb-text-transform); background-color: var(--awb-bg-color);\" data-fusion-font=\"true\">Pourquoi ne pas agir \u00e0 nouveau ? <\/b><\/p>\n<div style=\"text-align: left;\"><span style=\"color: var(--awb-color7); font-family: var(--awb-text-font-family); font-style: var(--awb-text-font-style); letter-spacing: var(--awb-letter-spacing); text-transform: var(--awb-text-transform); background-color: var(--awb-bg-color);\" data-fusion-font=\"true\">Utopia 56 a interpell\u00e9 \u00e0 maintes reprises les diff\u00e9rentes institutions sur la situation particuli\u00e8re de ces jeunes filles : pr\u00e9fecture, d\u00e9partement, MEL, mairie de Lille, par diff\u00e9rents courriers depuis l\u2019ann\u00e9e pass\u00e9e. <\/span><b style=\"color: var(--awb-color7); font-family: var(--awb-text-font-family); font-style: var(--awb-text-font-style); letter-spacing: var(--awb-letter-spacing); text-transform: var(--awb-text-transform); background-color: var(--awb-bg-color); font-size: 13px;\" data-fusion-font=\"true\">Aucune r\u00e9ponse n\u2019y a \u00e9t\u00e9 apport\u00e9e.<\/b><\/div>\n<div style=\"text-align: left;\"><\/div>\n<div style=\"text-align: left;\"><span style=\"color: var(--awb-color7); font-family: var(--awb-text-font-family); font-style: var(--awb-text-font-style); font-weight: var(--awb-text-font-weight); letter-spacing: var(--awb-letter-spacing); text-transform: var(--awb-text-transform); background-color: var(--awb-bg-color);\" data-fusion-font=\"true\">La demande est simple : une concertation institutionnelle pour la mise en place d\u2019un dispositif p\u00e9renne d\u2019h\u00e9bergement des mineur\u00b7es en recours, <span style=\"font-size: 13px;\" data-fusion-font=\"true\">et <\/span><\/span><b style=\"color: var(--awb-color7); font-family: var(--awb-text-font-family); font-style: var(--awb-text-font-style); letter-spacing: var(--awb-letter-spacing); text-transform: var(--awb-text-transform); background-color: var(--awb-bg-color);\" data-fusion-font=\"true\"><span style=\"font-size: 13px;\" data-fusion-font=\"true\">le respect de la pr\u00e9somption de minorit\u00e9<\/span><\/b><span style=\"color: var(--awb-color7); font-family: var(--awb-text-font-family); font-style: var(--awb-text-font-style); letter-spacing: var(--awb-letter-spacing); text-transform: var(--awb-text-transform); background-color: var(--awb-bg-color); font-size: 13px;\" data-fusion-font=\"true\">.<\/span><\/div>\n<p style=\"text-align: left;\"><span style=\"color: var(--awb-color7); font-family: var(--awb-text-font-family); font-style: var(--awb-text-font-style); letter-spacing: var(--awb-letter-spacing); text-transform: var(--awb-text-transform); background-color: var(--awb-bg-color); font-size: 13px;\" data-fusion-font=\"true\">\u00a0<\/span><\/p>\n<div style=\"text-align: left;\"><b style=\"color: var(--awb-color7); font-family: var(--awb-text-font-family); font-size: 13px; font-style: var(--awb-text-font-style); letter-spacing: var(--awb-letter-spacing); text-align: var(--awb-content-alignment); text-transform: var(--awb-text-transform); background-color: var(--awb-bg-color);\" data-fusion-font=\"true\">Aujourd\u2019hui, ces jeunes filles ont d\u00e9cid\u00e9 de sortir du silence et de se mobiliser pour exiger une mise \u00e0 l\u2019abri imm\u00e9diate. <\/b><b style=\"font-family: var(--awb-text-font-family); font-style: var(--awb-text-font-style); letter-spacing: var(--awb-letter-spacing); text-transform: var(--awb-text-transform); background-color: var(--awb-bg-color); font-size: 13px; color: var(--awb-color7);\" data-fusion-font=\"true\">Faute de solution propos\u00e9e malgr\u00e9 de multiples alertes, la seule option restante est d\u2019installer un campement de jeunes filles<\/b><span style=\"font-family: var(--awb-text-font-family); font-style: var(--awb-text-font-style); letter-spacing: var(--awb-letter-spacing); text-transform: var(--awb-text-transform); background-color: var(--awb-bg-color); color: var(--awb-color7);\" data-fusion-font=\"true\"> <b>: une <\/b><\/span><b style=\"font-family: var(--awb-text-font-family); font-style: var(--awb-text-font-style); letter-spacing: var(--awb-letter-spacing); text-transform: var(--awb-text-transform); background-color: var(--awb-bg-color); font-size: 13px; color: var(--awb-color7);\" data-fusion-font=\"true\">honte absolue<\/b><span style=\"color: var(--awb-text-color); font-family: var(--awb-text-font-family); font-style: var(--awb-text-font-style); letter-spacing: var(--awb-letter-spacing); text-transform: var(--awb-text-transform); background-color: var(--awb-bg-color);\"><span style=\"color: var(--awb-color7);\" data-fusion-font=\"true\">.<\/span><\/span><\/div>\n<\/div><\/div><\/div><\/div><\/div>\n","protected":false},"excerpt":{"rendered":"","protected":false},"author":1,"featured_media":28028,"comment_status":"closed","ping_status":"open","sticky":false,"template":"","format":"standard","meta":{"footnotes":""},"categories":[6,13,26],"tags":[],"class_list":["post-28020","post","type-post","status-publish","format-standard","has-post-thumbnail","hentry","category-communique","category-lille","category-mineures-isolees"],"_links":{"self":[{"href":"http:\/\/test.utopia56.org\/index.php\/wp-json\/wp\/v2\/posts\/28020","targetHints":{"allow":["GET"]}}],"collection":[{"href":"http:\/\/test.utopia56.org\/index.php\/wp-json\/wp\/v2\/posts"}],"about":[{"href":"http:\/\/test.utopia56.org\/index.php\/wp-json\/wp\/v2\/types\/post"}],"author":[{"embeddable":true,"href":"http:\/\/test.utopia56.org\/index.php\/wp-json\/wp\/v2\/users\/1"}],"replies":[{"embeddable":true,"href":"http:\/\/test.utopia56.org\/index.php\/wp-json\/wp\/v2\/comments?post=28020"}],"version-history":[{"count":0,"href":"http:\/\/test.utopia56.org\/index.php\/wp-json\/wp\/v2\/posts\/28020\/revisions"}],"wp:featuredmedia":[{"embeddable":true,"href":"http:\/\/test.utopia56.org\/index.php\/wp-json\/"}],"wp:attachment":[{"href":"http:\/\/test.utopia56.org\/index.php\/wp-json\/wp\/v2\/media?parent=28020"}],"wp:term":[{"taxonomy":"category","embeddable":true,"href":"http:\/\/test.utopia56.org\/index.php\/wp-json\/wp\/v2\/categories?post=28020"},{"taxonomy":"post_tag","embeddable":true,"href":"http:\/\/test.utopia56.org\/index.php\/wp-json\/wp\/v2\/tags?post=28020"}],"curies":[{"name":"wp","href":"https:\/\/api.w.org\/{rel}","templated":true}]}}