{"id":28007,"date":"2025-02-17T16:48:55","date_gmt":"2025-02-17T15:48:55","guid":{"rendered":"https:\/\/utopia56.org\/?p=28007"},"modified":"2025-02-17T16:48:55","modified_gmt":"2025-02-17T15:48:55","slug":"on-poursuit-letat-en-justice","status":"publish","type":"post","link":"http:\/\/test.utopia56.org\/index.php\/2025\/02\/17\/on-poursuit-letat-en-justice\/","title":{"rendered":"On poursuit l\u2019\u00c9tat en justice"},"content":{"rendered":"<div class=\"fusion-fullwidth fullwidth-box fusion-builder-row-1 fusion-flex-container nonhundred-percent-fullwidth non-hundred-percent-height-scrolling\" style=\"--awb-border-radius-top-left:0px;--awb-border-radius-top-right:0px;--awb-border-radius-bottom-right:0px;--awb-border-radius-bottom-left:0px;--awb-flex-wrap:wrap;\" ><div class=\"fusion-builder-row fusion-row fusion-flex-align-items-flex-start fusion-flex-content-wrap\" style=\"max-width:1248px;margin-left: calc(-4% \/ 2 );margin-right: calc(-4% \/ 2 );\"><div class=\"fusion-layout-column fusion_builder_column fusion-builder-column-0 fusion_builder_column_1_1 1_1 fusion-flex-column\" style=\"--awb-bg-blend:overlay;--awb-bg-size:cover;--awb-width-large:100%;--awb-margin-top-large:0px;--awb-spacing-right-large:1.92%;--awb-margin-bottom-large:0px;--awb-spacing-left-large:1.92%;--awb-width-medium:100%;--awb-spacing-right-medium:1.92%;--awb-spacing-left-medium:1.92%;--awb-width-small:100%;--awb-spacing-right-small:1.92%;--awb-spacing-left-small:1.92%;\"><div class=\"fusion-column-wrapper fusion-flex-justify-content-flex-start fusion-content-layout-column\"><div class=\"fusion-text fusion-text-1\"><p><b>Jeudi matin, au c\u00f4t\u00e9 de 40 associations r\u00e9unies au sein du <a href=\"https:\/\/www.collectif-associations-logement.org\/\">collectif des associations pour le logement<\/a>, nous avons d\u00e9pos\u00e9 deux recours contre l\u2019\u00c9tat, pour d\u00e9noncer ses carences en mati\u00e8re d\u2019h\u00e9bergement d\u2019urgence et de logement social, et le pousser \u00e0 prendre ces responsabilit\u00e9s. <\/b><\/p>\n<p>Avec cette affaire, nous faisons <b>le proc\u00e8s du mal-logement. <\/b><\/p>\n<p>Depuis des ann\u00e9es o\u00f9 nous vous parlons <a href=\"https:\/\/utopia56.org\/notre-histoire\/\">des personnes \u00e0 la rue que nous aidons<\/a>, que nous alertons sans cesse via des donn\u00e9es factuelles et que la mobilisation citoyenne ainsi que la pr\u00e9carit\u00e9 grandissent, le constat reste le m\u00eame ; l\u2019Etat est dans l\u2019ill\u00e9galit\u00e9. Il ne respecte pas ses obligations et les cons\u00e9quences directes de cette inaction politique sont les personnes que chacun d\u2019entre nous rencontrons ou connaissons, dans les rues, sous les porches, dans des h\u00e9bergements pr\u00e9caires, voire insalubres.<\/p>\n<p><b>Nous d\u00e9non\u00e7ons le refus de l\u2019\u00c9tat de remplir ses obligations minimales :<\/b><\/p>\n<p>&#8211; H\u00e9berger dignement toute personne sans-abri qui le demande, comme le pr\u00e9voit le Code de l\u2019Action Sociale et des Familles : au moins 6 000 personnes dont 2 000 enfants sont refus\u00e9es par le 115 chaque soir.<\/p>\n<p>&#8211; Loger pr\u00e8s de 100 000 foyers reconnus prioritaires et urgents au titre du DALO (droit au logement opposable), comme le pr\u00e9voit la loi du 5 mars 2017, dont certains attendent depuis 10 ans.<\/p>\n<p><b>Avec cette affaire, nous souhaitons que la justice reconnaisse la faute de l\u2019\u00c9tat qui ne met pas tout en \u0153uvre pour respecter ses obligations l\u00e9gales et qu\u2019il prenne les mesures n\u00e9cessaires :<\/b><\/p>\n<p>&#8211; Respecter les quotas d\u2019attribution de logements sociaux aux m\u00e9nages prioritaires.<\/p>\n<p>&#8211; Relancer la production de logements sociaux.<br \/>\n<span style=\"color: var(--awb-text-color); font-family: var(--awb-text-font-family); font-size: var(--awb-font-size); font-style: var(--awb-text-font-style); font-weight: var(--awb-text-font-weight); letter-spacing: var(--awb-letter-spacing); text-align: var(--awb-content-alignment); text-transform: var(--awb-text-transform); background-color: var(--awb-bg-color);\"><br \/>\n&#8211; Cr\u00e9er autant de places d\u2019h\u00e9bergement qu\u2019il y a de besoins imm\u00e9diats,<\/span><\/p>\n<p>&#8211; Cesser d\u2019introduire des crit\u00e8res ill\u00e9gaux \u00e0 l\u2019entr\u00e9e dans l\u2019h\u00e9bergement d\u2019urgence.<\/p>\n<p><b>Cela doit permettre de mettre fin aux situations les plus graves de mal-logement. <\/b><\/p>\n<p>\u00c0 notre \u00e9chelle de citoyen.nes, nous pouvons tous.tes agir, en se mobilisant aupr\u00e8s des collectivit\u00e9s locales pour demander l\u2019ouverture de places, la r\u00e9quisition des bureaux vides, la construction de logements sociaux, via des p\u00e9titions et des courriers \u00e0 nos repr\u00e9sentants locaux. Cela permet de faire connaitre une autre envie face \u00e0 des mouvements d\u2019opposition \u00e0 des initiatives sociales souvent fond\u00e9es sur une stigmatisation n\u00e9gative et infond\u00e9e des personnes les plus pr\u00e9caires.<\/p>\n<p><b>Plus de 15 000 personnes ont d\u00e9j\u00e0 sign\u00e9 la p\u00e9tition qui accompagne notre action en justice. C\u2019est votre tour.<\/b><\/p>\n<\/div><div style=\"text-align:center;\"><a class=\"fusion-button button-flat fusion-button-default-size button-custom fusion-button-default button-1 fusion-button-default-span fusion-button-default-type\" style=\"--button_accent_color:var(--awb-color1);--button_accent_hover_color:var(--awb-color5);--button_border_hover_color:var(--awb-color5);--button_border_width-top:0;--button_border_width-right:0;--button_border_width-bottom:0;--button_border_width-left:0;--button_gradient_top_color:var(--awb-color5);--button_gradient_bottom_color:var(--awb-color5);--button_gradient_top_color_hover:var(--awb-color1);--button_gradient_bottom_color_hover:var(--awb-color1);--button_text_transform:uppercase;--button_typography-font-family:&quot;ITC Avant Garde Gothic Book Regular&quot;;--button_typography-font-style:normal;--button_typography-font-weight:400;--button_margin-top:5px;--button_margin-right:5px;--button_margin-bottom:5px;--button_margin-left:5px;\" target=\"_self\" href=\"https:\/\/www.change.org\/p\/l-etat-est-coupable-de-non-assistance-%C3%A0-personnes-mal-log%C3%A9es-4d0d92a0-48cd-4af1-be0a-66cd4a23c196?utm_medium=custom_url&amp;utm_source=share_petition&amp;recruited_by_id=5b4ab2a0-df04-11ef-8727-c1a4b2c2185b\"><i class=\"fa-edit fas awb-button__icon awb-button__icon--default button-icon-left\" aria-hidden=\"true\"><\/i><span class=\"fusion-button-text awb-button__text awb-button__text--default\">SIGNEZ LA P\u00c9TITION<\/span><\/a><\/div><\/div><\/div><\/div><\/div>\n","protected":false},"excerpt":{"rendered":"","protected":false},"author":1,"featured_media":28010,"comment_status":"closed","ping_status":"open","sticky":false,"template":"","format":"standard","meta":{"footnotes":""},"categories":[22,24],"tags":[],"class_list":["post-28007","post","type-post","status-publish","format-standard","has-post-thumbnail","hentry","category-action-en-justice","category-plaidoyer"],"_links":{"self":[{"href":"http:\/\/test.utopia56.org\/index.php\/wp-json\/wp\/v2\/posts\/28007","targetHints":{"allow":["GET"]}}],"collection":[{"href":"http:\/\/test.utopia56.org\/index.php\/wp-json\/wp\/v2\/posts"}],"about":[{"href":"http:\/\/test.utopia56.org\/index.php\/wp-json\/wp\/v2\/types\/post"}],"author":[{"embeddable":true,"href":"http:\/\/test.utopia56.org\/index.php\/wp-json\/wp\/v2\/users\/1"}],"replies":[{"embeddable":true,"href":"http:\/\/test.utopia56.org\/index.php\/wp-json\/wp\/v2\/comments?post=28007"}],"version-history":[{"count":0,"href":"http:\/\/test.utopia56.org\/index.php\/wp-json\/wp\/v2\/posts\/28007\/revisions"}],"wp:featuredmedia":[{"embeddable":true,"href":"http:\/\/test.utopia56.org\/index.php\/wp-json\/"}],"wp:attachment":[{"href":"http:\/\/test.utopia56.org\/index.php\/wp-json\/wp\/v2\/media?parent=28007"}],"wp:term":[{"taxonomy":"category","embeddable":true,"href":"http:\/\/test.utopia56.org\/index.php\/wp-json\/wp\/v2\/categories?post=28007"},{"taxonomy":"post_tag","embeddable":true,"href":"http:\/\/test.utopia56.org\/index.php\/wp-json\/wp\/v2\/tags?post=28007"}],"curies":[{"name":"wp","href":"https:\/\/api.w.org\/{rel}","templated":true}]}}