{"id":27934,"date":"2025-02-04T12:19:01","date_gmt":"2025-02-04T11:19:01","guid":{"rendered":"https:\/\/utopia56.org\/?p=27934"},"modified":"2025-02-04T12:19:01","modified_gmt":"2025-02-04T11:19:01","slug":"mineure-isolee-et-a-la-rue","status":"publish","type":"post","link":"http:\/\/test.utopia56.org\/index.php\/2025\/02\/04\/mineure-isolee-et-a-la-rue\/","title":{"rendered":"Mineure, isol\u00e9e et \u00e0 la rue."},"content":{"rendered":"<p>En moins d\u2019une semaine,\u00a0<strong>deux jeunes filles de 14 et 16 ans, ont \u00e9t\u00e9 mises \u00e0 la rue par le d\u00e9partement \u00e0 Tours<\/strong>, apr\u00e8s s\u2019\u00eatre vues contester leur minorit\u00e9, et cela, malgr\u00e9 des papiers d\u2019identit\u00e9 prouvant leur \u00e2ge.<\/p>\n<p>Cette situation est loin d\u2019\u00eatre isol\u00e9e.<strong>\u00a0<\/strong>\u00c0 Paris, nous avons d\u00e9j\u00e0 rencontr\u00e9\u00a0<strong>24 jeunes filles remises \u00e0 la rue par la ville depuis le d\u00e9but de l\u2019ann\u00e9e<\/strong>, contre 10 en janvier 2024.<\/p>\n<p>&nbsp;<\/p>\n<p>Le nombre de jeunes filles\u00a0<strong>abandonn\u00e9es par les d\u00e9partements, suite \u00e0 des \u00e9valuations sommaires<\/strong>, ne cesse d\u2019augmenter depuis l\u2019ann\u00e9e derni\u00e8re. Les \u00e9quipes de Lille ont rencontr\u00e9\u00a0<strong>pr\u00e8s du double de jeunes filles mise \u00e0 la rue en 2024 par rapport \u00e0 2023<\/strong>\u00a0(26 en 2024, contre 15 en 2023).<\/p>\n<p>Pour la seule ville de Paris, c\u2019est\u00a0<strong>127 mineures isol\u00e9es<\/strong>\u00a0qui ont \u00e9t\u00e9 rencontr\u00e9es \u00e0 la sortie de la cellule d\u2019\u00e9valuation l\u2019ann\u00e9e derni\u00e8re, contre 33 en 2023. Ce gros \u00e9cart pour la capitale s\u2019explique par le fait que\u00a0<strong>jusqu\u2019en juillet 2023, la ville de Paris maintenait l\u2019h\u00e9bergement inconditionnel pour les filles<\/strong>, et ce, m\u00eame durant leur recours. Ce n\u2019est plus le cas actuellement.<\/p>\n<p>&nbsp;<\/p>\n<p>Ces jeunes mineures non accompagn\u00e9es arrivent souvent en France apr\u00e8s un parcours migratoire lourd et traumatisant. Comme pour les gar\u00e7ons,\u00a0<strong>elles doivent passer une \u00e9valuation de la minorit\u00e9<\/strong>\u00a0afin d\u2019obtenir le statut de mineure et ainsi \u00eatre prot\u00e9g\u00e9es et accompagn\u00e9es par les dispositifs de la protection de l\u2019enfance. Ces \u00e9valuations sont g\u00e9n\u00e9ralement\u00a0<strong>tr\u00e8s arbitraires et les d\u00e9cisions se basent sur des raisons subjectives<\/strong>\u00a0<strong>comme \u201c<\/strong><i><strong>son attitude en entretien<\/strong><\/i><strong>\u201d ou \u201c<\/strong><i><strong>son physique<\/strong><\/i><strong>\u201d.\u00a0<\/strong><br \/>\nOn peut notamment lire sur les papiers de refus :<\/p>\n<ul>\n<li>\u201cconsid\u00e9rant que le document d&#8217;identit\u00e9 et\/ou le document d&#8217;\u00e9tat civil qui pourrait constituer un justificatif de votre minorit\u00e9\u00a0<strong>semble susceptible de ne pas \u00eatre conforme<\/strong>\u201d, pour contrecarrer la pr\u00e9sentation d\u2019un passeport.<\/li>\n<li>\u201cconsid\u00e9rant que\u00a0<strong>le r\u00e9cit comporte des approximations<\/strong> susceptibles de mettre en cause son authenticit\u00e9\u201d, lorsqu&#8217;on reproche \u00e0 la jeune ses h\u00e9sitations qui prouveraient qu\u2019elle invente. Tout comme l&#8217;argument inverse existe aussi, si le r\u00e9cit est tr\u00e8s d\u00e9taill\u00e9, trop pr\u00e9cis, la jeune peut \u00eatre accus\u00e9e de l&#8217;avoir appris par c\u0153ur.<\/li>\n<li>\u201cconsid\u00e9rant que\u00a0<strong>le physique est en d\u00e9calage<\/strong>\u00a0avec l&#8217;\u00e2ge d\u00e9clar\u00e9\u201d, alors m\u00eame qu&#8217;il est bien demand\u00e9 aux \u00e9valuateurs de ne pas se fier qu&#8217;au physique des jeunes.<\/li>\n<\/ul>\n<p>Beaucoup ne sont alors pas administrativement reconnues mineures et sont remises dehors,<strong>\u00a0leur vuln\u00e9rabilit\u00e9 est mise de c\u00f4t\u00e9 et n\u2019est pas consid\u00e9r\u00e9e<\/strong>. \u00c0 la suite de cette \u00e9valuation,\u00a0<strong>les d\u00e9partements se d\u00e9douanent de toutes responsabilit\u00e9s<\/strong>, alors m\u00eame qu\u2019ils mettent en p\u00e9ril ces jeunes filles, en les laissant en proie aux dangers de la rue.<\/p>\n<p>La semaine derni\u00e8re,\u00a0<strong>Carla*, 16 ans<\/strong>, \u00e9tait remise \u00e0 la rue par la ville de Paris alors m\u00eame que\u00a0<strong>sa vuln\u00e9rabilit\u00e9 psychologique et ses pens\u00e9es suicidaires \u00e9taient connues des \u00e9quipes d\u2019\u00e9valuation<\/strong>. Ils ont estim\u00e9 qu\u2019elle n\u2019\u00e9tait pas mineure et l\u2019ont donc laiss\u00e9 dehors avec un seul document :\u00a0<strong>l\u2019adresse des urgences psychiatriques<\/strong>. C\u2019est quatre jours plus tard, apr\u00e8s plusieurs de nos alertes, que la mairie de Paris a r\u00e9pondu et lui a trouv\u00e9 une place en urgence pour la sortir de la rue. Durant le weekend, Carla* nous a envoy\u00e9 plusieurs messages inqui\u00e9tants et a disparu pendant plusieurs heures.<\/p>\n<p>&nbsp;<\/p>\n<p>&nbsp;<\/p>\n<p>Du fait de leurs multiples statuts &#8211;\u00a0<strong>fille, enfant, en situation d\u2019exil<\/strong>\u00a0&#8211; les jeunes filles isol\u00e9es se heurtent \u00e0 beaucoup plus de risques.\u00a0<strong>Les mettre \u00e0 l\u2019abri est une priorit\u00e9<\/strong>\u00a0pour leur \u00e9viter de passer m\u00eame une seule nuit dehors. En plus des\u00a0<strong>dangers li\u00e9s \u00e0 la rue<\/strong>, il y a le\u00a0<strong>risque des r\u00e9seaux de traite d\u2019\u00eatres humains ou de prostitution<\/strong>, il suffit de quelques heures dehors pour perdre tout contact.<\/p>\n<p>Parfois \u00e7a ne suffit pas. \u00c0 Rennes, <strong>Hawa*, 16 ans<\/strong>, a \u00e9t\u00e9 mise \u00e0 la rue par le d\u00e9partement jeudi 23 janvier. Elle a pu \u00eatre accueillie par une h\u00e9bergeuse de notre r\u00e9seau solidaire le soir m\u00eame, mais\u00a0<strong>elle a disparu le lendemain dans la journ\u00e9e<\/strong>. Malgr\u00e9 nos diff\u00e9rentes alertes, nous n\u2019avons pas de nouvelles \u00e0 ce jour. Ce n\u2019est malheureusement pas la premi\u00e8re jeune que nous suivons qui disparait ainsi.<\/p>\n<p>&nbsp;<\/p>\n<p>&nbsp;<\/p>\n<p>Les jeunes mineur\u2e31es, filles ou gar\u00e7ons, peuvent contester la d\u00e9cision du d\u00e9partement en saisissant le juge des enfants, mais\u00a0<strong>le recours dure des mois\u00a0<\/strong>et en attendant, aucune solution d\u2019h\u00e9bergement ne leur est propos\u00e9e. Pourtant, environ\u00a0<strong>75% des jeunes filles<\/strong>\u00a0<strong>que nous avons accompagn\u00e9es dans leur recours, ont finalement \u00e9t\u00e9 reconnues mineures<\/strong>\u00a0et ont r\u00e9int\u00e9gr\u00e9 les services de protection de l\u2019enfance.<\/p>\n<p>&nbsp;<\/p>\n<p><strong>Si pour l\u2019instant, nous arrivons encore \u00e0 trouver des solutions pour leur proposer un toit \u00e0 toutes, gr\u00e2ce \u00e0 nos r\u00e9seaux d\u2019h\u00e9bergeur<\/strong>\u2e31<strong>euses solidaires, nous allons manquer de ressources et de solutions.\u00a0<\/strong><\/p>\n<p><strong>\u00c0 nouveau, les associations et citoyen\u2e31nes solidaires pallient les manquements des d\u00e9partements et de l\u2019\u00c9tat dans le syst\u00e8me d\u2019accueil, mais jusqu&#8217;\u00e0 quand.<\/strong><\/p>\n<p>&nbsp;<\/p>\n<p>*les pr\u00e9noms ont \u00e9t\u00e9 chang\u00e9s.<\/p>\n","protected":false},"excerpt":{"rendered":"<p>En moins d\u2019une semaine,\u00a0deux jeunes filles de 14 et 16  [&#8230;]<\/p>\n","protected":false},"author":1,"featured_media":27935,"comment_status":"closed","ping_status":"open","sticky":false,"template":"","format":"standard","meta":{"footnotes":""},"categories":[18,26,24],"tags":[],"class_list":["post-27934","post","type-post","status-publish","format-standard","has-post-thumbnail","hentry","category-article","category-mineures-isolees","category-plaidoyer"],"_links":{"self":[{"href":"http:\/\/test.utopia56.org\/index.php\/wp-json\/wp\/v2\/posts\/27934","targetHints":{"allow":["GET"]}}],"collection":[{"href":"http:\/\/test.utopia56.org\/index.php\/wp-json\/wp\/v2\/posts"}],"about":[{"href":"http:\/\/test.utopia56.org\/index.php\/wp-json\/wp\/v2\/types\/post"}],"author":[{"embeddable":true,"href":"http:\/\/test.utopia56.org\/index.php\/wp-json\/wp\/v2\/users\/1"}],"replies":[{"embeddable":true,"href":"http:\/\/test.utopia56.org\/index.php\/wp-json\/wp\/v2\/comments?post=27934"}],"version-history":[{"count":0,"href":"http:\/\/test.utopia56.org\/index.php\/wp-json\/wp\/v2\/posts\/27934\/revisions"}],"wp:featuredmedia":[{"embeddable":true,"href":"http:\/\/test.utopia56.org\/index.php\/wp-json\/"}],"wp:attachment":[{"href":"http:\/\/test.utopia56.org\/index.php\/wp-json\/wp\/v2\/media?parent=27934"}],"wp:term":[{"taxonomy":"category","embeddable":true,"href":"http:\/\/test.utopia56.org\/index.php\/wp-json\/wp\/v2\/categories?post=27934"},{"taxonomy":"post_tag","embeddable":true,"href":"http:\/\/test.utopia56.org\/index.php\/wp-json\/wp\/v2\/tags?post=27934"}],"curies":[{"name":"wp","href":"https:\/\/api.w.org\/{rel}","templated":true}]}}