{"id":27928,"date":"2025-02-04T12:09:18","date_gmt":"2025-02-04T11:09:18","guid":{"rendered":"https:\/\/utopia56.org\/?p=27928"},"modified":"2025-02-04T12:09:18","modified_gmt":"2025-02-04T11:09:18","slug":"retour-sur-une-nuit-de-la-solidarite-marquee-par-la-violence-a-paris","status":"publish","type":"post","link":"http:\/\/test.utopia56.org\/index.php\/2025\/02\/04\/retour-sur-une-nuit-de-la-solidarite-marquee-par-la-violence-a-paris\/","title":{"rendered":"Retour sur une nuit de la solidarit\u00e9 marqu\u00e9e par la violence \u00e0 Paris."},"content":{"rendered":"<p><strong>Jeudi 23 janvier, se tenait la 8\u1d49 \u00e9dition de la \u201cNuit de la solidarit\u00e9\u201d organis\u00e9e par la mairie de Paris.\u00a0<\/strong>Si cette action de la maire a pour <strong>objectif de \u201crecenser\u201d les personnes \u00e0 la rue et d&#8217;\u201cidentifier leurs besoins\u201d<\/strong>, elle n\u2019aboutit \u00e0 aucune solution de mise \u00e0 l\u2019abri, et se r\u00e9sume donc \u00e0\u00a0<strong>une op\u00e9ration de communication<\/strong>. De plus, ce comptage ne prend pas en compte les personnes h\u00e9berg\u00e9es par les associations comme Utopia 56, ni celles qui, le temps d\u2019une nuit, b\u00e9n\u00e9ficient d\u2019une solution d\u2019h\u00e9bergement temporaire. La nuit de la Solidarit\u00e9 sous-estime et minimise le r\u00e9el, et participe \u00e0 l\u2019invisibilisation des diff\u00e9rents publics \u00e0 la rue.<\/p>\n<p>&nbsp;<\/p>\n<p>Pour sortir de l\u2019invisibilit\u00e9,<strong> des familles \u00e0 la rue que nous accompagnons, rassembl\u00e9es au sein du collectif Lutte pour un logement durable, se sont rassembl\u00e9es sur le parvis de la mairie du 19\u1d49<\/strong>\u00a0arrondissement, afin d\u2019\u00eatre comptabilis\u00e9es et de demander une mise \u00e0 l\u2019abri p\u00e9renne et digne.<\/p>\n<p><strong>Pr\u00e8s de 150 personnes en familles<\/strong>\u00a0et des soutiens \u00e9taient pr\u00e9sents, <span class=\"OYPEnA font-feature-liga-off font-feature-clig-off font-feature-calt-off text-decoration-none text-strikethrough-none\">alors que les \u00e9quipes municipales commen\u00e7aient un d\u00e9compte dans les gymnases alentours. Plusieurs d\u00e9put\u00e9s et journalistes nous ont rejoints dans la soir\u00e9e.<\/span>\u00a0\u00c0 quelques pas,\u00a0<strong>le lyc\u00e9e Georges Brassens, vide et inutilis\u00e9, aurait pu \u00eatre ouvert pour h\u00e9berger toutes ces personnes<\/strong>. Ce dernier fait partie d\u2019un ensemble de cinq lyc\u00e9es ferm\u00e9s d\u00e9finitivement, pour lesquels le 23 novembre 2023, la R\u00e9gion \u00cele-de-France donnait son accord au Pr\u00e9fet de r\u00e9gion en vue de la r\u00e9quisition et la transformation en centres d\u2019h\u00e9bergement d\u2019urgence de ces locaux. C\u2019\u00e9tait il y a plus d\u2019un an. Depuis, seuls trois d\u2019entre eux ont permis d\u2019assurer l\u2019accueil de familles sans-abris.<\/p>\n<p>&nbsp;<\/p>\n<p>D\u00e8s l\u2019arriv\u00e9e des premi\u00e8res familles devant la mairie du 19\u1d49,\u00a0<strong>cinq camions de CRS ont \u00e9t\u00e9 envoy\u00e9s par la pr\u00e9fecture<\/strong> et les agents ont nass\u00e9 le rassemblement (bien que cette technique soit interdite par le Conseil d&#8217;\u00c9tat depuis juin 2021). <strong>Beaucoup d\u2019enfants \u00e9taient pr\u00e9sents,<\/strong>\u00a0des b\u00e9b\u00e9s de moins de 10 mois parfois, dans les bras ou dans les poussettes, mais aussi des enfants de 7-8 ans qui \u00e9taient \u00e0 l\u2019\u00e9cole quelques heures plus t\u00f4t.<\/p>\n<p class=\"cvGsUA direction-ltr align-justify para-style-body\">\n<p class=\"cvGsUA direction-ltr align-justify para-style-body\"><strong><span class=\"OYPEnA font-feature-liga-off font-feature-clig-off font-feature-calt-off text-decoration-none text-strikethrough-none\">Toute la soir\u00e9e et toute la nuit, <\/span><\/strong><span class=\"OYPEnA font-feature-liga-off font-feature-clig-off font-feature-calt-off text-decoration-none text-strikethrough-none\"><strong>la mairie et la pr\u00e9fecture se sont renvoy\u00e9es la balle<\/strong>.<\/span><span class=\"OYPEnA font-feature-liga-off font-feature-clig-off font-feature-calt-off text-decoration-none text-strikethrough-none\"> La mairie centrale s\u2019est dit en attente d\u2019un feu vert de la pr\u00e9fecture, quand cette derni\u00e8re faisait la sourde oreille et refusait de n\u00e9gocier avec les d\u00e9l\u00e9gu\u00e9s des familles et leurs soutiens citoyens et associatifs.<\/span><\/p>\n<p class=\"cvGsUA direction-ltr align-justify para-style-body\"><span class=\"OYPEnA font-feature-liga-off font-feature-clig-off font-feature-calt-off text-decoration-none text-strikethrough-none\">Leur seule r\u00e9ponse, <strong>envoyer des forces de l\u2019ordre qui ont maintenu pendant 6h une nasse inhumaine<\/strong>, par des temp\u00e9ratures proches de 0\u00b0,<\/span><span class=\"OYPEnA font-feature-liga-off font-feature-clig-off font-feature-calt-off text-decoration-none text-strikethrough-none\"> confinant les familles \u00e0 un bout de trottoir, \u00e0 coups d\u2019invectives et de violences physiques et verbales :\u00a0<\/span><\/p>\n<ul>\n<li><span class=\"OYPEnA font-feature-liga-off font-feature-clig-off font-feature-calt-off text-decoration-none text-strikethrough-none\"><strong>interdiction des sorties de la nasse aux personnes souhaitant aller aux toilettes<\/strong>.<\/span><span class=\"OYPEnA font-feature-liga-off font-feature-clig-off font-feature-calt-off text-decoration-none text-strikethrough-none\"> C&#8221;est seulement apr\u00e8s de nombreuses n\u00e9gociations, que les personnes ont finalement \u00e9t\u00e9 autoris\u00e9es, une par une, \u00e0 s\u2019y rendre. Les familles se sont entendu dire \u201c<\/span><em><span class=\"OYPEnA font-feature-liga-off font-feature-clig-off font-feature-calt-off text-decoration-none text-strikethrough-none\">interdit de pisser par terre ou de se pisser dessus, faut attendre<\/span><\/em><span class=\"OYPEnA font-feature-liga-off font-feature-clig-off font-feature-calt-off text-decoration-none text-strikethrough-none\">\u201c.<\/span><\/li>\n<li><strong><span class=\"OYPEnA font-feature-liga-off font-feature-clig-off font-feature-calt-off text-decoration-none text-strikethrough-none\">interdiction de distribuer de l&#8217;eau<\/span><\/strong><\/li>\n<li><strong><span class=\"OYPEnA font-feature-liga-off font-feature-clig-off font-feature-calt-off text-decoration-none text-strikethrough-none\">distribution des couvertures uniquement aux enfants<\/span><\/strong><span class=\"OYPEnA font-feature-liga-off font-feature-clig-off font-feature-calt-off text-decoration-none text-strikethrough-none\">,<\/span> <span class=\"OYPEnA font-feature-liga-off font-feature-clig-off font-feature-calt-off text-decoration-none text-strikethrough-none\">alimentant la panique des familles, leur fatigue et leur \u00e9puisement.<\/span><\/li>\n<\/ul>\n<p class=\"cvGsUA direction-ltr align-justify para-style-body\">\n<p class=\"cvGsUA direction-ltr align-justify para-style-body\"><span class=\"OYPEnA font-feature-liga-off font-feature-clig-off font-feature-calt-off text-decoration-none text-strikethrough-none\">Install\u00e9es depuis 20h30, <strong>les familles ont d\u00fb attendre 3h du matin pour avoir acc\u00e8s \u00e0 du mat\u00e9riel essentiel<\/strong>. <\/span><span class=\"OYPEnA font-feature-liga-off font-feature-clig-off font-feature-calt-off text-decoration-none text-strikethrough-none\">Ces<\/span> <span class=\"OYPEnA font-feature-liga-off font-feature-clig-off font-feature-calt-off text-decoration-none text-strikethrough-none\">pratiques donnent \u00e0 voir l\u2019id\u00e9e que se font les pouvoirs publics de la \u201csolidarit\u00e9\u201d.<\/span><\/p>\n<p>&nbsp;<\/p>\n<p class=\"cvGsUA direction-ltr align-justify para-style-body\"><span class=\"OYPEnA font-feature-liga-off font-feature-clig-off font-feature-calt-off text-decoration-none text-strikethrough-none\">Apr\u00e8s les menaces de dispersion par la force et de placement en garde \u00e0 vue (\u00e0 destination d\u2019un membre d\u2019Utopia 56), apr\u00e8s de longues heures d\u2019attente et de n\u00e9gociations, <\/span><strong><span class=\"OYPEnA font-feature-liga-off font-feature-clig-off font-feature-calt-off text-decoration-none text-strikethrough-none\">les familles ont finalement pass\u00e9<\/span>\u00a0<\/strong><span class=\"OYPEnA font-feature-liga-off font-feature-clig-off font-feature-calt-off text-decoration-none text-strikethrough-none\"><strong>la nuit dehors faute d\u2019autre solution propos\u00e9e<\/strong>. <\/span><span class=\"OYPEnA font-feature-liga-off font-feature-clig-off font-feature-calt-off text-decoration-none text-strikethrough-none\">Des b\u00e9n\u00e9voles d\u2019Utopia 56 se sont relay\u00e9s jusqu&#8217;au lendemain midi pour <\/span><span class=\"OYPEnA font-feature-liga-off font-feature-clig-off font-feature-calt-off text-decoration-none text-strikethrough-none\">assurer des distributions de nourriture, soutenir les familles et tenter d\u2019\u00e9tablir un lien avec les acteurs responsables de la prise en charge de ces personnes.<\/span><\/p>\n<p class=\"cvGsUA direction-ltr align-justify para-style-body\">\n<p class=\"cvGsUA direction-ltr align-justify para-style-body\"><span class=\"OYPEnA font-feature-liga-off font-feature-clig-off font-feature-calt-off text-decoration-none text-strikethrough-none\"><strong>La loi impose \u00e0 la mairie la responsabilit\u00e9 de l\u2019h\u00e9bergement d\u2019urgence pour de nombreux profils<\/strong> pr\u00e9sents<\/span><span class=\"OYPEnA font-feature-liga-off font-feature-clig-off font-feature-calt-off text-decoration-none text-strikethrough-none\"> lors de cette manifestation, notamment les femmes enceintes et les familles avec des enfants de moins de 3 ans. <strong>Pour les autres, c\u2019est th\u00e9oriquement <\/strong><\/span><span class=\"OYPEnA font-feature-liga-off font-feature-clig-off font-feature-calt-off text-decoration-none text-strikethrough-none\"><strong>l\u2019\u00c9tat, et donc la pr\u00e9fecture<\/strong> qui doit proposer des mises \u00e0 l\u2019abri<\/span><span class=\"OYPEnA font-feature-liga-off font-feature-clig-off font-feature-calt-off text-decoration-none text-strikethrough-none\">.<\/span><\/p>\n<p class=\"cvGsUA direction-ltr align-justify para-style-body\"><span class=\"OYPEnA font-feature-liga-off font-feature-clig-off font-feature-calt-off text-decoration-none text-strikethrough-none\">Pourtant, aucune des deux institutions <strong>ne leur a apport\u00e9 de r\u00e9ponse pendant plus de 16h<\/strong>,<\/span><span class=\"OYPEnA font-feature-liga-off font-feature-clig-off font-feature-calt-off text-decoration-none text-strikethrough-none\"> se renvoyant perp\u00e9tuellement la responsabilit\u00e9.<\/span><\/p>\n<p>&nbsp;<\/p>\n<p class=\"cvGsUA direction-ltr align-justify para-style-body\"><span class=\"OYPEnA font-feature-liga-off font-feature-clig-off font-feature-calt-off text-decoration-none text-strikethrough-none\">C\u2019est seulement le lendemain vers 12h, <\/span><span class=\"OYPEnA font-feature-liga-off font-feature-clig-off font-feature-calt-off text-decoration-none text-strikethrough-none\">constatant que le collectif ne se disperserait pas, et que la pr\u00e9fecture ne proposait rien, que<strong> la mairie de Paris a organis\u00e9 une mise \u00e0 l\u2019abri<\/strong><\/span><span class=\"OYPEnA font-feature-liga-off font-feature-clig-off font-feature-calt-off text-decoration-none text-strikethrough-none\"><strong> pour la centaine de personnes toujours sur place<\/strong>. <\/span><span class=\"OYPEnA font-feature-liga-off font-feature-clig-off font-feature-calt-off text-decoration-none text-strikethrough-none\">Rien n\u2019a \u00e9t\u00e9 propos\u00e9 pour les familles qui s\u2019\u00e9taient absent\u00e9es<\/span><span class=\"OYPEnA font-feature-liga-off font-feature-clig-off font-feature-calt-off text-decoration-none text-strikethrough-none\">, parties \u00e0 des rendez-vous, au travail, \u00e0 l\u2019\u00e9cole, o\u00f9 dans des accueils de jour pour se reposer quelques heures, malgr\u00e9 nos envois<\/span><span class=\"OYPEnA font-feature-liga-off font-feature-clig-off font-feature-calt-off text-decoration-none text-strikethrough-none\"> des listes de recensement les jours pass\u00e9s et le soir du rassemblement.<\/span><\/p>\n<p class=\"cvGsUA direction-ltr align-justify para-style-body\">\n<p class=\"cvGsUA direction-ltr align-justify para-style-body\"><span class=\"OYPEnA font-feature-liga-off font-feature-clig-off font-feature-calt-off text-decoration-none text-strikethrough-none\">Lors de notre permanence quotidienne <strong>quelques heures plus tard,<\/strong><\/span><strong><span class=\"OYPEnA font-feature-liga-off font-feature-clig-off font-feature-calt-off text-decoration-none text-strikethrough-none\"> nous avons rencontr\u00e9 89 personnes, dont 37 enfants, en demande d&#8217;h\u00e9bergement.<\/span><\/strong><span class=\"OYPEnA font-feature-liga-off font-feature-clig-off font-feature-calt-off text-decoration-none text-strikethrough-none\"> La majorit\u00e9 d\u2019entre elles \u00e9taient pr\u00e9sentes au rassemblement, mais ont \u00e9t\u00e9 exclues de la solution amen\u00e9e par la mairie.<\/span><\/p>\n<p class=\"cvGsUA direction-ltr align-justify para-style-body\"><span class=\"OYPEnA font-feature-liga-off font-feature-clig-off font-feature-calt-off text-decoration-none text-strikethrough-none\">Dimanche soir, certaines de ces familles se sont rendues devant le gymnase de la mise \u00e0 l\u2019abri afin d\u2019\u00eatre h\u00e9berg\u00e9es elles aussi. <\/span><strong><span class=\"OYPEnA font-feature-liga-off font-feature-clig-off font-feature-calt-off text-decoration-none text-strikethrough-none\">Elles ont \u00e9t\u00e9 renvoy\u00e9es vers notre association<\/span><\/strong><span class=\"OYPEnA font-feature-liga-off font-feature-clig-off font-feature-calt-off text-decoration-none text-strikethrough-none\"><strong> par les acteurs de la ville<\/strong>.<\/span><\/p>\n<p class=\"cvGsUA direction-ltr align-justify para-style-body\">\n<p>&nbsp;<\/p>\n<p class=\"cvGsUA direction-ltr align-justify para-style-body\"><span class=\"OYPEnA font-feature-liga-off font-feature-clig-off font-feature-calt-off text-decoration-none text-strikethrough-none\"><strong>Le droit \u00e0 l\u2019h\u00e9bergement d\u2019urgence est inscrit dans la loi<\/strong><\/span><span class=\"OYPEnA font-feature-liga-off font-feature-clig-off font-feature-calt-off text-decoration-none text-strikethrough-none\">.<\/span><span class=\"OYPEnA font-feature-liga-off font-feature-clig-off font-feature-calt-off text-decoration-none text-strikethrough-none\"> L&#8217;\u00c9tat continue pourtant de se d\u00e9responsabiliser en justifiant \u201c<\/span><span class=\"OYPEnA font-feature-liga-off font-feature-clig-off font-feature-calt-off text-decoration-none text-strikethrough-none\"><em>qu\u2019il ne serait pas possible de mettre tout le monde \u00e0 l\u2019abri<\/em>.<\/span><span class=\"OYPEnA font-feature-liga-off font-feature-clig-off font-feature-calt-off text-decoration-none text-strikethrough-none\">\u201d C\u2019est tout simplement faux. <\/span><span class=\"OYPEnA font-feature-liga-off font-feature-clig-off font-feature-calt-off text-decoration-none text-strikethrough-none\">Ce n\u2019est pas un manque de moyens, mais un manque de volont\u00e9 politique.<\/span><\/p>\n<p class=\"cvGsUA direction-ltr align-justify para-style-body\">\u00c0 Paris comme ailleurs, il existe des r\u00e9ponses : on compte<strong>\u00a03,1 millions de logements vides en France<\/strong>\u00a0(dont 416 000 en Ile-de-France), et<strong>\u00a09 millions de m2 de bureaux vacants<\/strong>\u00a0(dont 5 millions en \u00cele-de-France).<strong>\u00a0Les lois pour r\u00e9quisitionner ces espaces existent d\u00e9j\u00e0<\/strong>, il ne reste qu\u2019\u00e0 d\u00e9cider de les appliquer.<\/p>\n","protected":false},"excerpt":{"rendered":"<p>Jeudi 23 janvier, se tenait la 8\u1d49 \u00e9dition de la  [&#8230;]<\/p>\n","protected":false},"author":1,"featured_media":27931,"comment_status":"closed","ping_status":"open","sticky":false,"template":"","format":"standard","meta":{"footnotes":""},"categories":[28,18,17,7],"tags":[],"class_list":["post-27928","post","type-post","status-publish","format-standard","has-post-thumbnail","hentry","category-antenne","category-article","category-manifestation","category-paris"],"_links":{"self":[{"href":"http:\/\/test.utopia56.org\/index.php\/wp-json\/wp\/v2\/posts\/27928","targetHints":{"allow":["GET"]}}],"collection":[{"href":"http:\/\/test.utopia56.org\/index.php\/wp-json\/wp\/v2\/posts"}],"about":[{"href":"http:\/\/test.utopia56.org\/index.php\/wp-json\/wp\/v2\/types\/post"}],"author":[{"embeddable":true,"href":"http:\/\/test.utopia56.org\/index.php\/wp-json\/wp\/v2\/users\/1"}],"replies":[{"embeddable":true,"href":"http:\/\/test.utopia56.org\/index.php\/wp-json\/wp\/v2\/comments?post=27928"}],"version-history":[{"count":0,"href":"http:\/\/test.utopia56.org\/index.php\/wp-json\/wp\/v2\/posts\/27928\/revisions"}],"wp:featuredmedia":[{"embeddable":true,"href":"http:\/\/test.utopia56.org\/index.php\/wp-json\/"}],"wp:attachment":[{"href":"http:\/\/test.utopia56.org\/index.php\/wp-json\/wp\/v2\/media?parent=27928"}],"wp:term":[{"taxonomy":"category","embeddable":true,"href":"http:\/\/test.utopia56.org\/index.php\/wp-json\/wp\/v2\/categories?post=27928"},{"taxonomy":"post_tag","embeddable":true,"href":"http:\/\/test.utopia56.org\/index.php\/wp-json\/wp\/v2\/tags?post=27928"}],"curies":[{"name":"wp","href":"https:\/\/api.w.org\/{rel}","templated":true}]}}