{"id":27892,"date":"2025-01-29T14:21:28","date_gmt":"2025-01-29T13:21:28","guid":{"rendered":"https:\/\/utopia56.org\/?p=27892"},"modified":"2025-01-29T14:21:28","modified_gmt":"2025-01-29T13:21:28","slug":"x-rester-ou-partir-la-position-dutopia-56","status":"publish","type":"post","link":"http:\/\/test.utopia56.org\/index.php\/2025\/01\/29\/x-rester-ou-partir-la-position-dutopia-56\/","title":{"rendered":"X : Rester ou partir ? La position d&#8217;Utopia 56"},"content":{"rendered":"<p><div class=\"fusion-fullwidth fullwidth-box fusion-builder-row-1 fusion-flex-container nonhundred-percent-fullwidth non-hundred-percent-height-scrolling\" style=\"--awb-border-radius-top-left:0px;--awb-border-radius-top-right:0px;--awb-border-radius-bottom-right:0px;--awb-border-radius-bottom-left:0px;--awb-flex-wrap:wrap;\" ><div class=\"fusion-builder-row fusion-row fusion-flex-align-items-flex-start fusion-flex-content-wrap\" style=\"max-width:1248px;margin-left: calc(-4% \/ 2 );margin-right: calc(-4% \/ 2 );\"><div class=\"fusion-layout-column fusion_builder_column fusion-builder-column-0 fusion_builder_column_1_1 1_1 fusion-flex-column\" style=\"--awb-bg-blend:overlay;--awb-bg-size:cover;--awb-width-large:100%;--awb-margin-top-large:0px;--awb-spacing-right-large:1.92%;--awb-margin-bottom-large:0px;--awb-spacing-left-large:1.92%;--awb-width-medium:100%;--awb-spacing-right-medium:1.92%;--awb-spacing-left-medium:1.92%;--awb-width-small:100%;--awb-spacing-right-small:1.92%;--awb-spacing-left-small:1.92%;\"><div class=\"fusion-column-wrapper fusion-flex-justify-content-flex-start fusion-content-layout-column\"><div class=\"fusion-text fusion-text-1\"><p><span style=\"color: var(--awb-text-color); font-family: var(--awb-text-font-family); font-size: var(--awb-font-size); font-style: var(--awb-text-font-style); font-weight: var(--awb-text-font-weight); letter-spacing: var(--awb-letter-spacing); text-align: var(--awb-content-alignment); text-transform: var(--awb-text-transform); background-color: var(--awb-bg-color);\">Ce lundi 20 janvier, le monde entier assiste \u00e0 <\/span><span style=\"color: var(--awb-text-color); font-family: var(--awb-text-font-family); font-size: var(--awb-font-size); font-style: var(--awb-text-font-style); letter-spacing: var(--awb-letter-spacing); text-align: var(--awb-content-alignment); text-transform: var(--awb-text-transform); background-color: var(--awb-bg-color);\"><b>l\u2019investiture de Donald Trump<\/b><\/span><span style=\"color: var(--awb-text-color); font-family: var(--awb-text-font-family); font-size: var(--awb-font-size); font-style: var(--awb-text-font-style); font-weight: var(--awb-text-font-weight); letter-spacing: var(--awb-letter-spacing); text-align: var(--awb-content-alignment); text-transform: var(--awb-text-transform); background-color: var(--awb-bg-color);\">, 47\u1d49 pr\u00e9sident des \u00c9tats-Unis, personnalit\u00e9 politique faisant office de <\/span><span style=\"color: var(--awb-text-color); font-family: var(--awb-text-font-family); font-size: var(--awb-font-size); font-style: var(--awb-text-font-style); letter-spacing: var(--awb-letter-spacing); text-align: var(--awb-content-alignment); text-transform: var(--awb-text-transform); background-color: var(--awb-bg-color);\"><b>t\u00eate de file<\/b><\/span><span style=\"color: var(--awb-text-color); font-family: var(--awb-text-font-family); font-size: var(--awb-font-size); font-style: var(--awb-text-font-style); font-weight: var(--awb-text-font-weight); letter-spacing: var(--awb-letter-spacing); text-align: var(--awb-content-alignment); text-transform: var(--awb-text-transform); background-color: var(--awb-bg-color);\"> de ce que certain\u00b7es chercheur\u00b7ses d\u00e9signent d\u2019ors et d\u00e9j\u00e0 comme une<br \/>\n<\/span><span style=\"background-color: var(--awb-bg-color); color: var(--awb-text-color); font-family: var(--awb-text-font-family); font-size: var(--awb-font-size); font-style: var(--awb-text-font-style); font-weight: var(--awb-text-font-weight); letter-spacing: var(--awb-letter-spacing); text-align: var(--awb-content-alignment); text-transform: var(--awb-text-transform);\">\u201c <\/span><a style=\"background-color: var(--awb-bg-color); font-family: var(--awb-text-font-family); font-size: var(--awb-font-size); font-style: var(--awb-text-font-style); font-weight: var(--awb-text-font-weight); letter-spacing: var(--awb-letter-spacing); text-align: var(--awb-content-alignment); text-transform: var(--awb-text-transform);\" href=\"https:\/\/www.humanite.fr\/en-debat\/elon-musk\/la-nouvelle-internationale-reactionnaire-un-danger-mondial\">internationale r\u00e9actionnaire<\/a><span style=\"background-color: var(--awb-bg-color); color: var(--awb-text-color); font-family: var(--awb-text-font-family); font-size: var(--awb-font-size); font-style: var(--awb-text-font-style); font-weight: var(--awb-text-font-weight); letter-spacing: var(--awb-letter-spacing); text-align: var(--awb-content-alignment); text-transform: var(--awb-text-transform);\">\u201d.<\/span><\/p>\n<p>Au premier rang de l\u2019assembl\u00e9e r\u00e9unie pour cet \u00e9v\u00e9nement,<b> Elon Musk et Mark Zuckerberg, invit\u00e9s d\u2019honneur de la c\u00e9r\u00e9monie, t\u00e9moignent leur soutien aux id\u00e9es n\u00e9o-fascistes<\/b> du nouvel \u00e9lu. \u00c0 eux deux, ils poss\u00e8dent la quasi-totalit\u00e9 des r\u00e9seaux sociaux (X, anciennement Twitter, et M\u00e9ta, maison m\u00e8re de Facebook, Instagram et WhatsApp).<\/p>\n<p>La plateforme <b>TikTok<\/b>, consid\u00e9r\u00e9e comme le troisi\u00e8me r\u00e9seau social le plus influent dans le monde occidental, <b>a quant \u00e0 elle affich\u00e9 son soutien au pr\u00e9sident<\/b> la veille de l&#8217;investiture, <a href=\"https:\/\/www.lemonde.fr\/pixels\/article\/2025\/01\/19\/la-folle-journee-de-tiktok-aux-etats-unis-bloque-puis-retabli_6505943_4408996.html\">prise dans un bras de fer avec l\u2019administration nord am\u00e9ricaine<\/a>, suite \u00e0 l\u2019interdiction du r\u00e9seau sur son territoire.<\/p>\n<p>Malheureusement, ces signes d\u2019all\u00e9geance au programme de Donald Trump, et plus globalement \u00e0 des id\u00e9ologies libertariennes, autoritaires et masculinistes, ne se r\u00e9sument pas aux positions personnelles de ces chefs d\u2019entreprises. Au contraire, leur vision politique impacte directement les usages et le fonctionnement de ces plateformes, qui sont les principales sources d\u2019informations d\u2019un grand nombre de citoyen\u00b7nes. <b>Algorithmes biais\u00e9s, promotion des supports de d\u00e9sinformations, r\u00e9duction de la mod\u00e9ration, acceptation des discours haineux et discriminants\u2026 la liste des effets n\u00e9fastes sur ces outils de communication est inqui\u00e9tante et vertigineuse. <\/b><\/p>\n<p>Face \u00e0 cette r\u00e9alit\u00e9, de nombreuses organisations se sont r\u00e9unies les derni\u00e8res semaines, au travers d\u2019une <b>initiative intitul\u00e9e <a href=\"https:\/\/helloquittex.com\/\">#HelloQuitteX<\/a><\/b>,<b> visant \u00e0 quitter collectivement X<\/b>. Des discussions similaires apparaissent \u00e9galement ces derniers jours concernant M\u00e9ta.<\/p>\n<p><b>Utopia 56 soutient cette initiative, mais n\u2019y participe pas pour le moment, pour les raisons suivantes: <\/b><\/p>\n<p>&nbsp;<\/p>\n<p><b><u>1. Utopia 56 a un r\u00f4le de lanceuse d\u2019alerte, lequel ne peut se faire sans ces plateformes de diffusion massive<\/u><\/b><\/p>\n<p>Depuis 2015 et la cr\u00e9ation de l\u2019association, nous n\u2019avons cess\u00e9 d\u2019alerter sur les conditions de non-accueil des personnes exil\u00e9es, que nous observons quotidiennement lors de nos actions de terrain. En rapportant nos observations, nos analyses et nos alertes, Utopia 56 ne se place pas uniquement en association d\u2019aide d\u2019urgence, mais aussi en actrice de la sensibilisation et de la mobilisation des citoyen\u00b7nes, afin de faire conna\u00eetre ces situations et de les faire cesser. Cet engagement prend notamment lieu sur les r\u00e9seaux sociaux, dont X, Instagram et Facebook.<\/p>\n<p>En octobre 2024, Utopia 56 alerte en un<a href=\"https:\/\/x.com\/Utopia_56\/status\/1849841732046786787\"> tweet<\/a> sur l\u2019abandon \u00e0 la rue par la ville de Paris d\u2019une jeune fille pr\u00e9sentant des risques suicidaires. Quelques heures plus tard, l\u2019adjointe \u00e0 la mairie de Paris nous informe avoir pris connaissance de notre alerte et avoir pris les dispositions pour mettre \u00e0 l\u2019abri cette jeune fille. Cet exemple \u00e0 lui seul nous prouve l\u2019importance de continuer notre r\u00f4le de lanceuse d\u2019alerte. Sans X et la pression m\u00e9diatique qu\u2019il cr\u00e9e, cette jeune fille serait rest\u00e9e sans solution, et notre alerte sans r\u00e9ponse.<\/p>\n<p>Par ailleurs, nous constatons que malgr\u00e9 une invisibilisation r\u00e9guli\u00e8re de nos contenus par les algorithmes, nos communications r\u00e9ussissent encore \u00e0 percer, permettant de mettre en lumi\u00e8re les graves dysfonctionnements de l\u2019\u00c9tat. La seule lutte perdue est celle que l\u2019on ne m\u00e8ne pas.<\/p>\n<p><b><u>2. Nous ne pouvons sciemment d\u00e9cider de d\u00e9serter le champ de bataille contre l\u2019extr\u00eame droite. <\/u><\/b><\/p>\n<p>L\u2019utopie d\u2019un r\u00e9seau d\u00e9centralis\u00e9 et d\u00e9mocratique de l\u2019information, gen\u00e8se d\u2019Internet, est morte dans l\u2019\u0153uf au lendemain de sa cr\u00e9ation. <a href=\"https:\/\/basta.media\/l-extreme-droite-a-gagne-la-bataille-sur-internet-faute-de-combattants-en-face\">Les forces politiques r\u00e9actionnaires et d\u2019extr\u00eames droites ont \u00e9t\u00e9 les premi\u00e8res \u00e0 s&#8217;emparer de cet outil <\/a>pour r\u00e9pandre leur propagande x\u00e9nophobe, discriminante et nationaliste. Cela ne date pas d\u2019hier.<\/p>\n<p>En quittant les r\u00e9seaux sociaux dits grand public, nous laisserions le champ libre aux influenceur\u00b7ses, aux politiques et militant\u00b7es d\u2019extr\u00eame droite, pour imposer leurs \u00e9l\u00e9ments de langage et fa\u00e7onner encore plus l\u2019opinion publique, au m\u00e9pris des droits fondamentaux. C\u2019est<a href=\"https:\/\/www.liberation.fr\/france\/2018\/02\/23\/le-plan-de-conquete-de-marechal-le-pen_1631991\/\"> le concept d\u2019h\u00e9g\u00e9monie culturelle d\u2019Antonio Gramsci, repris par Marion Mar\u00e9chal<\/a>, qui estime qu\u2019avant d\u2019\u00eatre \u00e9lectoral, le combat doit \u00eatre \u00ab m\u00e9tapolitique \u00bb. Alors que l\u2019influence des nationalismes se fait plus inqui\u00e9tante chaque jour, nous refusons d\u2019abandonner ce terrain de lutte essentiel.<\/p>\n<p><b><u>3. Si l\u2019on quitte X, ne devrions-nous pas quitter Facebook, Instagram, WhatsApp, TikTok ? <\/u><\/b><\/p>\n<p>L\u2019initiative #HelloQuitX est n\u00e9e apr\u00e8s l\u2019annonce de la prise de poste d\u2019Elon Musk au sein du gouvernement de Trump. Dans un premier temps, cette initiative nous a s\u00e9duite : quitter un r\u00e9seau largement d\u00e9cri\u00e9 pour ses biais racistes, x\u00e9nophobes et favorisants l\u2019\u00e9mergence de fake news, pour nous concentrer sur des r\u00e9seaux plus justes, nous a \u00e9videmment sembl\u00e9 sain.<\/p>\n<p>Mais les <a href=\"https:\/\/www.radiofrance.fr\/franceinter\/podcasts\/l-info-de-france-inter\/l-info-de-france-inter-7850271\">r\u00e9centes annonces de Mark Zuckerberg<\/a>, puis celle de l\u2019entreprise TikTok le weekend dernier, ont fini de nous convaincre qu\u2019aucune autre plateforme \u00e0 forte audience n\u2019\u00e9tait \u201cavec nous\u201d. Et nous le savions depuis des ann\u00e9es : notre travail d\u2019alerte d\u00e9pend du bon vouloir de quelques milliardaires que tout oppose \u00e0 nos valeurs. La tol\u00e9rance de ces plateformes envers les propos discriminants, stigmatisants et violents existe depuis leur cr\u00e9ation, l\u2019invisibilisation des luttes est constante et <a href=\"https:\/\/lejournal.cnrs.fr\/articles\/europe-des-reseaux-sociaux-sous-influence\">l\u2019ing\u00e9rence politique via ces canaux<\/a> n\u2019est pas nouvelle non plus.<\/p>\n<p>\u00c0 nos yeux, le probl\u00e8me se pose de la m\u00eame fa\u00e7on qu\u2019avec les m\u00e9dias fran\u00e7ais : comment continuer \u00e0 lancer nos alertes et \u00e0 informer le plus grand nombre, quand <a href=\"https:\/\/www.monde-diplomatique.fr\/cartes\/PPA#&amp;gid=1&amp;pid=1\">nos moyens de communication ext\u00e9rieurs sont poss\u00e9d\u00e9s par Bernard Arnault, Vincent Bollor\u00e9, Xavier Niel ou Vincent Lagard\u00e8re ? <\/a><\/p>\n<p>Nous nous retrouvons alors devant un dilemme : rester ou partir.<\/p>\n<p>Mais partir o\u00f9 ? Et en laissant qui derri\u00e8re nous ?<\/p>\n<p><b><u>4. Bluesky, Mastodon et le Fediverse ne constituent pas une alternative grand public<\/u><\/b><\/p>\n<p>\u00c0 ce jour, ni Bluesky ni l\u2019\u00e9cosyst\u00e8me Fediverse englobant Mastodon et PixelField ne poss\u00e8dent suffisamment d\u2019utilisateur\u00b7ices pour pr\u00e9tendre \u00e9galer la port\u00e9e des g\u00e9ants du net. Cantonn\u00e9s \u00e0 un effet de bulle militante, migrer d\u00e9finitivement de ces plateformes mainstream vers ces r\u00e9seaux alternatifs reviendrait \u00e0 reproduire un entre-soi, lequel irait \u00e0 l\u2019encontre total de notre objectif de sensibilisation du grand public.<\/p>\n<p>Rappelons-nous du r\u00e9cent exemple de la perc\u00e9e m\u00e9diatique de Jordan Bardella sur Tiktok. Sur cette plateforme inexploit\u00e9e par la gauche, le pr\u00e9sident du Rassemblement National a pu largement exercer son influence sur une frange de la population dont la principale source d\u2019information est cette plateforme chinoise. En n\u2019\u00e9tant pas l\u00e0 o\u00f9 l\u2019extr\u00eame droite se trouve, nous lui avons laiss\u00e9 le champ libre.<\/p>\n<p><b><u>5. Nous soutenons n\u00e9anmoins cette initiative, et nous multiplions notre pr\u00e9sence sur diff\u00e9rents r\u00e9seaux. <\/u><\/b><\/p>\n<p>Si nous soutenons toutes les initiatives visant \u00e0 quitter les plateformes X et celles d\u00e9tenues par M\u00e9ta, Utopia 56 continuera, pour le moment, d\u2019y partager ses alertes et appels \u00e0 mobilisation citoyenne.<\/p>\n<p>Nous avons la conviction que notre pr\u00e9sence y reste essentielle, conservant un impact significatif, notamment gr\u00e2ce \u00e0 l\u2019\u00e9cho et au relais que nos publications suscitent, et ce, malgr\u00e9 les nombreuses d\u00e9rives associ\u00e9es \u00e0 ces outils et ce qu\u2019ils repr\u00e9sentent.<\/p>\n<p>Dans l\u2019attente de jours meilleurs ailleurs, nous continuons notre r\u00f4le de lanceur d\u2019alerte, n\u2019en d\u00e9plaise au minist\u00e8re de l\u2019Int\u00e9rieur et \u00e0 l\u2019ensemble de nos d\u00e9tracteur\u00b7ices. En attendant, nous r\u00e9affirmons notre engagement ind\u00e9fectible aux c\u00f4t\u00e9s de toutes les personnes victimes de violences et de discriminations.<\/p>\n<p>Il nous appara\u00eet aujourd\u2019hui crucial de continuer \u00e0 d\u00e9fendre les valeurs que nous portons pour un accueil digne et solidaire et un respect inconditionnel des droits humains. Pour ce faire, nous continuerons de nous adresser au plus grand nombre, \u00e0 tout\u00b7es celles et ceux qui n\u2019en partiront pas, en restant sur ces plateformes toxiques.<\/p>\n<p>Plut\u00f4t que de partir, nous faisons le choix de multiplier notre audience. <span style=\"color: var(--awb-text-color); font-family: var(--awb-text-font-family); font-size: var(--awb-font-size); font-style: var(--awb-text-font-style); letter-spacing: var(--awb-letter-spacing); text-align: var(--awb-content-alignment); text-transform: var(--awb-text-transform); background-color: var(--awb-bg-color);\"><b>Retrouvez-nous d\u00e8s maintenant sur Bluesky. <\/b><\/span><\/p>\n<p><span style=\"color: var(--awb-text-color); font-family: var(--awb-text-font-family); font-size: var(--awb-font-size); font-style: var(--awb-text-font-style); letter-spacing: var(--awb-letter-spacing); text-align: var(--awb-content-alignment); text-transform: var(--awb-text-transform); background-color: var(--awb-bg-color);\"><b>\u00a0<\/b><\/span><\/p>\n<\/div><\/div><\/div><\/div><\/div><div class=\"fusion-fullwidth fullwidth-box fusion-builder-row-2 fusion-flex-container has-pattern-background has-mask-background nonhundred-percent-fullwidth non-hundred-percent-height-scrolling\" style=\"--awb-border-radius-top-left:0px;--awb-border-radius-top-right:0px;--awb-border-radius-bottom-right:0px;--awb-border-radius-bottom-left:0px;--awb-flex-wrap:wrap;\" ><div class=\"fusion-builder-row fusion-row fusion-flex-align-items-flex-start fusion-flex-content-wrap\" style=\"max-width:1248px;margin-left: calc(-4% \/ 2 );margin-right: calc(-4% \/ 2 );\"><div class=\"fusion-layout-column fusion_builder_column fusion-builder-column-1 fusion_builder_column_1_1 1_1 fusion-flex-column\" style=\"--awb-bg-size:cover;--awb-width-large:100%;--awb-margin-top-large:0px;--awb-spacing-right-large:1.92%;--awb-margin-bottom-large:20px;--awb-spacing-left-large:1.92%;--awb-width-medium:100%;--awb-order-medium:0;--awb-spacing-right-medium:1.92%;--awb-spacing-left-medium:1.92%;--awb-width-small:100%;--awb-order-small:0;--awb-spacing-right-small:1.92%;--awb-spacing-left-small:1.92%;\"><div class=\"fusion-column-wrapper fusion-column-has-shadow fusion-flex-justify-content-flex-start fusion-content-layout-column\"><div style=\"text-align:center;\"><a class=\"fusion-button button-flat fusion-button-default-size button-custom fusion-button-default button-1 fusion-button-default-span fusion-button-default-type\" style=\"--button_accent_color:var(--awb-color1);--button_accent_hover_color:var(--awb-color5);--button_border_hover_color:var(--awb-color5);--button_border_width-top:0;--button_border_width-right:0;--button_border_width-bottom:0;--button_border_width-left:0;--button_gradient_top_color:var(--awb-color5);--button_gradient_bottom_color:var(--awb-color5);--button_gradient_top_color_hover:var(--awb-color1);--button_gradient_bottom_color_hover:var(--awb-color1);--button_text_transform:uppercase;--button_typography-font-family:&quot;ITC Avant Garde Gothic Book Regular&quot;;--button_typography-font-style:normal;--button_typography-font-weight:400;--button_margin-top:5px;--button_margin-right:5px;--button_margin-bottom:5px;--button_margin-left:5px;\" target=\"_self\" href=\"https:\/\/bsky.app\/profile\/did:plc:hi7qvkm7djxgmtxd7uipzrvi\"><span class=\"fusion-button-text awb-button__text awb-button__text--default\">NOUS REJOINDRE SUR BLUESKY<\/span><\/a><\/div><\/div><\/div><\/div><\/div><\/p>\n","protected":false},"excerpt":{"rendered":"","protected":false},"author":1,"featured_media":27897,"comment_status":"closed","ping_status":"open","sticky":false,"template":"","format":"standard","meta":{"footnotes":""},"categories":[6],"tags":[],"class_list":["post-27892","post","type-post","status-publish","format-standard","has-post-thumbnail","hentry","category-communique"],"_links":{"self":[{"href":"http:\/\/test.utopia56.org\/index.php\/wp-json\/wp\/v2\/posts\/27892","targetHints":{"allow":["GET"]}}],"collection":[{"href":"http:\/\/test.utopia56.org\/index.php\/wp-json\/wp\/v2\/posts"}],"about":[{"href":"http:\/\/test.utopia56.org\/index.php\/wp-json\/wp\/v2\/types\/post"}],"author":[{"embeddable":true,"href":"http:\/\/test.utopia56.org\/index.php\/wp-json\/wp\/v2\/users\/1"}],"replies":[{"embeddable":true,"href":"http:\/\/test.utopia56.org\/index.php\/wp-json\/wp\/v2\/comments?post=27892"}],"version-history":[{"count":0,"href":"http:\/\/test.utopia56.org\/index.php\/wp-json\/wp\/v2\/posts\/27892\/revisions"}],"wp:featuredmedia":[{"embeddable":true,"href":"http:\/\/test.utopia56.org\/index.php\/wp-json\/"}],"wp:attachment":[{"href":"http:\/\/test.utopia56.org\/index.php\/wp-json\/wp\/v2\/media?parent=27892"}],"wp:term":[{"taxonomy":"category","embeddable":true,"href":"http:\/\/test.utopia56.org\/index.php\/wp-json\/wp\/v2\/categories?post=27892"},{"taxonomy":"post_tag","embeddable":true,"href":"http:\/\/test.utopia56.org\/index.php\/wp-json\/wp\/v2\/tags?post=27892"}],"curies":[{"name":"wp","href":"https:\/\/api.w.org\/{rel}","templated":true}]}}