{"id":27779,"date":"2025-01-21T11:49:32","date_gmt":"2025-01-21T10:49:32","guid":{"rendered":"https:\/\/utopia56.org\/?p=27779"},"modified":"2025-01-21T11:49:32","modified_gmt":"2025-01-21T10:49:32","slug":"lettre-ouverte-aux-maires-des-communes-de-la-metropole-europeenne-de-lille","status":"publish","type":"post","link":"http:\/\/test.utopia56.org\/index.php\/2025\/01\/21\/lettre-ouverte-aux-maires-des-communes-de-la-metropole-europeenne-de-lille\/","title":{"rendered":"Lettre ouverte aux maires des communes de la M\u00e9tropole Europ\u00e9enne de Lille"},"content":{"rendered":"<p><b>UN H\u00c9BERGEMENT DIGNE POUR LES JEUNES EXIL\u00c9\u00b7ES MINEUR\u00b7ES \u00c0 LA RUE<\/b><\/p>\n<p>&nbsp;<\/p>\n<p><span style=\"font-weight: 400;\">Mesdames et Messieurs les Maires des communes de la M\u00e9tropole de Lille,<\/span><\/p>\n<p><span style=\"font-weight: 400;\"><br \/>\n<\/span> <span style=\"font-weight: 400;\">En juin 2024, nous vous avons interpell\u00e9s via une lettre ouverte adress\u00e9e \u00e0 l\u2019ensemble des maires de la MEL.<\/span><\/p>\n<p><span style=\"font-weight: 400;\">Cette lettre ouverte portait sur la situation des mineurs exil\u00e9s survivant sur un campement situ\u00e9 aux Bois Blancs \u00e0 Lille. Elle expliquait les raisons de cette situation, \u00e0 savoir que, suite au refus de reconnaissance de minorit\u00e9 par les services du D\u00e9partement, ces jeunes exil\u00e9s engageaient un recours aupr\u00e8s du juge des enfants, une proc\u00e9dure qui dure en moyenne sept mois. Elle rappelait que, durant ce recours, ils sont exclus de tout dispositif de droit commun, notamment en mati\u00e8re d\u2019h\u00e9bergement et d\u2019accompagnement social, l\u2019\u00c9tat ne les consid\u00e9rant pas non plus comme majeurs.<\/span><\/p>\n<p><span style=\"font-weight: 400;\">Apr\u00e8s plusieurs actions port\u00e9es par le Collectif des jeunes en recours des Bois Blancs soutenus par le Collectif des habitant\u00b7es solidaires et indign\u00e9\u00b7es du quartier, Utopia 56 et de nombreuses associations, 52 jeunes ont enfin pu \u00eatre h\u00e9berg\u00e9s fin novembre en foyer ou Centre d\u2019Accueil et d\u2019Examen des Situations, et ce, jusqu\u2019\u00e0 la fin de leur proc\u00e9dure.<\/span><\/p>\n<p><span style=\"font-weight: 400;\">Cette avanc\u00e9e a permis de mettre fin au campement.<\/span><\/p>\n<p><span style=\"font-weight: 400;\">Cependant, en l\u2019absence d\u2019application de la pr\u00e9somption de minorit\u00e9 en France, des mineurs non accompagn\u00e9s en recours continuent d\u2019\u00eatre laiss\u00e9s \u00e0 la rue chaque semaine par les services du D\u00e9partement. Cela risque de conduire \u00e0 l\u2019installation imminente d\u2019un nouveau campement, les h\u00e9bergements solidaires et paroissiaux \u00e9tant proches de leur capacit\u00e9 maximale d\u2019accueil et n\u2019\u00e9tant qu\u2019une solution temporaire d\u2019extr\u00eame urgence.<\/span><\/p>\n<p><span style=\"font-weight: 400;\"><br \/>\n<\/span><span style=\"font-weight: 400;\">Monsieur le Pr\u00e9sident de la MEL avait \u00e9galement \u00e9t\u00e9 saisi afin qu\u2019il s\u2019implique dans la recherche collective et institutionnelle de solutions. \u00c0 ce jour, il n\u2019a manifest\u00e9 aucune volont\u00e9\u00a0 visible de prendre en consid\u00e9ration cette situation.<\/span><\/p>\n<p><span style=\"font-weight: 400;\">Dans ce nouveau contexte, une nouvelle interpellation vient de lui \u00eatre envoy\u00e9e le 04\/01\/2025, car ce n\u2019est pas \u00e0 la seule ville de Lille de porter cette situation.<\/span><\/p>\n<p><span style=\"font-weight: 400;\">Vous, maires des communes de la MEL, m\u00eame si l\u2019h\u00e9bergement d\u2019urgence ne rel\u00e8ve pas de votre\u00a0 comp\u00e9tence, et m\u00eame si ces jeunes ne dorment pas dans un campement dans votre ville ou village, ne pouvez rester insensibles \u00e0 la situation de ces jeunes isol\u00e9\u00b7es \u00e0 la rue, par tous les temps, \u00e0 proximit\u00e9 de chez vous.\u00a0\u00a0<\/span><\/p>\n<p><span style=\"font-weight: 400;\">Le Comit\u00e9 des droits de l\u2019enfant de l\u2019ONU a, \u00e0 plusieurs reprises, point\u00e9 du doigt les manquements de l\u2019\u00c9tat fran\u00e7ais, en mati\u00e8re de protection de l\u2019enfance pour les exil\u00e9\u00b7e\u00b7s et a demand\u00e9 \u00e0 la France d\u2019aligner la proc\u00e9dure de d\u00e9termination de l\u2019\u00e2ge sur la pr\u00e9somption de minorit\u00e9.<\/span><\/p>\n<p><span style=\"font-weight: 400;\">Vous ne pouvez laisser aux seules associations et citoyen\u00b7ne\u00b7s la charge d\u2019apporter un abri d\u00e9cent et un accompagnement humain \u00e0 ces jeunes g\u00e9n\u00e9ralement d\u00e9j\u00e0 \u00e9prouv\u00e9s par la vie. Le respect des trait\u00e9s internationaux ne peut pas reposer uniquement sur la mobilisation citoyenne.<\/span><\/p>\n<p><span style=\"font-weight: 400;\">Nous faisons appel \u00e0 votre sens des responsabilit\u00e9s, \u00e0 votre sens de la solidarit\u00e9 et de l\u2019hospitalit\u00e9 au sein de la MEL, pour porter et d\u00e9fendre cette probl\u00e9matique aupr\u00e8s des instances dont c\u2019est la comp\u00e9tence : la Pr\u00e9fecture et le D\u00e9partement.<\/span><\/p>\n<p><span style=\"font-weight: 400;\">Nous vous demandons, qu\u2019\u00e0 d\u00e9faut, la MEL se positionne en faveur d\u2019une prise en charge collective de l\u2019accueil, <\/span><span style=\"font-weight: 400;\">et qu&#8217;elle plaide pour des concertations r\u00e9guli\u00e8res avec les institutions mentionn\u00e9es, le collectif des jeunes et Utopia 56, pour que des solutions p\u00e9rennes soient mises en place<\/span><span style=\"font-weight: 400;\">.<\/span><\/p>\n<p><span style=\"font-weight: 400;\">\u00c0 l\u2019instar de certaines agglom\u00e9rations et de certaines villes, qui ont su mettre en place des dispositifs d\u2019accueil pour les mineur\u00b7e\u00b7s en recours, vous pouvez montrer \u00e0 vos concitoyen\u00b7ne\u00b7s que vous \u00eates, au sein de la MEL, capables de contribuer \u00e0 une r\u00e9ponse humaine et solidaire \u00e0 cette situation indigne v\u00e9cue par des enfants.\u00a0<\/span><\/p>\n<p><span style=\"font-weight: 400;\">Esp\u00e9rant \u00eatre entendu\u00b7e\u00b7s, nous sommes dispos\u00e9\u00b7e\u00b7s \u00e0 vous rencontrer si vous le souhaitez pour \u00e9changer plus en d\u00e9tail de la situation et discuter des possibilit\u00e9s.<\/span><\/p>\n<p>&nbsp;<\/p>\n<p><span style=\"font-weight: 400;\">L\u2019\u00e9quipe d\u2019Utopia 56 Lille,<\/span><\/p>\n<p><span style=\"font-weight: 400;\">avec le soutien des associations et organisations signataires.<\/span><\/p>\n","protected":false},"excerpt":{"rendered":"<p>UN H\u00c9BERGEMENT DIGNE POUR LES JEUNES EXIL\u00c9\u00b7ES MINEUR\u00b7ES \u00c0 LA  [&#8230;]<\/p>\n","protected":false},"author":1,"featured_media":27780,"comment_status":"closed","ping_status":"open","sticky":false,"template":"","format":"standard","meta":{"footnotes":""},"categories":[6,13,1],"tags":[],"class_list":["post-27779","post","type-post","status-publish","format-standard","has-post-thumbnail","hentry","category-communique","category-lille","category-non-classe"],"_links":{"self":[{"href":"http:\/\/test.utopia56.org\/index.php\/wp-json\/wp\/v2\/posts\/27779","targetHints":{"allow":["GET"]}}],"collection":[{"href":"http:\/\/test.utopia56.org\/index.php\/wp-json\/wp\/v2\/posts"}],"about":[{"href":"http:\/\/test.utopia56.org\/index.php\/wp-json\/wp\/v2\/types\/post"}],"author":[{"embeddable":true,"href":"http:\/\/test.utopia56.org\/index.php\/wp-json\/wp\/v2\/users\/1"}],"replies":[{"embeddable":true,"href":"http:\/\/test.utopia56.org\/index.php\/wp-json\/wp\/v2\/comments?post=27779"}],"version-history":[{"count":0,"href":"http:\/\/test.utopia56.org\/index.php\/wp-json\/wp\/v2\/posts\/27779\/revisions"}],"wp:featuredmedia":[{"embeddable":true,"href":"http:\/\/test.utopia56.org\/index.php\/wp-json\/"}],"wp:attachment":[{"href":"http:\/\/test.utopia56.org\/index.php\/wp-json\/wp\/v2\/media?parent=27779"}],"wp:term":[{"taxonomy":"category","embeddable":true,"href":"http:\/\/test.utopia56.org\/index.php\/wp-json\/wp\/v2\/categories?post=27779"},{"taxonomy":"post_tag","embeddable":true,"href":"http:\/\/test.utopia56.org\/index.php\/wp-json\/wp\/v2\/tags?post=27779"}],"curies":[{"name":"wp","href":"https:\/\/api.w.org\/{rel}","templated":true}]}}