{"id":27738,"date":"2025-01-08T11:19:41","date_gmt":"2025-01-08T10:19:41","guid":{"rendered":"https:\/\/utopia56.org\/?p=27738"},"modified":"2025-01-08T11:19:41","modified_gmt":"2025-01-08T10:19:41","slug":"festival-utopia-56-contre-ces-murs-et-ces-frontieres-11-12-janvier-2025","status":"publish","type":"post","link":"http:\/\/test.utopia56.org\/index.php\/2025\/01\/08\/festival-utopia-56-contre-ces-murs-et-ces-frontieres-11-12-janvier-2025\/","title":{"rendered":"Festival Utopia 56 &#8220;Contre ces murs et ces fronti\u00e8res&#8221; &#8211; 11 &#038; 12 janvier 2025"},"content":{"rendered":"<p>Pour bien commencer cette nouvelle ann\u00e9e, <strong>Utopia 56 vous invite \u00e0 son tout premier festival !\u00a0<\/strong><\/p>\n<p>L&#8217;\u00e9v\u00e9nement aura lieu\u00a0<strong>le weekend du\u00a0 11 &amp; 12 janvier<\/strong>\u00a0<strong>au<\/strong>\u00a0<strong>Point \u00c9ph\u00e9m\u00e8re \u00e0 Paris<\/strong>.<\/p>\n<p>&nbsp;<\/p>\n<p><strong>Tout au long du weekend,<\/strong>\u00a0<strong>en acc\u00e8s libre<\/strong>\u00a0d\u00e8s 13h00, il y aura des\u00a0<strong>expositions photos<\/strong>, des\u00a0<strong>projections-d\u00e9bats<\/strong>, une\u00a0<strong>tombola<\/strong>, des stands de\u00a0<strong>tatouages<\/strong>\u00a0et de\u00a0<strong>strass dentaire<\/strong>\u00a0ainsi que des\u00a0<strong>concerts acoustiques<\/strong>.<\/p>\n<p>&nbsp;<\/p>\n<p>Des tables rondes sont organis\u00e9es :<\/p>\n<p>&nbsp;<\/p>\n<ul>\n<li><strong>le samedi apr\u00e8s-midi \u00e0 15h00 sur<\/strong>\u00a0\u201c<i><strong>La libert\u00e9 de circulation<\/strong><\/i>\u201d avec Violaine Carr\u00e8re du Gisti, Sara Casella Colombeau de Migreurop et Nikolai Posner, membre du CA d\u2019Utopia 56,<\/li>\n<\/ul>\n<p>&nbsp;<\/p>\n<ul>\n<li><strong>le dimanche apr\u00e8s-midi \u00e0 14h30 sur<\/strong>\u00a0<strong>\u201c<\/strong><i><strong>Genre, violences et migration<\/strong><\/i><strong>\u201d\u00a0<\/strong>anim\u00e9e par<strong>\u00a0Victoire Tuaillon<\/strong>\u00a0(journaliste et autrice f\u00e9ministe) avec en intervenantes,\u00a0<strong>Elsa Tyszler<\/strong>\u00a0(chercheuse sur les contr\u00f4les aux fronti\u00e8res),\u00a0<strong>Nina Sahraoui<\/strong>\u00a0(chercheuse sp\u00e9cialis\u00e9e dans les migrations et les genres) et\u00a0<strong>C\u00e9cile Allegra<\/strong>\u00a0(sc\u00e9nariste et r\u00e9alisatrice du documentaire \u201cLe Chant des vivants\u201d).<\/li>\n<\/ul>\n<p>&nbsp;<\/p>\n<p><strong>Le dimanche \u00e0 partir de 20h20, Lullia du studio de danse S.W.A.G*<\/strong>\u00a0sera pr\u00e9sente pour animer un atelier et mettre l&#8217;ambiance avant les concerts du jour.\u00a0<i>Pensez \u00e0 r\u00e9server votre place en prenant votre\u00a0<\/i><a href=\"https:\/\/2k2yu.r.a.d.sendibm1.com\/mk\/cl\/f\/sh\/WCPzyXJTZ7Xt0JcHvZIMPORZZupJpOL3\/9Z5m5DISjV-F\" target=\"_blank\" rel=\"noopener\" data-saferedirecturl=\"https:\/\/www.google.com\/url?q=https:\/\/2k2yu.r.a.d.sendibm1.com\/mk\/cl\/f\/sh\/WCPzyXJTZ7Xt0JcHvZIMPORZZupJpOL3\/9Z5m5DISjV-F&amp;source=gmail&amp;ust=1736362387975000&amp;usg=AOvVaw25G0nPn05-l8aci7QFwM3e\"><i><u>billet pour la soir\u00e9e<\/u><\/i><\/a><i>\u00a0(concerts du dimanche inclus).\u00a0<\/i><\/p>\n<p>&nbsp;<\/p>\n<p><strong>Des concerts sont pr\u00e9vus en salle d&#8217;exposition d\u00e8s 18h en acc\u00e8s libre<\/strong> :<\/p>\n<ul>\n<li>le samedi, un univers po\u00e9tique et onirique avec <strong>Opaline<\/strong>, puis un changement d&#8217;ambiance avec l&#8217;artiste d&#8217;influence rap, punk et \u00e9lectro,<strong> B\u00e9b\u00e9l\u00e9o<\/strong><\/li>\n<\/ul>\n<p>&nbsp;<\/p>\n<ul>\n<li>le dimanche, des chansons fr\u00e9n\u00e9tiques et lumineuses par <strong>Paul Roman<\/strong>, et une n\u00e9o-vari\u00e9t\u00e9 intime et nostalgique avec <strong>Simon Beigelman<\/strong><\/li>\n<\/ul>\n<p>&nbsp;<\/p>\n<p><strong>Et rendez-vous d\u00e8s 21h00 dans la salle de concert,<\/strong> avec <strong>The Odds <\/strong>puis <strong>Bagarre<\/strong> le samedi, et<strong> Claudie <\/strong>suivi de<strong> St Graal <\/strong>le dimanche ! (<a href=\"https:\/\/dice.fm\/partner\/point-ephemere\/event\/bbpamm-claudie-x-st-graal-x-swag-festival-utopia-56-1201-12th-jan-point-ephmre-paris-tickets?dice_id=4719909&amp;dice_channel=web&amp;dice_tags=organic&amp;dice_campaign=POINT+EPHEMERE&amp;dice_feature=mio_marketing&amp;_branch_match_id=1354394740836332667&amp;utm_source=web&amp;utm_campaign=POINT+EPHEMERE&amp;utm_medium=mio_marketing&amp;_branch_referrer=H4sIAAAAAAAAA8soKSkottLXz8nMy9ZLyUxO1UvL1Q9KMkgxNbEwSEkzMbGvK0pNSy0qysxLj08qyi8vTi2ydc4oys9NBQBdl4e2OwAAAA%3D%3D\"><em>pensez \u00e0 prendre vos places <\/em>&#8211; complet le samedi<\/a>). Et DJ sets pour finir ensemble les soir\u00e9es.<\/p>\n<p>&nbsp;<\/p>\n<p>Nous sommes fier\u2e31es de pouvoir proposer\u00a0<strong>ce temps festif qui fait partie int\u00e9grante de la mobilisation<\/strong>\u00a0dans le contexte actuel. Nous travaillons sur cette id\u00e9e depuis longtemps et le projet a pris forme ces derniers mois.<\/p>\n<p>&nbsp;<\/p>\n<p>Ce moment a pour objectif de sensibiliser le grand public \u00e0 la question de l\u2019accueil, en proposant de se rassembler autrement pour continuer de r\u00e9fl\u00e9chir ensemble.<\/p>\n<p><strong>Parlez-en autour de vous, retrouvez toutes les informations sur nos r\u00e9seaux\u00a0<\/strong><\/p>\n<p><strong>on se retrouve tr\u00e8s vite !<\/strong><\/p>\n<p>&nbsp;<\/p>\n<p><em>Les entr\u00e9es des concerts et de l&#8217;atelier danse sont \u00e0 15\u20ac, le reste est gratuit. Une partie de l\u2019argent r\u00e9colt\u00e9 reviendra \u00e0 Utopia 56. La salle nous est pr\u00eat\u00e9e gratuitement et les artistes jouent b\u00e9n\u00e9volement.<\/em><\/p>\n<p>&nbsp;<\/p>\n<p><img decoding=\"async\" class=\"alignnone size-medium wp-image-27739\" src=\"https:\/\/utopia56.org\/wp-content\/uploads\/2025\/01\/WhatsApp-Image-2025-01-08-at-11.15.03-268x300.jpeg\" alt=\"\" width=\"268\" height=\"300\" \/><\/p>\n","protected":false},"excerpt":{"rendered":"<p>Pour bien commencer cette nouvelle ann\u00e9e, Utopia 56 vous invite  [&#8230;]<\/p>\n","protected":false},"author":1,"featured_media":27739,"comment_status":"closed","ping_status":"open","sticky":false,"template":"","format":"standard","meta":{"footnotes":""},"categories":[18,17,7],"tags":[],"class_list":["post-27738","post","type-post","status-publish","format-standard","has-post-thumbnail","hentry","category-article","category-manifestation","category-paris"],"_links":{"self":[{"href":"http:\/\/test.utopia56.org\/index.php\/wp-json\/wp\/v2\/posts\/27738","targetHints":{"allow":["GET"]}}],"collection":[{"href":"http:\/\/test.utopia56.org\/index.php\/wp-json\/wp\/v2\/posts"}],"about":[{"href":"http:\/\/test.utopia56.org\/index.php\/wp-json\/wp\/v2\/types\/post"}],"author":[{"embeddable":true,"href":"http:\/\/test.utopia56.org\/index.php\/wp-json\/wp\/v2\/users\/1"}],"replies":[{"embeddable":true,"href":"http:\/\/test.utopia56.org\/index.php\/wp-json\/wp\/v2\/comments?post=27738"}],"version-history":[{"count":0,"href":"http:\/\/test.utopia56.org\/index.php\/wp-json\/wp\/v2\/posts\/27738\/revisions"}],"wp:featuredmedia":[{"embeddable":true,"href":"http:\/\/test.utopia56.org\/index.php\/wp-json\/"}],"wp:attachment":[{"href":"http:\/\/test.utopia56.org\/index.php\/wp-json\/wp\/v2\/media?parent=27738"}],"wp:term":[{"taxonomy":"category","embeddable":true,"href":"http:\/\/test.utopia56.org\/index.php\/wp-json\/wp\/v2\/categories?post=27738"},{"taxonomy":"post_tag","embeddable":true,"href":"http:\/\/test.utopia56.org\/index.php\/wp-json\/wp\/v2\/tags?post=27738"}],"curies":[{"name":"wp","href":"https:\/\/api.w.org\/{rel}","templated":true}]}}