{"id":27734,"date":"2025-01-07T18:20:55","date_gmt":"2025-01-07T17:20:55","guid":{"rendered":"https:\/\/utopia56.org\/?p=27734"},"modified":"2025-01-07T18:20:55","modified_gmt":"2025-01-07T17:20:55","slug":"signataires-de-la-tribune-pour-la-marche-du-11-01-contre-les-politiques-mortiferes-a-la-frontiere-franco-britannique","status":"publish","type":"post","link":"http:\/\/test.utopia56.org\/index.php\/2025\/01\/07\/signataires-de-la-tribune-pour-la-marche-du-11-01-contre-les-politiques-mortiferes-a-la-frontiere-franco-britannique\/","title":{"rendered":"Signataires de la tribune pour la Marche du 11\/01 contre les politiques mortif\u00e8res \u00e0 la fronti\u00e8re franco-britannique"},"content":{"rendered":"<table>\n<tbody>\n<tr>\n<td><span style=\"font-weight: 400;\">Nom<\/span><\/td>\n<td><span style=\"font-weight: 400;\">Pr\u00e9nom<\/span><\/td>\n<td><span style=\"font-weight: 400;\">Fonction \/ M\u00e9tier<\/span><\/td>\n<td><span style=\"font-weight: 400;\">Organisation<\/span><\/td>\n<\/tr>\n<tr>\n<td><span style=\"font-weight: 400;\">Abomangoli<\/span><\/td>\n<td><span style=\"font-weight: 400;\">Nadege<\/span><\/td>\n<td><span style=\"font-weight: 400;\">D\u00e9put\u00e9e de la Seine-Saint-Denis<\/span><\/td>\n<td><span style=\"font-weight: 400;\">La France Insoumise &#8211; NFP<\/span><\/td>\n<\/tr>\n<tr>\n<td><span style=\"font-weight: 400;\">Amard<\/span><\/td>\n<td><span style=\"font-weight: 400;\">Gabriel<\/span><\/td>\n<td><span style=\"font-weight: 400;\">D\u00e9put\u00e9 du Rh\u00f4ne<\/span><\/td>\n<td><span style=\"font-weight: 400;\">La France insoumise<\/span><\/td>\n<\/tr>\n<tr>\n<td><span style=\"font-weight: 400;\">Amieux<\/span><\/td>\n<td><span style=\"font-weight: 400;\">Virginie<\/span><\/td>\n<td><span style=\"font-weight: 400;\">Pr\u00e9sidente<\/span><\/td>\n<td><span style=\"font-weight: 400;\">CCFD-Terre solidaire<\/span><\/td>\n<\/tr>\n<tr>\n<td><span style=\"font-weight: 400;\">Amilhat Szary<\/span><\/td>\n<td><span style=\"font-weight: 400;\">Anne-Laure<\/span><\/td>\n<td><span style=\"font-weight: 400;\">g\u00e9ographe<\/span><\/td>\n<td><span style=\"font-weight: 400;\">Universit\u00e9 Grenoble Alpes<\/span><\/td>\n<\/tr>\n<tr>\n<td><span style=\"font-weight: 400;\">Amiot<\/span><\/td>\n<td><span style=\"font-weight: 400;\">S\u00e9gol\u00e8ne<\/span><\/td>\n<td><span style=\"font-weight: 400;\">D\u00e9put\u00e9e de Loire-Atlantique<\/span><\/td>\n<td><span style=\"font-weight: 400;\">La France Insoumise &#8211; NFP<\/span><\/td>\n<\/tr>\n<tr>\n<td><span style=\"font-weight: 400;\">Arenas<\/span><\/td>\n<td><span style=\"font-weight: 400;\">Rodrigo<\/span><\/td>\n<td><span style=\"font-weight: 400;\">D\u00e9put\u00e9 de Paris<\/span><\/td>\n<td><span style=\"font-weight: 400;\">La France Insoumise &#8211; NFP<\/span><\/td>\n<\/tr>\n<tr>\n<td><span style=\"font-weight: 400;\">Arlaud<\/span><\/td>\n<td><span style=\"font-weight: 400;\">Swann<\/span><\/td>\n<td><span style=\"font-weight: 400;\">Acteur<\/span><\/td>\n<td><\/td>\n<\/tr>\n<tr>\n<td><span style=\"font-weight: 400;\">Belin<\/span><\/td>\n<td><span style=\"font-weight: 400;\">Bertrand<\/span><\/td>\n<td><span style=\"font-weight: 400;\">Chanteur<\/span><\/td>\n<td><span style=\"font-weight: 400;\">Artiste<\/span><\/td>\n<\/tr>\n<tr>\n<td><span style=\"font-weight: 400;\">Belouassa Cherifi<\/span><\/td>\n<td><span style=\"font-weight: 400;\">Ana\u00efs<\/span><\/td>\n<td><span style=\"font-weight: 400;\">D\u00e9put\u00e9e du Rh\u00f4ne<\/span><\/td>\n<td><span style=\"font-weight: 400;\">La France insoumise<\/span><\/td>\n<\/tr>\n<tr>\n<td><span style=\"font-weight: 400;\">Bernalicis<\/span><\/td>\n<td><span style=\"font-weight: 400;\">Ugo<\/span><\/td>\n<td><span style=\"font-weight: 400;\">D\u00e9put\u00e9 du Nord<\/span><\/td>\n<td><span style=\"font-weight: 400;\">La France insoumise &#8211; NFP<\/span><\/td>\n<\/tr>\n<tr>\n<td><span style=\"font-weight: 400;\">Bex<\/span><\/td>\n<td><span style=\"font-weight: 400;\">Christophe<\/span><\/td>\n<td><span style=\"font-weight: 400;\">D\u00e9put\u00e9 de la Haute-Garonne<\/span><\/td>\n<td><span style=\"font-weight: 400;\">La France insoumise &#8211; NFP<\/span><\/td>\n<\/tr>\n<tr>\n<td><span style=\"font-weight: 400;\">Beyaert<\/span><\/td>\n<td><span style=\"font-weight: 400;\">Martial<\/span><\/td>\n<td><span style=\"font-weight: 400;\">Maire de Grande-Synthe<\/span><\/td>\n<td><span style=\"font-weight: 400;\">Parti Socialiste<\/span><\/td>\n<\/tr>\n<tr>\n<td><span style=\"font-weight: 400;\">Bigorgne<\/span><\/td>\n<td><span style=\"font-weight: 400;\">Jean-Pierre<\/span><\/td>\n<td><span style=\"font-weight: 400;\">Pr\u00e9sident<\/span><\/td>\n<td><span style=\"font-weight: 400;\">Droit d&#8217;Asile Quimper Cornouaille<\/span><\/td>\n<\/tr>\n<tr>\n<td><span style=\"font-weight: 400;\">Bilongo<\/span><\/td>\n<td><span style=\"font-weight: 400;\">Carlos Martens<\/span><\/td>\n<td><span style=\"font-weight: 400;\">D\u00e9put\u00e9 du Val-d&#8217;Oise<\/span><\/td>\n<td><span style=\"font-weight: 400;\">La France Insoumise &#8211; NFP<\/span><\/td>\n<\/tr>\n<tr>\n<td><span style=\"font-weight: 400;\">Blond\u00e9<\/span><\/td>\n<td><span style=\"font-weight: 400;\">Christel<\/span><\/td>\n<td><span style=\"font-weight: 400;\">B\u00e9n\u00e9vole<\/span><\/td>\n<td><span style=\"font-weight: 400;\">F\u00e9d\u00e9ration Etorkinekin Diakit\u00e9<\/span><\/td>\n<\/tr>\n<tr>\n<td><span style=\"font-weight: 400;\">Bonfanti<\/span><\/td>\n<td><span style=\"font-weight: 400;\">Eve<\/span><\/td>\n<td><span style=\"font-weight: 400;\">actrice et metteuse-en-sc\u00e8ne<\/span><\/td>\n<td><span style=\"font-weight: 400;\">Artiste<\/span><\/td>\n<\/tr>\n<tr>\n<td><span style=\"font-weight: 400;\">Bonnet<\/span><\/td>\n<td><span style=\"font-weight: 400;\">Nicolas<\/span><\/td>\n<td><span style=\"font-weight: 400;\">D\u00e9put\u00e9 du Puy-de-D\u00f4me<\/span><\/td>\n<td><span style=\"font-weight: 400;\">Les Ecologistes &#8211; EELV<\/span><\/td>\n<\/tr>\n<tr>\n<td><span style=\"font-weight: 400;\">Boumediene-Thiery<\/span><\/td>\n<td><span style=\"font-weight: 400;\">Alima<\/span><\/td>\n<td><span style=\"font-weight: 400;\">avocate<\/span><\/td>\n<td><span style=\"font-weight: 400;\">FEMMES PLURIELLES<\/span><\/td>\n<\/tr>\n<tr>\n<td><span style=\"font-weight: 400;\">Boumertit<\/span><\/td>\n<td><span style=\"font-weight: 400;\">Idir<\/span><\/td>\n<td><span style=\"font-weight: 400;\">D\u00e9put\u00e9 du Rh\u00f4ne<\/span><\/td>\n<td><span style=\"font-weight: 400;\">La France Insoumise &#8211; NFP<\/span><\/td>\n<\/tr>\n<tr>\n<td><span style=\"font-weight: 400;\">Boutinova<\/span><\/td>\n<td><span style=\"font-weight: 400;\">Veronika<\/span><\/td>\n<td><span style=\"font-weight: 400;\">Autrice<\/span><\/td>\n<td><\/td>\n<\/tr>\n<tr>\n<td><span style=\"font-weight: 400;\">Boutoille<\/span><\/td>\n<td><span style=\"font-weight: 400;\">Jean-Pierre<\/span><\/td>\n<td><span style=\"font-weight: 400;\">Pr\u00eatre<\/span><\/td>\n<td><\/td>\n<\/tr>\n<tr>\n<td><span style=\"font-weight: 400;\">Brunon<\/span><\/td>\n<td><span style=\"font-weight: 400;\">Allan<\/span><\/td>\n<td><span style=\"font-weight: 400;\">Animateur<\/span><\/td>\n<td><span style=\"font-weight: 400;\">R\u00e9seau Insoumis Antifasciste<\/span><\/td>\n<\/tr>\n<tr>\n<td><span style=\"font-weight: 400;\">Calame<\/span><\/td>\n<td><span style=\"font-weight: 400;\">Claude<\/span><\/td>\n<td><span style=\"font-weight: 400;\">Historien, EHESS<\/span><\/td>\n<td><span style=\"font-weight: 400;\">LDH, Ensemble!<\/span><\/td>\n<\/tr>\n<tr>\n<td><span style=\"font-weight: 400;\">Callet<\/span><\/td>\n<td><span style=\"font-weight: 400;\">Marie-Christine<\/span><\/td>\n<td><span style=\"font-weight: 400;\">Citoyenne<\/span><\/td>\n<td><\/td>\n<\/tr>\n<tr>\n<td><span style=\"font-weight: 400;\">Camara<\/span><\/td>\n<td><span style=\"font-weight: 400;\">Melissa<\/span><\/td>\n<td><span style=\"font-weight: 400;\">D\u00e9put\u00e9e europ\u00e9enne \u00e9cologiste<\/span><\/td>\n<td><span style=\"font-weight: 400;\">EELV<\/span><\/td>\n<\/tr>\n<tr>\n<td><span style=\"font-weight: 400;\">Camus<\/span><\/td>\n<td><span style=\"font-weight: 400;\">N\u00e9mo<\/span><\/td>\n<td><span style=\"font-weight: 400;\">Artiste<\/span><\/td>\n<td><span style=\"font-weight: 400;\">Artiste<\/span><\/td>\n<\/tr>\n<tr>\n<td><span style=\"font-weight: 400;\">Car\u00eame<\/span><\/td>\n<td><span style=\"font-weight: 400;\">Damien<\/span><\/td>\n<td><span style=\"font-weight: 400;\">D\u00e9put\u00e9 europ\u00e9en<\/span><\/td>\n<td><span style=\"font-weight: 400;\">LFI<\/span><\/td>\n<\/tr>\n<tr>\n<td><span style=\"font-weight: 400;\">Caron<\/span><\/td>\n<td><span style=\"font-weight: 400;\">Olivier<\/span><\/td>\n<td><span style=\"font-weight: 400;\">Pr\u00e9sident<\/span><\/td>\n<td><span style=\"font-weight: 400;\">D\u00e9l\u00e9gation Pas-de-Calais du Secours Catholique<\/span><\/td>\n<\/tr>\n<tr>\n<td><span style=\"font-weight: 400;\">Carr\u00e9<\/span><\/td>\n<td><span style=\"font-weight: 400;\">Isabelle<\/span><\/td>\n<td><span style=\"font-weight: 400;\">Actrice<\/span><\/td>\n<td><span style=\"font-weight: 400;\">Artiste<\/span><\/td>\n<\/tr>\n<tr>\n<td><span style=\"font-weight: 400;\">Carr\u00e8re<\/span><\/td>\n<td><span style=\"font-weight: 400;\">Violaine<\/span><\/td>\n<td><span style=\"font-weight: 400;\">militante associative<\/span><\/td>\n<td><\/td>\n<\/tr>\n<tr>\n<td><span style=\"font-weight: 400;\">Cathala<\/span><\/td>\n<td><span style=\"font-weight: 400;\">Gabrielle<\/span><\/td>\n<td><span style=\"font-weight: 400;\">D\u00e9put\u00e9e du Val-d&#8217;Oise<\/span><\/td>\n<td><span style=\"font-weight: 400;\">La France Insoumise &#8211; NFP<\/span><\/td>\n<\/tr>\n<tr>\n<td><span style=\"font-weight: 400;\">Celarie<\/span><\/td>\n<td><span style=\"font-weight: 400;\">Cl\u00e9mentine<\/span><\/td>\n<td><span style=\"font-weight: 400;\">Actrice<\/span><\/td>\n<td><\/td>\n<\/tr>\n<tr>\n<td><span style=\"font-weight: 400;\">Cernon<\/span><\/td>\n<td><span style=\"font-weight: 400;\">Berenger<\/span><\/td>\n<td><span style=\"font-weight: 400;\">D\u00e9put\u00e9<\/span><\/td>\n<td><span style=\"font-weight: 400;\">La France Insoumise &#8211; NFP<\/span><\/td>\n<\/tr>\n<tr>\n<td><span style=\"font-weight: 400;\">Champagne<\/span><\/td>\n<td><span style=\"font-weight: 400;\">Bernard<\/span><\/td>\n<td><span style=\"font-weight: 400;\">copr\u00e9sident<\/span><\/td>\n<td><span style=\"font-weight: 400;\">LDH Dunkerque<\/span><\/td>\n<\/tr>\n<tr>\n<td><span style=\"font-weight: 400;\">Chauvier<\/span><\/td>\n<td><span style=\"font-weight: 400;\">Maia<\/span><\/td>\n<td><span style=\"font-weight: 400;\">Artiste<\/span><\/td>\n<td><span style=\"font-weight: 400;\">Artiste<\/span><\/td>\n<\/tr>\n<tr>\n<td><span style=\"font-weight: 400;\">Chevalier<\/span><\/td>\n<td><span style=\"font-weight: 400;\">Edith<\/span><\/td>\n<td><span style=\"font-weight: 400;\">citoyenne engag\u00e9e 62<\/span><\/td>\n<td><\/td>\n<\/tr>\n<tr>\n<td><span style=\"font-weight: 400;\">Chikirou<\/span><\/td>\n<td><span style=\"font-weight: 400;\">Sophia<\/span><\/td>\n<td><span style=\"font-weight: 400;\">D\u00e9put\u00e9e de Paris, Conseill\u00e8re r\u00e9gionale d&#8217;Ile-de-France<\/span><\/td>\n<td><span style=\"font-weight: 400;\">LFI<\/span><\/td>\n<\/tr>\n<tr>\n<td><span style=\"font-weight: 400;\">Clouet<\/span><\/td>\n<td><span style=\"font-weight: 400;\">Hadrien<\/span><\/td>\n<td><span style=\"font-weight: 400;\">D\u00e9put\u00e9 de la Haute-Garonne<\/span><\/td>\n<td><span style=\"font-weight: 400;\">La France Insoumise &#8211; NFP<\/span><\/td>\n<\/tr>\n<tr>\n<td><span style=\"font-weight: 400;\">Copyans<\/span><\/td>\n<td><span style=\"font-weight: 400;\">Julie<\/span><\/td>\n<td><span style=\"font-weight: 400;\">Co-r\u00e9f\u00e9rente PPT du Pas-de-Calais<\/span><\/td>\n<td><span style=\"font-weight: 400;\">Place publique<\/span><\/td>\n<\/tr>\n<tr>\n<td><span style=\"font-weight: 400;\">Coquerel<\/span><\/td>\n<td><span style=\"font-weight: 400;\">Eric<\/span><\/td>\n<td><span style=\"font-weight: 400;\">D\u00e9put\u00e9 de Seine-Saint-Denis<\/span><\/td>\n<td><span style=\"font-weight: 400;\">La France Insoumise &#8211; NFP<\/span><\/td>\n<\/tr>\n<tr>\n<td><span style=\"font-weight: 400;\">Corbyn<\/span><\/td>\n<td><span style=\"font-weight: 400;\">Jeremy<\/span><\/td>\n<td><span style=\"font-weight: 400;\">Member of Parliament for Islington North (UK)<\/span><\/td>\n<td><span style=\"font-weight: 400;\">Independent \/ Peace &amp; Justice Project<\/span><\/td>\n<\/tr>\n<tr>\n<td><span style=\"font-weight: 400;\">Corsini<\/span><\/td>\n<td><span style=\"font-weight: 400;\">Catherine<\/span><\/td>\n<td><span style=\"font-weight: 400;\">R\u00e9alisatrice<\/span><\/td>\n<td><\/td>\n<\/tr>\n<tr>\n<td><span style=\"font-weight: 400;\">Corty<\/span><\/td>\n<td><span style=\"font-weight: 400;\">Jean-Fran\u00e7ois<\/span><\/td>\n<td><span style=\"font-weight: 400;\">Pr\u00e9sident, m\u00e9decin<\/span><\/td>\n<td><span style=\"font-weight: 400;\">M\u00e9decins du Monde France<\/span><\/td>\n<\/tr>\n<tr>\n<td><span style=\"font-weight: 400;\">Cottet<\/span><\/td>\n<td><span style=\"font-weight: 400;\">Caroline<\/span><\/td>\n<td><span style=\"font-weight: 400;\">Pr\u00e9sidente<\/span><\/td>\n<td><span style=\"font-weight: 400;\">Refugee Women Centre<\/span><\/td>\n<\/tr>\n<tr>\n<td><span style=\"font-weight: 400;\">Coulombel<\/span><\/td>\n<td><span style=\"font-weight: 400;\">Thierry<\/span><\/td>\n<td><span style=\"font-weight: 400;\">Premier Secr\u00e9taire de la F\u00e9d\u00e9ration du Pas-de-Calais<\/span><\/td>\n<td><span style=\"font-weight: 400;\">Parti Socialiste<\/span><\/td>\n<\/tr>\n<tr>\n<td><span style=\"font-weight: 400;\">Coulomme<\/span><\/td>\n<td><span style=\"font-weight: 400;\">Jean-Fran\u00e7ois<\/span><\/td>\n<td><span style=\"font-weight: 400;\">d\u00e9put\u00e9 de la Savoie<\/span><\/td>\n<td><span style=\"font-weight: 400;\">La France Insoumise &#8211; NFP<\/span><\/td>\n<\/tr>\n<tr>\n<td><span style=\"font-weight: 400;\">Coulon<\/span><\/td>\n<td><span style=\"font-weight: 400;\">Natalie<\/span><\/td>\n<td><span style=\"font-weight: 400;\">Intervenante psychosociale<\/span><\/td>\n<td><span style=\"font-weight: 400;\">Las insumisos<\/span><\/td>\n<\/tr>\n<tr>\n<td><span style=\"font-weight: 400;\">Crovetti<\/span><\/td>\n<td><span style=\"font-weight: 400;\">Louise<\/span><\/td>\n<td><span style=\"font-weight: 400;\">administratrice<\/span><\/td>\n<td><span style=\"font-weight: 400;\">Collectif R\u00e9fugi\u00e9s du Vaucluse<\/span><\/td>\n<\/tr>\n<tr>\n<td><span style=\"font-weight: 400;\">Cruso\u00e9<\/span><\/td>\n<td><span style=\"font-weight: 400;\">Lionel<\/span><\/td>\n<td><span style=\"font-weight: 400;\">Avocat<\/span><\/td>\n<td><span style=\"font-weight: 400;\">Avocat<\/span><\/td>\n<\/tr>\n<tr>\n<td><span style=\"font-weight: 400;\">Darras<\/span><\/td>\n<td><span style=\"font-weight: 400;\">J\u00e9r\u00f4me<\/span><\/td>\n<td><span style=\"font-weight: 400;\">S\u00e9nateur du Pas-de-Calais<\/span><\/td>\n<td><span style=\"font-weight: 400;\">Parti Socialiste<\/span><\/td>\n<\/tr>\n<tr>\n<td><span style=\"font-weight: 400;\">de Rauglaudre<\/span><\/td>\n<td><span style=\"font-weight: 400;\">Fanny<\/span><\/td>\n<td><span style=\"font-weight: 400;\">artiste po\u00e9tesse<\/span><\/td>\n<td><span style=\"font-weight: 400;\">Artiste<\/span><\/td>\n<\/tr>\n<tr>\n<td><span style=\"font-weight: 400;\">Del Biaggio<\/span><\/td>\n<td><span style=\"font-weight: 400;\">Cristina<\/span><\/td>\n<td><span style=\"font-weight: 400;\">g\u00e9ographe<\/span><\/td>\n<td><span style=\"font-weight: 400;\">Universit\u00e9 Grenoble Alpes, Laboratoire Pacte<\/span><\/td>\n<\/tr>\n<tr>\n<td><span style=\"font-weight: 400;\">Delaby<\/span><\/td>\n<td><span style=\"font-weight: 400;\">Adrien<\/span><\/td>\n<td><span style=\"font-weight: 400;\">D\u00e9l\u00e9gu\u00e9 G\u00e9n\u00e9ral<\/span><\/td>\n<td><span style=\"font-weight: 400;\">L&#8217;Auberge des Migrants<\/span><\/td>\n<\/tr>\n<tr>\n<td><span style=\"font-weight: 400;\">Delarue<\/span><\/td>\n<td><span style=\"font-weight: 400;\">Christian<\/span><\/td>\n<td><span style=\"font-weight: 400;\">pr\u00e9sident<\/span><\/td>\n<td><span style=\"font-weight: 400;\">CADTM France<\/span><\/td>\n<\/tr>\n<tr>\n<td><span style=\"font-weight: 400;\">Delli<\/span><\/td>\n<td><span style=\"font-weight: 400;\">Karima<\/span><\/td>\n<td><span style=\"font-weight: 400;\">Conseill\u00e8re r\u00e9gionale Hauts-De-France<\/span><\/td>\n<td><\/td>\n<\/tr>\n<tr>\n<td><span style=\"font-weight: 400;\">Demeest\u00e8re<\/span><\/td>\n<td><span style=\"font-weight: 400;\">Philippe<\/span><\/td>\n<td><span style=\"font-weight: 400;\">Pr\u00eatre<\/span><\/td>\n<td><span style=\"font-weight: 400;\">Pr\u00eatre<\/span><\/td>\n<\/tr>\n<tr>\n<td><span style=\"font-weight: 400;\">Derouet<\/span><\/td>\n<td><span style=\"font-weight: 400;\">Sarah<\/span><\/td>\n<td><span style=\"font-weight: 400;\">militante<\/span><\/td>\n<td><span style=\"font-weight: 400;\">Survie Nord<\/span><\/td>\n<\/tr>\n<tr>\n<td><span style=\"font-weight: 400;\">Desjonqueres Heem<\/span><\/td>\n<td><span style=\"font-weight: 400;\">Sylvie<\/span><\/td>\n<td><span style=\"font-weight: 400;\">Administratrice Emma\u00fcs France\/Volontaire s\u00e9same<\/span><\/td>\n<td><span style=\"font-weight: 400;\">Association MAISON SESAME<\/span><\/td>\n<\/tr>\n<tr>\n<td><span style=\"font-weight: 400;\">Desmet<\/span><\/td>\n<td><span style=\"font-weight: 400;\">Sandrine<\/span><\/td>\n<td><span style=\"font-weight: 400;\">Artiste<\/span><\/td>\n<td><span style=\"font-weight: 400;\">Artiste<\/span><\/td>\n<\/tr>\n<tr>\n<td><span style=\"font-weight: 400;\">Devries<\/span><\/td>\n<td><span style=\"font-weight: 400;\">Martine<\/span><\/td>\n<td><span style=\"font-weight: 400;\">m\u00e9decin<\/span><\/td>\n<td><span style=\"font-weight: 400;\">PSM<\/span><\/td>\n<\/tr>\n<tr>\n<td><span style=\"font-weight: 400;\">Diaouara<\/span><\/td>\n<td><span style=\"font-weight: 400;\">Aly<\/span><\/td>\n<td><span style=\"font-weight: 400;\">D\u00e9put\u00e9 de Seine-Saint-Denis<\/span><\/td>\n<td><span style=\"font-weight: 400;\">La France Insoumise &#8211; NFP<\/span><\/td>\n<\/tr>\n<tr>\n<td><span style=\"font-weight: 400;\">Djigo<\/span><\/td>\n<td><span style=\"font-weight: 400;\">Sophie<\/span><\/td>\n<td><span style=\"font-weight: 400;\">Philosophe, fondatrice de Migraction59<\/span><\/td>\n<td><span style=\"font-weight: 400;\">Migraction 59<\/span><\/td>\n<\/tr>\n<tr>\n<td><span style=\"font-weight: 400;\">Dontot<\/span><\/td>\n<td><span style=\"font-weight: 400;\">Nicole<\/span><\/td>\n<td><span style=\"font-weight: 400;\">Retrait\u00e9e<\/span><\/td>\n<td><\/td>\n<\/tr>\n<tr>\n<td><span style=\"font-weight: 400;\">Esperi<\/span><\/td>\n<td><span style=\"font-weight: 400;\">Bruna<\/span><\/td>\n<td><span style=\"font-weight: 400;\">m\u00e9diatrice militante<\/span><\/td>\n<td><\/td>\n<\/tr>\n<tr>\n<td><span style=\"font-weight: 400;\">Faucillon<\/span><\/td>\n<td><span style=\"font-weight: 400;\">Elsa<\/span><\/td>\n<td><span style=\"font-weight: 400;\">D\u00e9put\u00e9e des Hauts-de-Seine<\/span><\/td>\n<td><span style=\"font-weight: 400;\">Gauche d\u00e9mocrate et R\u00e9publicaine<\/span><\/td>\n<\/tr>\n<tr>\n<td><span style=\"font-weight: 400;\">Feld<\/span><\/td>\n<td><span style=\"font-weight: 400;\">Mathilde<\/span><\/td>\n<td><span style=\"font-weight: 400;\">D\u00e9put\u00e9e Gironde<\/span><\/td>\n<td><span style=\"font-weight: 400;\">La France Insoumise &#8211; NFP<\/span><\/td>\n<\/tr>\n<tr>\n<td><span style=\"font-weight: 400;\">Fernandes<\/span><\/td>\n<td><span style=\"font-weight: 400;\">Emmanuel<\/span><\/td>\n<td><span style=\"font-weight: 400;\">D\u00e9put\u00e9 du Bas-Rhin<\/span><\/td>\n<td><span style=\"font-weight: 400;\">D\u00e9put\u00e9 LFI &#8211; NFP<\/span><\/td>\n<\/tr>\n<tr>\n<td><span style=\"font-weight: 400;\">Ferrer<\/span><\/td>\n<td><span style=\"font-weight: 400;\">Sylvie<\/span><\/td>\n<td><span style=\"font-weight: 400;\">D\u00e9put\u00e9e<\/span><\/td>\n<td><span style=\"font-weight: 400;\">La France Insoumise &#8211; NFP<\/span><\/td>\n<\/tr>\n<tr>\n<td><span style=\"font-weight: 400;\">Figuie<\/span><\/td>\n<td><span style=\"font-weight: 400;\">Sandrine<\/span><\/td>\n<td><span style=\"font-weight: 400;\">co-pr\u00e9sidente<\/span><\/td>\n<td><span style=\"font-weight: 400;\">ASTI Martigues<\/span><\/td>\n<\/tr>\n<tr>\n<td><span style=\"font-weight: 400;\">Fournier<\/span><\/td>\n<td><span style=\"font-weight: 400;\">Charles<\/span><\/td>\n<td><span style=\"font-weight: 400;\">d\u00e9put\u00e9 \u00e9cologiste (Indre-et-Loire)<\/span><\/td>\n<td><span style=\"font-weight: 400;\">EELV<\/span><\/td>\n<\/tr>\n<tr>\n<td><span style=\"font-weight: 400;\">Fourreau<\/span><\/td>\n<td><span style=\"font-weight: 400;\">Emma<\/span><\/td>\n<td><span style=\"font-weight: 400;\">D\u00e9put\u00e9e europ\u00e9enne<\/span><\/td>\n<td><span style=\"font-weight: 400;\">La France insoumise &#8211; NFP<\/span><\/td>\n<\/tr>\n<tr>\n<td><span style=\"font-weight: 400;\">Galitzine Loumpet<\/span><\/td>\n<td><span style=\"font-weight: 400;\">Alexandra<\/span><\/td>\n<td><span style=\"font-weight: 400;\">anthropologue<\/span><\/td>\n<td><span style=\"font-weight: 400;\">Non-Lieux de l&#8217;exil<\/span><\/td>\n<\/tr>\n<tr>\n<td><span style=\"font-weight: 400;\">Gockel<\/span><\/td>\n<td><span style=\"font-weight: 400;\">Julien<\/span><\/td>\n<td><span style=\"font-weight: 400;\">D\u00e9put\u00e9 du Nord<\/span><\/td>\n<td><span style=\"font-weight: 400;\">Parti Socialiste<\/span><\/td>\n<\/tr>\n<tr>\n<td><span style=\"font-weight: 400;\">Godin<\/span><\/td>\n<td><span style=\"font-weight: 400;\">Marie<\/span><\/td>\n<td><span style=\"font-weight: 400;\">lecturer in Human Geography<\/span><\/td>\n<td><span style=\"font-weight: 400;\">University of Leicaster<\/span><\/td>\n<\/tr>\n<tr>\n<td><span style=\"font-weight: 400;\">Guett\u00e9<\/span><\/td>\n<td><span style=\"font-weight: 400;\">Cl\u00e9mence<\/span><\/td>\n<td><span style=\"font-weight: 400;\">Vice-pr\u00e9sidente de l&#8217;Assembl\u00e9e nationale<\/span><\/td>\n<td><span style=\"font-weight: 400;\">La France insoumise &#8211; NFP<\/span><\/td>\n<\/tr>\n<tr>\n<td><span style=\"font-weight: 400;\">Haese<\/span><\/td>\n<td><span style=\"font-weight: 400;\">Laurent<\/span><\/td>\n<td><span style=\"font-weight: 400;\">Pr\u00e9sident<\/span><\/td>\n<td><span style=\"font-weight: 400;\">D\u00e9l\u00e9gation Nord-Lille du Secours Catholique<\/span><\/td>\n<\/tr>\n<tr>\n<td><span style=\"font-weight: 400;\">Hunstad<\/span><\/td>\n<td><span style=\"font-weight: 400;\">Yves<\/span><\/td>\n<td><span style=\"font-weight: 400;\">auteur et metteur-en-sc\u00e8ne<\/span><\/td>\n<td><span style=\"font-weight: 400;\">Artiste<\/span><\/td>\n<\/tr>\n<tr>\n<td><span style=\"font-weight: 400;\">Kaminsky<\/span><\/td>\n<td><span style=\"font-weight: 400;\">Youssef Roc\u00e9<\/span><\/td>\n<td><span style=\"font-weight: 400;\">Rappeur<\/span><\/td>\n<td><span style=\"font-weight: 400;\">Artiste<\/span><\/td>\n<\/tr>\n<tr>\n<td><span style=\"font-weight: 400;\">Kanner<\/span><\/td>\n<td><span style=\"font-weight: 400;\">Patrick<\/span><\/td>\n<td><span style=\"font-weight: 400;\">S\u00e9nateur du Nord, Pr\u00e9sident de Groupe<\/span><\/td>\n<td><span style=\"font-weight: 400;\">Parti Socialiste<\/span><\/td>\n<\/tr>\n<tr>\n<td><span style=\"font-weight: 400;\">Kerrich-Bernard<\/span><\/td>\n<td><span style=\"font-weight: 400;\">Sarah<\/span><\/td>\n<td><span style=\"font-weight: 400;\">Conseill\u00e8re R\u00e9gionale des Hauts-de-France, Pr\u00e9sidente de Groupe<\/span><\/td>\n<td><span style=\"font-weight: 400;\">Parti Socialiste<\/span><\/td>\n<\/tr>\n<tr>\n<td><span style=\"font-weight: 400;\">Lacroix<\/span><\/td>\n<td><span style=\"font-weight: 400;\">Thomas<\/span><\/td>\n<td><span style=\"font-weight: 400;\">Chercheur<\/span><\/td>\n<td><span style=\"font-weight: 400;\">CNRS, Science Po<\/span><\/td>\n<\/tr>\n<tr>\n<td><span style=\"font-weight: 400;\">Lagarde<\/span><\/td>\n<td><span style=\"font-weight: 400;\">David<\/span><\/td>\n<td><span style=\"font-weight: 400;\">G\u00e9ocartographe<\/span><\/td>\n<td><span style=\"font-weight: 400;\">Migreurop, LEST<\/span><\/td>\n<\/tr>\n<tr>\n<td><span style=\"font-weight: 400;\">Lagarde<\/span><\/td>\n<td><span style=\"font-weight: 400;\">Eve<\/span><\/td>\n<td><span style=\"font-weight: 400;\">Artiste<\/span><\/td>\n<td><span style=\"font-weight: 400;\">Artiste<\/span><\/td>\n<\/tr>\n<tr>\n<td><span style=\"font-weight: 400;\">Laisney<\/span><\/td>\n<td><span style=\"font-weight: 400;\">Maxime<\/span><\/td>\n<td><span style=\"font-weight: 400;\">D\u00e9put\u00e9<\/span><\/td>\n<td><span style=\"font-weight: 400;\">La France Insoumise &#8211; NFP<\/span><\/td>\n<\/tr>\n<tr>\n<td><span style=\"font-weight: 400;\">Lambert<\/span><\/td>\n<td><span style=\"font-weight: 400;\">Nicolas<\/span><\/td>\n<td><span style=\"font-weight: 400;\">g\u00e9ographe, CNRS<\/span><\/td>\n<td><span style=\"font-weight: 400;\">Migreurop \/ PCF<\/span><\/td>\n<\/tr>\n<tr>\n<td><span style=\"font-weight: 400;\">Lannoy<\/span><\/td>\n<td><span style=\"font-weight: 400;\">Jean-philippe<\/span><\/td>\n<td><span style=\"font-weight: 400;\">Conseiller municipal de Calais<\/span><\/td>\n<td><span style=\"font-weight: 400;\">La France insoumise &#8211; NFP<\/span><\/td>\n<\/tr>\n<tr>\n<td><span style=\"font-weight: 400;\">Laurent<\/span><\/td>\n<td><span style=\"font-weight: 400;\">Murielle<\/span><\/td>\n<td><span style=\"font-weight: 400;\">D\u00e9put\u00e9e europ\u00e9enne<\/span><\/td>\n<td><span style=\"font-weight: 400;\">Parti Socialiste<\/span><\/td>\n<\/tr>\n<tr>\n<td><span style=\"font-weight: 400;\">Le Blanc<\/span><\/td>\n<td><span style=\"font-weight: 400;\">Fran\u00e7ois<\/span><\/td>\n<td><span style=\"font-weight: 400;\">Agriculteur retrait\u00e9<\/span><\/td>\n<td><span style=\"font-weight: 400;\">Terre d&#8217;Errance<\/span><\/td>\n<\/tr>\n<tr>\n<td><span style=\"font-weight: 400;\">Le Coq<\/span><\/td>\n<td><span style=\"font-weight: 400;\">Aur\u00e9lien<\/span><\/td>\n<td><span style=\"font-weight: 400;\">D\u00e9put\u00e9 du Nord<\/span><\/td>\n<td><span style=\"font-weight: 400;\">La France insoumise &#8211; NFP<\/span><\/td>\n<\/tr>\n<tr>\n<td><span style=\"font-weight: 400;\">Lebecq<\/span><\/td>\n<td><span style=\"font-weight: 400;\">Pierre-Andre<\/span><\/td>\n<td><span style=\"font-weight: 400;\">Secr\u00e9taire PS Coulogne<\/span><\/td>\n<td><span style=\"font-weight: 400;\">Parti socialiste<\/span><\/td>\n<\/tr>\n<tr>\n<td><span style=\"font-weight: 400;\">Leboucher<\/span><\/td>\n<td><span style=\"font-weight: 400;\">Elise<\/span><\/td>\n<td><span style=\"font-weight: 400;\">D\u00e9put\u00e9e de la Sarthe<\/span><\/td>\n<td><span style=\"font-weight: 400;\">La France Insoumise &#8211; NFP<\/span><\/td>\n<\/tr>\n<tr>\n<td><span style=\"font-weight: 400;\">Legavre<\/span><\/td>\n<td><span style=\"font-weight: 400;\">J\u00e9r\u00f4me<\/span><\/td>\n<td><span style=\"font-weight: 400;\">D\u00e9put\u00e9 de Seine-Saint-Denis<\/span><\/td>\n<td><span style=\"font-weight: 400;\">La France Insoumise &#8211; NFP<\/span><\/td>\n<\/tr>\n<tr>\n<td><span style=\"font-weight: 400;\">Lehner<\/span><\/td>\n<td><span style=\"font-weight: 400;\">Guy<\/span><\/td>\n<td><span style=\"font-weight: 400;\">Pr\u00e9sident r\u00e9gional<\/span><\/td>\n<td><span style=\"font-weight: 400;\">La Cimade Nord Picardie<\/span><\/td>\n<\/tr>\n<tr>\n<td><span style=\"font-weight: 400;\">Lejeune<\/span><\/td>\n<td><span style=\"font-weight: 400;\">Claire<\/span><\/td>\n<td><span style=\"font-weight: 400;\">D\u00e9put\u00e9e de l&#8217;Essonne<\/span><\/td>\n<td><span style=\"font-weight: 400;\">La France Insoumise &#8211; NFP<\/span><\/td>\n<\/tr>\n<tr>\n<td><span style=\"font-weight: 400;\">Lendaro<\/span><\/td>\n<td><span style=\"font-weight: 400;\">Annalisa<\/span><\/td>\n<td><span style=\"font-weight: 400;\">sociologue<\/span><\/td>\n<td><span style=\"font-weight: 400;\">CNRS<\/span><\/td>\n<\/tr>\n<tr>\n<td><span style=\"font-weight: 400;\">Leroy<\/span><\/td>\n<td><span style=\"font-weight: 400;\">Christine<\/span><\/td>\n<td><span style=\"font-weight: 400;\">Citoyenne engag\u00e9e<\/span><\/td>\n<td><span style=\"font-weight: 400;\">Diverses structures<\/span><\/td>\n<\/tr>\n<tr>\n<td><span style=\"font-weight: 400;\">Linkeheld<\/span><\/td>\n<td><span style=\"font-weight: 400;\">Audrey<\/span><\/td>\n<td><span style=\"font-weight: 400;\">S\u00e9natrice du Nord<\/span><\/td>\n<td><span style=\"font-weight: 400;\">Parti socialiste<\/span><\/td>\n<\/tr>\n<tr>\n<td><span style=\"font-weight: 400;\">Luquet<\/span><\/td>\n<td><span style=\"font-weight: 400;\">Jean-Fran\u00e7ois<\/span><\/td>\n<td><span style=\"font-weight: 400;\">Copr\u00e9sident<\/span><\/td>\n<td><span style=\"font-weight: 400;\">Une Ecole Un Toit Des Papiers &#8211; Pays dacquois<\/span><\/td>\n<\/tr>\n<tr>\n<td><span style=\"font-weight: 400;\">Ma\u00efga<\/span><\/td>\n<td><span style=\"font-weight: 400;\">A\u00efssa<\/span><\/td>\n<td><span style=\"font-weight: 400;\">Actrice et r\u00e9alisatrice<\/span><\/td>\n<td><\/td>\n<\/tr>\n<tr>\n<td><span style=\"font-weight: 400;\">Manzi<\/span><\/td>\n<td><span style=\"font-weight: 400;\">Yann<\/span><\/td>\n<td><span style=\"font-weight: 400;\">D\u00e9l\u00e9gu\u00e9 G\u00e9n\u00e9ral<\/span><\/td>\n<td><span style=\"font-weight: 400;\">Utopia 56<\/span><\/td>\n<\/tr>\n<tr>\n<td><span style=\"font-weight: 400;\">Marcellak<\/span><\/td>\n<td><span style=\"font-weight: 400;\">Serge<\/span><\/td>\n<td><span style=\"font-weight: 400;\">Conseiller r\u00e9gional des Hauts-de-France<\/span><\/td>\n<td><span style=\"font-weight: 400;\">Parti Socialiste<\/span><\/td>\n<\/tr>\n<tr>\n<td><span style=\"font-weight: 400;\">Margueritat<\/span><\/td>\n<td><span style=\"font-weight: 400;\">Anna<\/span><\/td>\n<td><span style=\"font-weight: 400;\">journaliste ind\u00e9pendante<\/span><\/td>\n<td><\/td>\n<\/tr>\n<tr>\n<td><span style=\"font-weight: 400;\">Masiero<\/span><\/td>\n<td><span style=\"font-weight: 400;\">Corinne<\/span><\/td>\n<td><span style=\"font-weight: 400;\">actrice<\/span><\/td>\n<td><span style=\"font-weight: 400;\">Actrice<\/span><\/td>\n<\/tr>\n<tr>\n<td><span style=\"font-weight: 400;\">Mebarek<\/span><\/td>\n<td><span style=\"font-weight: 400;\">Nora<\/span><\/td>\n<td><span style=\"font-weight: 400;\">D\u00e9put\u00e9e europ\u00e9enne, cheffe de d\u00e9l\u00e9gation PS\/PP<\/span><\/td>\n<td><span style=\"font-weight: 400;\">Parti Socialiste<\/span><\/td>\n<\/tr>\n<tr>\n<td><span style=\"font-weight: 400;\">Mercier<\/span><\/td>\n<td><span style=\"font-weight: 400;\">Delphine<\/span><\/td>\n<td><span style=\"font-weight: 400;\">sociologue<\/span><\/td>\n<td><span style=\"font-weight: 400;\">CNRS, MFO<\/span><\/td>\n<\/tr>\n<tr>\n<td><span style=\"font-weight: 400;\">Mesmeur<\/span><\/td>\n<td><span style=\"font-weight: 400;\">Marie<\/span><\/td>\n<td><span style=\"font-weight: 400;\">D\u00e9put\u00e9e d&#8217;Ille-et-Vilaine<\/span><\/td>\n<td><span style=\"font-weight: 400;\">La France Insoumise &#8211; NFP<\/span><\/td>\n<\/tr>\n<tr>\n<td><span style=\"font-weight: 400;\">Meurice<\/span><\/td>\n<td><span style=\"font-weight: 400;\">Guillaume<\/span><\/td>\n<td><span style=\"font-weight: 400;\">Humoriste<\/span><\/td>\n<td><span style=\"font-weight: 400;\">Humoriste<\/span><\/td>\n<\/tr>\n<tr>\n<td><span style=\"font-weight: 400;\">Millot<\/span><\/td>\n<td><span style=\"font-weight: 400;\">Claire<\/span><\/td>\n<td><span style=\"font-weight: 400;\">secr\u00e9taire g\u00e9n\u00e9rale<\/span><\/td>\n<td><span style=\"font-weight: 400;\">Association Salam Nord\/Pas-de-Calais<\/span><\/td>\n<\/tr>\n<tr>\n<td><span style=\"font-weight: 400;\">Moreau<\/span><\/td>\n<td><span style=\"font-weight: 400;\">Yolande<\/span><\/td>\n<td><span style=\"font-weight: 400;\">Actrice et r\u00e9alisatrice<\/span><\/td>\n<td><\/td>\n<\/tr>\n<tr>\n<td><span style=\"font-weight: 400;\">Moreau<\/span><\/td>\n<td><span style=\"font-weight: 400;\">Alexandre<\/span><\/td>\n<td><span style=\"font-weight: 400;\">Pr\u00e9sident de l&#8217;Anaf\u00e9<\/span><\/td>\n<td><span style=\"font-weight: 400;\">Anaf\u00e9<\/span><\/td>\n<\/tr>\n<tr>\n<td><span style=\"font-weight: 400;\">Moussally<\/span><\/td>\n<td><span style=\"font-weight: 400;\">Jean-Pierre<\/span><\/td>\n<td><span style=\"font-weight: 400;\">\u00c9lu municipal et communautaire de Calais, membre d&#8217;ANVITA.<\/span><\/td>\n<td><\/td>\n<\/tr>\n<tr>\n<td><span style=\"font-weight: 400;\">Ndiaye<\/span><\/td>\n<td><span style=\"font-weight: 400;\">Caroline<\/span><\/td>\n<td><span style=\"font-weight: 400;\">enseignante<\/span><\/td>\n<td><span style=\"font-weight: 400;\">Militante locale<\/span><\/td>\n<\/tr>\n<tr>\n<td><span style=\"font-weight: 400;\">Nosb\u00e9<\/span><\/td>\n<td><span style=\"font-weight: 400;\">Sandrine<\/span><\/td>\n<td><span style=\"font-weight: 400;\">D\u00e9put\u00e9e de l&#8217;Is\u00e8re<\/span><\/td>\n<td><span style=\"font-weight: 400;\">La France insoumise &#8211; NFP<\/span><\/td>\n<\/tr>\n<tr>\n<td><span style=\"font-weight: 400;\">Olivares<\/span><\/td>\n<td><span style=\"font-weight: 400;\">Guyl\u00e8ne<\/span><\/td>\n<td><span style=\"font-weight: 400;\">com\u00e9dienne<\/span><\/td>\n<td><span style=\"font-weight: 400;\">Artiste<\/span><\/td>\n<\/tr>\n<tr>\n<td><span style=\"font-weight: 400;\">Panot<\/span><\/td>\n<td><span style=\"font-weight: 400;\">Mathilde<\/span><\/td>\n<td><span style=\"font-weight: 400;\">Pr\u00e9sidente du groupe parlementaire LFI-NFP et d\u00e9put\u00e9e du Val-de-Marne<\/span><\/td>\n<td><span style=\"font-weight: 400;\">La France insoumise &#8211; NFP<\/span><\/td>\n<\/tr>\n<tr>\n<td><span style=\"font-weight: 400;\">Passerone<\/span><\/td>\n<td><span style=\"font-weight: 400;\">Giorgio<\/span><\/td>\n<td><span style=\"font-weight: 400;\">Professeur \u00e9merite Lille<\/span><\/td>\n<td><span style=\"font-weight: 400;\">collectif nouvelle jungle<\/span><\/td>\n<\/tr>\n<tr>\n<td><span style=\"font-weight: 400;\">Patoux<\/span><\/td>\n<td><span style=\"font-weight: 400;\">Dany<\/span><\/td>\n<td><span style=\"font-weight: 400;\">pr\u00e9sidente<\/span><\/td>\n<td><span style=\"font-weight: 400;\">Association Osmose62<\/span><\/td>\n<\/tr>\n<tr>\n<td><span style=\"font-weight: 400;\">Perriot<\/span><\/td>\n<td><span style=\"font-weight: 400;\">Maxime<\/span><\/td>\n<td><span style=\"font-weight: 400;\">Travailleur associatif<\/span><\/td>\n<td><span style=\"font-weight: 400;\">Comit\u00e9 pour l&#8217;abolition des dettes ill\u00e9gitimes<\/span><\/td>\n<\/tr>\n<tr>\n<td><span style=\"font-weight: 400;\">Pochon<\/span><\/td>\n<td><span style=\"font-weight: 400;\">Marie<\/span><\/td>\n<td><span style=\"font-weight: 400;\">D\u00e9put\u00e9e de la Dr\u00f4me<\/span><\/td>\n<td><span style=\"font-weight: 400;\">EELV<\/span><\/td>\n<\/tr>\n<tr>\n<td><span style=\"font-weight: 400;\">Portes<\/span><\/td>\n<td><span style=\"font-weight: 400;\">Thomas<\/span><\/td>\n<td><span style=\"font-weight: 400;\">D\u00e9put\u00e9 de Seine-Saint-Denis<\/span><\/td>\n<td><span style=\"font-weight: 400;\">La France Insoumise &#8211; NFP<\/span><\/td>\n<\/tr>\n<tr>\n<td><span style=\"font-weight: 400;\">Prud&#8217;homme<\/span><\/td>\n<td><span style=\"font-weight: 400;\">Lo\u00efc<\/span><\/td>\n<td><span style=\"font-weight: 400;\">D\u00e9put\u00e9 de la Gironde<\/span><\/td>\n<td><span style=\"font-weight: 400;\">La France insoumise &#8211; NFP<\/span><\/td>\n<\/tr>\n<tr>\n<td><span style=\"font-weight: 400;\">Rabeh<\/span><\/td>\n<td><span style=\"font-weight: 400;\">Ali<\/span><\/td>\n<td><span style=\"font-weight: 400;\">Maire de Trappes, coordinateur national de G\u00e9n\u00e9ration\u00b7s<\/span><\/td>\n<td><span style=\"font-weight: 400;\">G\u00e9n\u00e9ration\u00b7s<\/span><\/td>\n<\/tr>\n<tr>\n<td><span style=\"font-weight: 400;\">Rafowicz<\/span><\/td>\n<td><span style=\"font-weight: 400;\">Emma<\/span><\/td>\n<td><span style=\"font-weight: 400;\">D\u00e9put\u00e9e Europ\u00e9enne<\/span><\/td>\n<td><span style=\"font-weight: 400;\">Parti Socialiste<\/span><\/td>\n<\/tr>\n<tr>\n<td><span style=\"font-weight: 400;\">Renoir<\/span><\/td>\n<td><span style=\"font-weight: 400;\">Milady<\/span><\/td>\n<td><span style=\"font-weight: 400;\">Po\u00e9tesse complice de la lutte des sans-papiers en Belgique<\/span><\/td>\n<td><\/td>\n<\/tr>\n<tr>\n<td><span style=\"font-weight: 400;\">Ridel<\/span><\/td>\n<td><span style=\"font-weight: 400;\">Chlo\u00e9<\/span><\/td>\n<td><span style=\"font-weight: 400;\">D\u00e9put\u00e9e Europ\u00e9enne et porte-parole du Parti Socialiste<\/span><\/td>\n<td><span style=\"font-weight: 400;\">Parti Socialiste<\/span><\/td>\n<\/tr>\n<tr>\n<td><span style=\"font-weight: 400;\">Rouchet<\/span><\/td>\n<td><span style=\"font-weight: 400;\">Margaux<\/span><\/td>\n<td><span style=\"font-weight: 400;\">Conseill\u00e8re R\u00e9gionale<\/span><\/td>\n<td><span style=\"font-weight: 400;\">Parti Socialiste<\/span><\/td>\n<\/tr>\n<tr>\n<td><span style=\"font-weight: 400;\">Rousseau<\/span><\/td>\n<td><span style=\"font-weight: 400;\">Michel<\/span><\/td>\n<td><span style=\"font-weight: 400;\">Co-pr\u00e9sident<\/span><\/td>\n<td><span style=\"font-weight: 400;\">Tous Migrants<\/span><\/td>\n<\/tr>\n<tr>\n<td><span style=\"font-weight: 400;\">Sadoune<\/span><\/td>\n<td><span style=\"font-weight: 400;\">Samia<\/span><\/td>\n<td><span style=\"font-weight: 400;\">Conseill\u00e8re R\u00e9gionale des Hauts-de-France<\/span><\/td>\n<td><span style=\"font-weight: 400;\">Parti Socialiste<\/span><\/td>\n<\/tr>\n<tr>\n<td><span style=\"font-weight: 400;\">Saint-Martin<\/span><\/td>\n<td><span style=\"font-weight: 400;\">Arnaud<\/span><\/td>\n<td><span style=\"font-weight: 400;\">D\u00e9put\u00e9 de la Seine-et-Marne<\/span><\/td>\n<td><span style=\"font-weight: 400;\">Diacre permanent catholique<\/span><\/td>\n<\/tr>\n<tr>\n<td><span style=\"font-weight: 400;\">Sarazin<\/span><\/td>\n<td><span style=\"font-weight: 400;\">Lo\u00efc<\/span><\/td>\n<td><span style=\"font-weight: 400;\">retrait\u00e9 de l&#8217;enseignement<\/span><\/td>\n<td><\/td>\n<\/tr>\n<tr>\n<td><span style=\"font-weight: 400;\">Sargiacomo<\/span><\/td>\n<td><span style=\"font-weight: 400;\">Eric<\/span><\/td>\n<td><span style=\"font-weight: 400;\">D\u00e9put\u00e9 europ\u00e9en<\/span><\/td>\n<td><span style=\"font-weight: 400;\">Parti Socialiste<\/span><\/td>\n<\/tr>\n<tr>\n<td><span style=\"font-weight: 400;\">Satouri<\/span><\/td>\n<td><span style=\"font-weight: 400;\">Mounir<\/span><\/td>\n<td><span style=\"font-weight: 400;\">D\u00e9put\u00e9 europ\u00e9en<\/span><\/td>\n<td><span style=\"font-weight: 400;\">EELV<\/span><\/td>\n<\/tr>\n<tr>\n<td><span style=\"font-weight: 400;\">Savinel-Barras<\/span><\/td>\n<td><span style=\"font-weight: 400;\">Anne<\/span><\/td>\n<td><span style=\"font-weight: 400;\">Pr\u00e9sidente d&#8217;Amnesty International France<\/span><\/td>\n<td><span style=\"font-weight: 400;\">Amnesty international france<\/span><\/td>\n<\/tr>\n<tr>\n<td><span style=\"font-weight: 400;\">Smith<\/span><\/td>\n<td><span style=\"font-weight: 400;\">Anthony<\/span><\/td>\n<td><span style=\"font-weight: 400;\">D\u00e9put\u00e9 europ\u00e9en<\/span><\/td>\n<td><span style=\"font-weight: 400;\">LFI<\/span><\/td>\n<\/tr>\n<tr>\n<td><span style=\"font-weight: 400;\">Soudais<\/span><\/td>\n<td><span style=\"font-weight: 400;\">Ersilia<\/span><\/td>\n<td><span style=\"font-weight: 400;\">D\u00e9put\u00e9e Seine-et-Marne<\/span><\/td>\n<td><span style=\"font-weight: 400;\">La France Insoumise &#8211; NFP<\/span><\/td>\n<\/tr>\n<tr>\n<td><span style=\"font-weight: 400;\">Suel<\/span><\/td>\n<td><span style=\"font-weight: 400;\">Thomas<\/span><\/td>\n<td><span style=\"font-weight: 400;\">artiste auteur<\/span><\/td>\n<td><span style=\"font-weight: 400;\">Artiste<\/span><\/td>\n<\/tr>\n<tr>\n<td><span style=\"font-weight: 400;\">Suptille<\/span><\/td>\n<td><span style=\"font-weight: 400;\">Susie<\/span><\/td>\n<td><span style=\"font-weight: 400;\">Coordinateur\u00b7ice technique radio panik<\/span><\/td>\n<td><span style=\"font-weight: 400;\">Radio Panik<\/span><\/td>\n<\/tr>\n<tr>\n<td><span style=\"font-weight: 400;\">Tach\u00e9<\/span><\/td>\n<td><span style=\"font-weight: 400;\">Aur\u00e9lien<\/span><\/td>\n<td><span style=\"font-weight: 400;\">D\u00e9put\u00e9 du Val-d&#8217;Oise<\/span><\/td>\n<td><span style=\"font-weight: 400;\">La France Insoumise &#8211; NFP<\/span><\/td>\n<\/tr>\n<tr>\n<td><span style=\"font-weight: 400;\">Taill\u00e9-Polian<\/span><\/td>\n<td><span style=\"font-weight: 400;\">Sophie<\/span><\/td>\n<td><span style=\"font-weight: 400;\">D\u00e9put\u00e9e du Val-de-Marne<\/span><\/td>\n<td><span style=\"font-weight: 400;\">G\u00e9n\u00e9ration.s<\/span><\/td>\n<\/tr>\n<tr>\n<td><span style=\"font-weight: 400;\">Taurinya<\/span><\/td>\n<td><span style=\"font-weight: 400;\">Andr\u00e9e<\/span><\/td>\n<td><span style=\"font-weight: 400;\">D\u00e9put\u00e9e de la Loire<\/span><\/td>\n<td><span style=\"font-weight: 400;\">La France Insoumise &#8211; NFP<\/span><\/td>\n<\/tr>\n<tr>\n<td><span style=\"font-weight: 400;\">Tavel<\/span><\/td>\n<td><span style=\"font-weight: 400;\">Matthias<\/span><\/td>\n<td><span style=\"font-weight: 400;\">D\u00e9put\u00e9 de la Loire-Atlantique<\/span><\/td>\n<td><span style=\"font-weight: 400;\">La France Insoumise &#8211; NFP<\/span><\/td>\n<\/tr>\n<tr>\n<td><span style=\"font-weight: 400;\">Tesson<\/span><\/td>\n<td><span style=\"font-weight: 400;\">Jeanne<\/span><\/td>\n<td><span style=\"font-weight: 400;\">militante aux fronti\u00e8res<\/span><\/td>\n<td><\/td>\n<\/tr>\n<tr>\n<td><span style=\"font-weight: 400;\">Tondelier<\/span><\/td>\n<td><span style=\"font-weight: 400;\">Marine<\/span><\/td>\n<td><span style=\"font-weight: 400;\">Secr\u00e9taire nationale d&#8217;EELV<\/span><\/td>\n<td><span style=\"font-weight: 400;\">Les \u00c9cologistes<\/span><\/td>\n<\/tr>\n<tr>\n<td><span style=\"font-weight: 400;\">Torlach<\/span><\/td>\n<td><span style=\"font-weight: 400;\">Rapha\u00ebl<\/span><\/td>\n<td><span style=\"font-weight: 400;\">Chef de mission France<\/span><\/td>\n<td><span style=\"font-weight: 400;\">M\u00e9decins sans fronti\u00e8res (MSF)<\/span><\/td>\n<\/tr>\n<tr>\n<td><span style=\"font-weight: 400;\">Triquet<\/span><\/td>\n<td><span style=\"font-weight: 400;\">Jean-Jacques<\/span><\/td>\n<td><span style=\"font-weight: 400;\">Pr\u00e9sident<\/span><\/td>\n<td><span style=\"font-weight: 400;\">Asso France Palestine Solidarit\u00e9-Calais<\/span><\/td>\n<\/tr>\n<tr>\n<td><span style=\"font-weight: 400;\">Trouv\u00e9<\/span><\/td>\n<td><span style=\"font-weight: 400;\">Aurelie<\/span><\/td>\n<td><span style=\"font-weight: 400;\">D\u00e9put\u00e9e de la Seine-Saint-Denis<\/span><\/td>\n<td><span style=\"font-weight: 400;\">La France Insoumise &#8211; NFP<\/span><\/td>\n<\/tr>\n<tr>\n<td><span style=\"font-weight: 400;\">Van Laeken<\/span><\/td>\n<td><span style=\"font-weight: 400;\">Lise<\/span><\/td>\n<td><span style=\"font-weight: 400;\">Travailleuse associative<\/span><\/td>\n<td><\/td>\n<\/tr>\n<tr>\n<td><span style=\"font-weight: 400;\">Verbeke<\/span><\/td>\n<td><span style=\"font-weight: 400;\">Romane<\/span><\/td>\n<td><span style=\"font-weight: 400;\">Coordinatrice d&#8217;un r\u00e9seau d&#8217;industriels en Alsace<\/span><\/td>\n<td><span style=\"font-weight: 400;\">Migraction 59<\/span><\/td>\n<\/tr>\n<tr>\n<td><span style=\"font-weight: 400;\">Vicot<\/span><\/td>\n<td><span style=\"font-weight: 400;\">Roger<\/span><\/td>\n<td><span style=\"font-weight: 400;\">D\u00e9put\u00e9 du Nord<\/span><\/td>\n<td><span style=\"font-weight: 400;\">Parti Socialiste<\/span><\/td>\n<\/tr>\n<tr>\n<td><span style=\"font-weight: 400;\">Vleirick<\/span><\/td>\n<td><span style=\"font-weight: 400;\">Arthur<\/span><\/td>\n<td><span style=\"font-weight: 400;\">\u00c9tudiant en premi\u00e8re ann\u00e9e de Master M\u00e9tiers de la culture \u00e0 l&#8217;Universit\u00e9 de Lille<\/span><\/td>\n<td><\/td>\n<\/tr>\n<\/tbody>\n<\/table>\n<p>&nbsp;<\/p>\n","protected":false},"excerpt":{"rendered":"<p>Nom Pr\u00e9nom Fonction \/ M\u00e9tier Organisation Abomangoli Nadege D\u00e9put\u00e9e de  [&#8230;]<\/p>\n","protected":false},"author":1,"featured_media":0,"comment_status":"closed","ping_status":"open","sticky":false,"template":"","format":"standard","meta":{"footnotes":""},"categories":[1],"tags":[],"class_list":["post-27734","post","type-post","status-publish","format-standard","hentry","category-non-classe"],"_links":{"self":[{"href":"http:\/\/test.utopia56.org\/index.php\/wp-json\/wp\/v2\/posts\/27734","targetHints":{"allow":["GET"]}}],"collection":[{"href":"http:\/\/test.utopia56.org\/index.php\/wp-json\/wp\/v2\/posts"}],"about":[{"href":"http:\/\/test.utopia56.org\/index.php\/wp-json\/wp\/v2\/types\/post"}],"author":[{"embeddable":true,"href":"http:\/\/test.utopia56.org\/index.php\/wp-json\/wp\/v2\/users\/1"}],"replies":[{"embeddable":true,"href":"http:\/\/test.utopia56.org\/index.php\/wp-json\/wp\/v2\/comments?post=27734"}],"version-history":[{"count":0,"href":"http:\/\/test.utopia56.org\/index.php\/wp-json\/wp\/v2\/posts\/27734\/revisions"}],"wp:attachment":[{"href":"http:\/\/test.utopia56.org\/index.php\/wp-json\/wp\/v2\/media?parent=27734"}],"wp:term":[{"taxonomy":"category","embeddable":true,"href":"http:\/\/test.utopia56.org\/index.php\/wp-json\/wp\/v2\/categories?post=27734"},{"taxonomy":"post_tag","embeddable":true,"href":"http:\/\/test.utopia56.org\/index.php\/wp-json\/wp\/v2\/tags?post=27734"}],"curies":[{"name":"wp","href":"https:\/\/api.w.org\/{rel}","templated":true}]}}