{"id":27473,"date":"2024-12-04T11:07:28","date_gmt":"2024-12-04T10:07:28","guid":{"rendered":"https:\/\/utopia56.org\/?p=27473"},"modified":"2024-12-04T11:07:28","modified_gmt":"2024-12-04T10:07:28","slug":"rennes-volontaire-en-service-civique-pole-mineur-es-non-accompagne-es","status":"publish","type":"post","link":"http:\/\/test.utopia56.org\/index.php\/2024\/12\/04\/rennes-volontaire-en-service-civique-pole-mineur-es-non-accompagne-es\/","title":{"rendered":"Rennes \u2013 Volontaire en service civique : p\u00f4le Mineur.es non accompagn\u00e9.es"},"content":{"rendered":"<div class=\"fusion-fullwidth fullwidth-box fusion-builder-row-1 fusion-flex-container nonhundred-percent-fullwidth non-hundred-percent-height-scrolling\" style=\"--awb-border-radius-top-left:0px;--awb-border-radius-top-right:0px;--awb-border-radius-bottom-right:0px;--awb-border-radius-bottom-left:0px;--awb-flex-wrap:wrap;\" ><div class=\"fusion-builder-row fusion-row fusion-flex-align-items-flex-start fusion-flex-content-wrap\" style=\"max-width:1248px;margin-left: calc(-4% \/ 2 );margin-right: calc(-4% \/ 2 );\"><div class=\"fusion-layout-column fusion_builder_column fusion-builder-column-0 fusion_builder_column_1_1 1_1 fusion-flex-column\" style=\"--awb-bg-blend:overlay;--awb-bg-size:cover;--awb-width-large:100%;--awb-margin-top-large:0px;--awb-spacing-right-large:1.92%;--awb-margin-bottom-large:0px;--awb-spacing-left-large:1.92%;--awb-width-medium:100%;--awb-spacing-right-medium:1.92%;--awb-spacing-left-medium:1.92%;--awb-width-small:100%;--awb-spacing-right-small:1.92%;--awb-spacing-left-small:1.92%;\"><div class=\"fusion-column-wrapper fusion-flex-justify-content-flex-start fusion-content-layout-column\"><div class=\"fusion-text fusion-text-1\"><p><b><u>Employeur :<\/u><\/b><span style=\"font-weight: 400;\"> Utopia 56<br \/>\n<\/span><span style=\"color: var(--awb-text-color); font-family: var(--awb-text-font-family); font-size: var(--awb-font-size); letter-spacing: var(--awb-letter-spacing); text-align: var(--awb-content-alignment); text-transform: var(--awb-text-transform); background-color: var(--awb-bg-color);\"><b><u>Type de contrat :<\/u><\/b><\/span><i style=\"color: var(--awb-text-color); font-family: var(--awb-text-font-family); font-size: var(--awb-font-size); font-weight: var(--awb-text-font-weight); letter-spacing: var(--awb-letter-spacing); text-align: var(--awb-content-alignment); text-transform: var(--awb-text-transform); background-color: var(--awb-bg-color);\"> <\/i><span style=\"color: var(--awb-text-color); font-family: var(--awb-text-font-family); letter-spacing: var(--awb-letter-spacing); text-align: var(--awb-content-alignment); text-transform: var(--awb-text-transform); background-color: var(--awb-bg-color);\"><span style=\"font-style: var(--awb-text-font-style);\">Service civique (6 mois \u00e0 9 mois)<\/span><br \/>\n<\/span><span style=\"color: var(--awb-text-color); font-family: var(--awb-text-font-family); font-size: var(--awb-font-size); letter-spacing: var(--awb-letter-spacing); text-align: var(--awb-content-alignment); text-transform: var(--awb-text-transform); background-color: var(--awb-bg-color);\"><u><b>Lieu de travail :<\/b><\/u> <\/span><span style=\"color: var(--awb-text-color); font-family: var(--awb-text-font-family); letter-spacing: var(--awb-letter-spacing); text-align: var(--awb-content-alignment); text-transform: var(--awb-text-transform); background-color: var(--awb-bg-color);\"><span style=\"font-style: var(--awb-text-font-style);\">Rennes<\/span><br \/>\n<\/span><span style=\"color: var(--awb-text-color); font-family: var(--awb-text-font-family); font-size: var(--awb-font-size); letter-spacing: var(--awb-letter-spacing); text-align: var(--awb-content-alignment); text-transform: var(--awb-text-transform); background-color: var(--awb-bg-color);\"><u><b>Prise de poste :<\/b><\/u> <\/span><span style=\"color: var(--awb-text-color); font-family: var(--awb-text-font-family); font-style: var(--awb-text-font-style); letter-spacing: var(--awb-letter-spacing); text-align: var(--awb-content-alignment); text-transform: var(--awb-text-transform); background-color: var(--awb-bg-color);\">15 f\u00e9vrier ou 15 avril 2025<\/span><\/p>\n<p><span style=\"font-weight: 400;\">Utopia 56 est une association cre\u0301e\u0301e en novembre 2015 en Bretagne pour venir en aide aux personnes \u00e0 la rue, personnes exil\u00e9es et pour encadrer le be\u0301ne\u0301volat qui se de\u0301ployait alors sur la jungle de Calais. Avec des actions 24h\/24 et 7j\/7 sur le terrain, plus de 200 be\u0301ne\u0301voles sont mobilise\u0301\u00b7es chaque jour pour des maraudes de distributions, des maraudes d\u2019informations et de l\u2019he\u0301bergement solidaire, a\u0300 Calais, Grande-Synthe, Lille, Paris, Rennes, Toulouse et Tours. Utopia 56 est une association citoyenne et finance\u0301e en partie par des dons de particuliers et en partie par des dons d\u2019autres associations, entreprises et fondations soumises a\u0300 charte e\u0301thique. Utopia 56 n\u2019accepte ni ne rec\u0327oit d\u2019argent de l\u2019Etat.<\/span><\/p>\n<p><b><u>Pr\u00e9sentation de l\u2019antenne de Rennes<\/u><\/b><\/p>\n<p><span style=\"font-weight: 400;\">\u00c0 Rennes, nos actions men\u00e9es quotidiennement s\u2019adressent \u00e0 toute personne n\u00e9cessitant une aide d\u2019urgence, notamment des personnes en situation de rue et des familles et mineurs isol\u00e9s en situation d\u2019exil. Nous travaillons avec d\u2019autres associations, collectifs et citoyen.nes pour construire notre r\u00e9ponse.<\/span><\/p>\n<p><span style=\"font-weight: 400;\">Une cinquantaine de b\u00e9n\u00e9voles interviennent chaque semaine \u00e0 la rencontre de plus de 200 personnes, lors de maraudes en soir\u00e9es ou de permanences sur les lieux de vie des familles et mineurs isol\u00e9s.<\/span><\/p>\n<p><b><u>Description du projet<\/u><\/b><\/p>\n<p><span style=\"font-weight: 400;\">Utopia 56 Rennes accompagne des jeunes mineur.es qui n&#8217;ont pas \u00e9t\u00e9 pris.es en charge par l&#8217;Aide Social \u00e0 l&#8217;Enfance et sont en recours juridique aupr\u00e8s de la Juge des Enfants pour contester cette d\u00e9cision. L&#8217;association fait le lien entre les jeunes et les avocates, et assure un accompagnement social et administratif. Nous cherchons aussi des solutions d&#8217;h\u00e9bergement dans la limite des capacit\u00e9s de l\u2019association et des collectifs luttant fournir un toit \u00e0 ces jeunes.<\/span><\/p>\n<p><span style=\"font-weight: 400;\">Enfin, l\u2019association effectue aussi des missions de plaidoyer (communication, contentieux) pour que la situation de grande pr\u00e9carit\u00e9 de ces jeunes laiss\u00e9s sans aucun accompagnement institutionnel ne reste pas dans l&#8217;ombre.<\/span><\/p>\n<p><b><u>Les missions :<\/u><\/b><\/p>\n<p><span style=\"font-weight: 400;\">En lien avec les coordinateur.ices de l\u2019antenne de Rennes et l\u2019autre volontaire du p\u00f4le Mineur.es non accompagn\u00e9.es, les missions r\u00e9currentes consistent en :<\/span><\/p>\n<ul>\n<li style=\"font-weight: 400;\" aria-level=\"1\"><span style=\"font-weight: 400;\">Accueil et accompagnement des b\u00e9n\u00e9voles ;<\/span><\/li>\n<li style=\"font-weight: 400;\" aria-level=\"1\"><span style=\"font-weight: 400;\">D\u00e9marchage, accueil et accompagnement des h\u00e9bergeur.euses solidaire ; <\/span><\/li>\n<li style=\"font-weight: 400;\" aria-level=\"1\"><span style=\"font-weight: 400;\">Accompagnement administratif et juridiques de mineur.es sur les temps d\u2019accueil au local ; <\/span><\/li>\n<li style=\"font-weight: 400;\" aria-level=\"1\"><span style=\"font-weight: 400;\">Mise \u00e0 l&#8217;abri d&#8217;urgence de mineur.es ou \u00e9tablissement en campements ;<\/span><\/li>\n<li style=\"font-weight: 400;\" aria-level=\"1\"><span style=\"font-weight: 400;\">Entretien du lien avec les associations et organismes partenaires.<\/span><\/li>\n<\/ul>\n<p><b><u>Formations obligatoires :<\/u><\/b><\/p>\n<p>Le\/La volontaire suivra imp\u00e9rativement les 4 journ\u00e9es de formations civiques et citoyennes propos\u00e9es par la Ligue de l\u2019Enseignement<\/p>\n<p><b><u>Informations :<\/u><\/b><\/p>\n<p><b>Prise de poste : <\/b><span style=\"font-weight: 400;\">15 f\u00e9vrier ou 15 avril 2025, pour une mission de 6 \u00e0 9 mois (\u00e0 d\u00e9finir)<br \/>\n<\/span><span style=\"color: var(--awb-text-color); font-family: var(--awb-text-font-family); font-style: var(--awb-text-font-style); letter-spacing: var(--awb-letter-spacing); text-align: var(--awb-content-alignment); text-transform: var(--awb-text-transform); background-color: var(--awb-bg-color);\"><b>Info sur les horaires :<\/b> 24h par semaine, travail exceptionnel week-end avec r\u00e9cup\u00e9ration des heures<br \/>\n<\/span><span style=\"color: var(--awb-text-color); font-family: var(--awb-text-font-family); font-style: var(--awb-text-font-style); letter-spacing: var(--awb-letter-spacing); text-align: var(--awb-content-alignment); text-transform: var(--awb-text-transform); background-color: var(--awb-bg-color);\"><b>Conditions administratives :<\/b> Avoir moins de 26 ans, \u00eatre d\u00e9tenteur.ice d\u2019un passeport europ\u00e9en, d\u2019une carte d\u2019identit\u00e9 europ\u00e9enne, d\u2019une carte de s\u00e9jour europ\u00e9enne ou d\u2019un titre de s\u00e9jour fran\u00e7ais.<\/span><\/p>\n<p><span style=\"font-weight: 400;\">Permis B souhait\u00e9 mais pas obligatoire<\/span><\/p>\n<p><b><u>Pour postuler :<\/u><\/b><span style=\"font-weight: 400;\"><br \/>\n<\/span><span style=\"font-weight: 400;\">Par e-mail \u00e0 : rennes@utopia56.org avec pour objet du mail \u201cService civique MNA + Pr\u00e9nom Nom\u201d<\/span><\/p>\n<\/div><\/div><\/div><\/div><\/div>\n","protected":false},"excerpt":{"rendered":"","protected":false},"author":1,"featured_media":27475,"comment_status":"closed","ping_status":"open","sticky":false,"template":"","format":"standard","meta":{"footnotes":""},"categories":[1,8,10],"tags":[],"class_list":["post-27473","post","type-post","status-publish","format-standard","has-post-thumbnail","hentry","category-non-classe","category-recrutement","category-rennes"],"_links":{"self":[{"href":"http:\/\/test.utopia56.org\/index.php\/wp-json\/wp\/v2\/posts\/27473","targetHints":{"allow":["GET"]}}],"collection":[{"href":"http:\/\/test.utopia56.org\/index.php\/wp-json\/wp\/v2\/posts"}],"about":[{"href":"http:\/\/test.utopia56.org\/index.php\/wp-json\/wp\/v2\/types\/post"}],"author":[{"embeddable":true,"href":"http:\/\/test.utopia56.org\/index.php\/wp-json\/wp\/v2\/users\/1"}],"replies":[{"embeddable":true,"href":"http:\/\/test.utopia56.org\/index.php\/wp-json\/wp\/v2\/comments?post=27473"}],"version-history":[{"count":0,"href":"http:\/\/test.utopia56.org\/index.php\/wp-json\/wp\/v2\/posts\/27473\/revisions"}],"wp:featuredmedia":[{"embeddable":true,"href":"http:\/\/test.utopia56.org\/index.php\/wp-json\/"}],"wp:attachment":[{"href":"http:\/\/test.utopia56.org\/index.php\/wp-json\/wp\/v2\/media?parent=27473"}],"wp:term":[{"taxonomy":"category","embeddable":true,"href":"http:\/\/test.utopia56.org\/index.php\/wp-json\/wp\/v2\/categories?post=27473"},{"taxonomy":"post_tag","embeddable":true,"href":"http:\/\/test.utopia56.org\/index.php\/wp-json\/wp\/v2\/tags?post=27473"}],"curies":[{"name":"wp","href":"https:\/\/api.w.org\/{rel}","templated":true}]}}