{"id":27433,"date":"2024-11-22T15:09:19","date_gmt":"2024-11-22T14:09:19","guid":{"rendered":"https:\/\/utopia56.org\/?p=27433"},"modified":"2024-11-22T15:09:19","modified_gmt":"2024-11-22T14:09:19","slug":"combien-de-morts-faudra-t-il-dans-la-manche-avant-que-les-etats-francais-et-britannique-ne-prennent-leurs-responsabilites","status":"publish","type":"post","link":"http:\/\/test.utopia56.org\/index.php\/2024\/11\/22\/combien-de-morts-faudra-t-il-dans-la-manche-avant-que-les-etats-francais-et-britannique-ne-prennent-leurs-responsabilites\/","title":{"rendered":"Combien de morts faudra-t-il dans la Manche avant que les \u00c9tats fran\u00e7ais et britannique ne prennent leurs responsabilit\u00e9s\u00a0?"},"content":{"rendered":"<div class=\"article-title-wrapper\"><\/div>\n<div class=\"article-content-wrapper\">\n<section class=\"chapo\">Le 24 novembre 2021, la Manche engloutissait 27 vies humaines dans le naufrage le plus meurtrier qu&#8217;a connu cette mer devenue le symbole d&#8217;une crise ignor\u00e9e.<\/section>\n<\/div>\n<section><\/section>\n<section>Si ce naufrage reste celui qui a fait le plus grand nombre de victimes, l&#8217;ann\u00e9e 2024 a battu un triste record. Depuis le d\u00e9but de l&#8217;ann\u00e9e, ce sont au moins 70 personnes qui ont perdu la vie ou sont disparues en tentant la travers\u00e9e. Les morts ne cessent pas. Pire, leur nombre se multiplie.Cette ann\u00e9e, Rola, fillette de 7 ans, est morte noy\u00e9e dans un canal sous les yeux de ses parents et ses grands fr\u00e8res, sans avoir m\u00eame atteint la Manche. Maryam, un b\u00e9b\u00e9 de quatre mois, est morte noy\u00e9e. Mansur, un enfant de 2 ans, est mort asphyxi\u00e9. Des dizaines d&#8217;enfants, de femmes et d&#8217;hommes sont d\u00e9c\u00e9d\u00e9s \u00e0 la fronti\u00e8re franco-britannique apr\u00e8s avoir fui les conflits, la pauvret\u00e9, les pers\u00e9cutions, ou simplement parce qu&#8217;ils poursuivaient l&#8217;espoir d&#8217;une vie meilleure sur les rives anglaises.Il y a peu, Bruno Retailleau, fra\u00eechement nomm\u00e9 ministre de l&#8217;Int\u00e9rieur, portait l&#8217;ind\u00e9cence \u00e0 son comble \u00e0 l&#8217;occasion d&#8217;une rencontre avec son homologue britannique, en qualifiant les d\u00e9c\u00e8s survenus au cours des semaines pr\u00e9c\u00e9dentes de \u00ab cons\u00e9quences n\u00e9fastes \u00bb de l&#8217;\u00ab efficacit\u00e9 \u00bb des forces de l&#8217;ordre.<\/p>\n<\/section>\n<p>Ces morts ne sont ni le fruit du hasard ni un simple dommage collat\u00e9ral. Ils sont les cons\u00e9quences directes des politiques migratoires sciemment mises en place par les pouvoirs publics fran\u00e7ais et britanniques pour rendre la vie des exil\u00e9s sur le littoral nord impossible.<\/p>\n<p>En effet, depuis 2021, les gouvernements fran\u00e7ais et britannique se sont engag\u00e9s dans un co\u00fbteux projet de militarisation de la fronti\u00e8re, qui n&#8217;a fait qu&#8217;exacerber la souffrance, rendre toujours plus pr\u00e9caire la vie des personnes exil\u00e9es ainsi qu&#8217;augmenter les risques et la dangerosit\u00e9 des travers\u00e9es, au lieu d&#8217;ouvrir des voies de passage l\u00e9gales et s\u00fbres entre les pays.<\/p>\n<h2><strong>Chaque nouvelle mesure r\u00e9pressive ne fait qu&#8217;aggraver la situation<\/strong><\/h2>\n<p>La politique de d\u00e9mant\u00e8lement syst\u00e9matique des lieux de vie \u00e0 l&#8217;\u0153uvre sur le littoral nord n&#8217;a pour seule cons\u00e9quence que d&#8217;augmenter la pr\u00e9carit\u00e9 et la vuln\u00e9rabilit\u00e9 des personnes qui vivent dans les camps. Kazhall, par exemple, qui a perdu la vie avec ses trois enfants le 24 novembre 2021, avait \u00e9t\u00e9 expuls\u00e9e par la police du camp de Grande-Synthe la semaine pr\u00e9c\u00e9dant le drame. Parall\u00e8lement, la multiplication des obstacles aux passages a pour corollaire d&#8217;augmenter la dangerosit\u00e9 des travers\u00e9es et de rendre le business des passeurs toujours plus lucratif.<\/p>\n<p>Ces politiques n&#8217;emp\u00eachent pas les migrations. Elles forcent simplement les personnes \u00e0 emprunter des routes toujours plus dangereuses et mortelles &#8211; jusqu&#8217;o\u00f9 devront-elles aller ?\u00a0 -, et participer \u00e0 l&#8217;enrichissement des r\u00e9seaux de passeurs &#8211; quand cela va-t-il cesser ?<\/p>\n<p>\u00c0 cela s&#8217;ajoute une autre injustice : trois ans apr\u00e8s le naufrage du 24 novembre 2021, aucune enqu\u00eate s\u00e9rieuse n&#8217;a abouti. Certaines, promises, n&#8217;ont m\u00eame pas \u00e9t\u00e9 conduites, tandis que d&#8217;autres ont \u00e9t\u00e9 entrav\u00e9es ou obstru\u00e9es. Il n&#8217;y a eu ni responsabilit\u00e9 clarifi\u00e9e ni v\u00e9rit\u00e9 r\u00e9v\u00e9l\u00e9e. Cette inaction est un outrage aux familles des victimes et une n\u00e9gation de la dignit\u00e9 humaine. La justice doit \u00eatre rendue pour que ces personnes ne soient pas seulement connues comme des chiffres, mais bel et bien reconnues comme des \u00eatres humains dont la m\u00e9moire m\u00e9rite le respect.<\/p>\n<p>Nous, organisations humanitaires et de protection des droits humains, associations et citoyens, refusons l&#8217;indiff\u00e9rence et r\u00e9clamons justice pour les disparus, dignit\u00e9 pour les vivants et l&#8217;acc\u00e8s aux voies l\u00e9gales et s\u00fbres pour mettre fin \u00e0 ces trag\u00e9dies.<\/p>\n<p>Ces drames ne peuvent continuer de s&#8217;accumuler sans que soit questionn\u00e9e la militarisation de cette fronti\u00e8re, via une surench\u00e8re de dispositifs de r\u00e9pression (kilom\u00e8tres de barri\u00e8res, barbel\u00e9s, drones, multiples patrouilles de police, avion Frontex) ayant pour cons\u00e9quence d&#8217;accro\u00eetre les risques auxquels expose son franchissement. Nous soutenons les actions men\u00e9es par les proches et familles des victimes devant les tribunaux afin que la v\u00e9rit\u00e9 \u00e9clate sur le d\u00e9roulement exact de cette nuit meurtri\u00e8re, que soient identifi\u00e9s tous les responsables et que justice soit faite. Nous exigeons une r\u00e9forme profonde et urgente des politiques migratoires, fond\u00e9es sur les principes d&#8217;humanit\u00e9 et le respect du droit international, en particulier l&#8217;obligation de porter secours aux passagers d&#8217;un bateau en difficult\u00e9 et de d\u00e9barquer les personnes dans un lieu s\u00fbr dans les meilleurs d\u00e9lais.<\/p>\n<p>_______<\/p>\n<p><strong>(*) Premiers signataires :<\/strong><\/p>\n<ul>\n<li><strong>Anne Savinel-Barras<\/strong>, Pr\u00e9sidente,\u00a0Amnesty International France<\/li>\n<li><strong>Fan\u00e9lie Carrey-Conte<\/strong>, Secr\u00e9taire g\u00e9n\u00e9rale,\u00a0La cimade<\/li>\n<li><strong>Dr Jean-Fran\u00e7ois Corty,<\/strong>\u00a0Pr\u00e9sident de\u00a0M\u00e9decins du monde<\/li>\n<li><strong>Rapha\u00ebl Torlach<\/strong>, responsable mission France,\u00a0M\u00e9decins sans\u00a0Fronti\u00e8res<\/li>\n<li><strong>Yann Manzi,<\/strong>\u00a0Cofondateur,\u00a0UTOPIA 56<\/li>\n<li><strong>Pierre-Antoine Gelot,<\/strong>\u00a0Pr\u00e9sident de l&#8217;Auberge des Migrants<\/li>\n<li><strong>Steve Smith,<\/strong>\u00a0Pr\u00e9sident,\u00a0Care4Calais<\/li>\n<li><strong>Cl\u00e9mence Sonet,<\/strong>\u00a0responsable des programmes,\u00a0Collective Aid<\/li>\n<li><strong>Bruno Morel,<\/strong>\u00a0pr\u00e9sident d&#8217;Emma\u00fcs France<\/li>\n<li><strong>Sylvie Desjonqu\u00e8res-Heem,<\/strong>\u00a0Administratrice,\u00a0Maison S\u00e9same<\/li>\n<li><strong>Saad Bouhsina,<\/strong>\u00a0Pr\u00e9sident du\u00a0comit\u00e9 local Dunkerquois du MRAP<\/li>\n<li><strong>Lily MacTaggart,<\/strong>\u00a0Coordinatrice plaidoyer,\u00a0Project Play<\/li>\n<li><strong>Caroline Cottet,<\/strong>\u00a0Pr\u00e9sidente,\u00a0Refugee Women Centre<\/li>\n<li><strong>Marie-Charlotte Fabi\u00e9,<\/strong>\u00a0directrice France,\u00a0Safe Passage International<\/li>\n<li><strong>Nathalie Perlin,<\/strong>\u00a0Membre du CA,\u00a0Terre d&#8217;errance<\/li>\n<li><strong>No\u00e9mie Cassiau,<\/strong>\u00a0Responsable terrain,\u00a0Human Rights Observers<\/li>\n<\/ul>\n<p>&nbsp;<\/p>\n<p>https:\/\/www.latribune.fr\/opinions\/tribunes\/combien-de-morts-faudra-t-il-dans-la-manche-avant-que-les-etats-francais-et-britannique-ne-prennent-leurs-responsabilites-1011783.html<\/p>\n","protected":false},"excerpt":{"rendered":"<p>Le 24 novembre 2021, la Manche engloutissait 27 vies humaines  [&#8230;]<\/p>\n","protected":false},"author":1,"featured_media":27435,"comment_status":"closed","ping_status":"open","sticky":false,"template":"","format":"standard","meta":{"footnotes":""},"categories":[12,6,14],"tags":[],"class_list":["post-27433","post","type-post","status-publish","format-standard","has-post-thumbnail","hentry","category-calais","category-communique","category-grande-synthe"],"_links":{"self":[{"href":"http:\/\/test.utopia56.org\/index.php\/wp-json\/wp\/v2\/posts\/27433","targetHints":{"allow":["GET"]}}],"collection":[{"href":"http:\/\/test.utopia56.org\/index.php\/wp-json\/wp\/v2\/posts"}],"about":[{"href":"http:\/\/test.utopia56.org\/index.php\/wp-json\/wp\/v2\/types\/post"}],"author":[{"embeddable":true,"href":"http:\/\/test.utopia56.org\/index.php\/wp-json\/wp\/v2\/users\/1"}],"replies":[{"embeddable":true,"href":"http:\/\/test.utopia56.org\/index.php\/wp-json\/wp\/v2\/comments?post=27433"}],"version-history":[{"count":0,"href":"http:\/\/test.utopia56.org\/index.php\/wp-json\/wp\/v2\/posts\/27433\/revisions"}],"wp:featuredmedia":[{"embeddable":true,"href":"http:\/\/test.utopia56.org\/index.php\/wp-json\/"}],"wp:attachment":[{"href":"http:\/\/test.utopia56.org\/index.php\/wp-json\/wp\/v2\/media?parent=27433"}],"wp:term":[{"taxonomy":"category","embeddable":true,"href":"http:\/\/test.utopia56.org\/index.php\/wp-json\/wp\/v2\/categories?post=27433"},{"taxonomy":"post_tag","embeddable":true,"href":"http:\/\/test.utopia56.org\/index.php\/wp-json\/wp\/v2\/tags?post=27433"}],"curies":[{"name":"wp","href":"https:\/\/api.w.org\/{rel}","templated":true}]}}