{"id":27417,"date":"2024-11-15T18:51:18","date_gmt":"2024-11-15T17:51:18","guid":{"rendered":"https:\/\/utopia56.org\/?p=27417"},"modified":"2024-11-15T18:51:18","modified_gmt":"2024-11-15T17:51:18","slug":"commemoration-du-naufrage-du-24-novembre-2021-trois-ans-plus-tard","status":"publish","type":"post","link":"http:\/\/test.utopia56.org\/index.php\/2024\/11\/15\/commemoration-du-naufrage-du-24-novembre-2021-trois-ans-plus-tard\/","title":{"rendered":"Comm\u00e9moration du naufrage du 24 novembre 2021. Trois ans plus tard."},"content":{"rendered":"<p class=\"cvGsUA direction-ltr align-justify para-style-body\"><strong><span class=\"OYPEnA font-feature-liga-off font-feature-clig-off font-feature-calt-off text-decoration-none text-strikethrough-none\">Ce <\/span><span class=\"OYPEnA font-feature-liga-off font-feature-clig-off font-feature-calt-off text-decoration-none text-strikethrough-none\">24 novembre<\/span><\/strong><span class=\"OYPEnA font-feature-liga-off font-feature-clig-off font-feature-calt-off text-decoration-none text-strikethrough-none\"> marquera le <\/span><span class=\"OYPEnA font-feature-liga-off font-feature-clig-off font-feature-calt-off text-decoration-none text-strikethrough-none\">fun\u00e8bre anniversaire<\/span><span class=\"OYPEnA font-feature-liga-off font-feature-clig-off font-feature-calt-off text-decoration-none text-strikethrough-none\"> du <strong>naufrage le plus meurtrier ayant eu lieu dans la Manche<\/strong>.<\/span><\/p>\n<p class=\"cvGsUA direction-ltr align-justify para-style-body\"><span class=\"OYPEnA font-feature-liga-off font-feature-clig-off font-feature-calt-off text-decoration-none text-strikethrough-none\">Il y a trois ans, dans la nuit du 23 au 24 novembre 2021, <\/span><span class=\"OYPEnA font-feature-liga-off font-feature-clig-off font-feature-calt-off text-decoration-none text-strikethrough-none\">33 personnes<\/span><span class=\"OYPEnA font-feature-liga-off font-feature-clig-off font-feature-calt-off text-decoration-none text-strikethrough-none\"> montaient \u00e0 bord d&#8217;une embarcation dans l&#8217;espoir de rejoindre l&#8217;Angleterre. <\/span><span class=\"OYPEnA font-feature-liga-off font-feature-clig-off font-feature-calt-off text-decoration-none text-strikethrough-none\">Quelques heures plus tard, l\u2019embarcation faisait naufrage : <\/span><strong><span class=\"OYPEnA font-feature-liga-off font-feature-clig-off font-feature-calt-off text-decoration-none text-strikethrough-none\">27 personnes meurent noy\u00e9es, quatre sont port\u00e9es disparues.<\/span><span class=\"OYPEnA font-feature-liga-off font-feature-clig-off font-feature-calt-off text-decoration-none text-strikethrough-none\"> Seulement deux personnes seront retrouv\u00e9es en vie.<\/span><\/strong><\/p>\n<p class=\"cvGsUA direction-ltr align-justify para-style-body\"><span class=\"OYPEnA font-feature-liga-off font-feature-clig-off font-feature-calt-off text-decoration-none text-strikethrough-none\">Une plainte est d\u00e9pos\u00e9e par les proches des victimes et des associations pour <\/span><span class=\"OYPEnA font-feature-liga-off font-feature-clig-off font-feature-calt-off text-decoration-none text-strikethrough-none\"><strong>homicide involontaire et omission de porter secours<\/strong>. <\/span><span class=\"OYPEnA font-feature-liga-off font-feature-clig-off font-feature-calt-off text-decoration-none text-strikethrough-none\">L&#8217;enqu\u00eate, toujours en cours, <strong>a r\u00e9v\u00e9l\u00e9 plusieurs<\/strong><\/span><strong><span class=\"OYPEnA font-feature-liga-off font-feature-clig-off font-feature-calt-off text-decoration-none text-strikethrough-none\"> dysfonctionnements et manquements <\/span><span class=\"OYPEnA font-feature-liga-off font-feature-clig-off font-feature-calt-off text-decoration-none text-strikethrough-none\">dans la coordination des op\u00e9rations de sauvetage. <\/span><\/strong><span class=\"OYPEnA font-feature-liga-off font-feature-clig-off font-feature-calt-off text-decoration-none text-strikethrough-none\">Sept militaires et onze passeurs devraient prochainement \u00eatre jug\u00e9s <\/span><span class=\"OYPEnA font-feature-liga-off font-feature-clig-off font-feature-calt-off text-decoration-none text-strikethrough-none\">devant la Juridiction nationale de lutte contre le crime organis\u00e9, et ce, malgr\u00e9 les tentatives d\u2019interf\u00e9rence du minist\u00e8re des Arm\u00e9es.<\/span><\/p>\n<p class=\"cvGsUA direction-ltr align-justify para-style-body\"><span class=\"OYPEnA font-feature-liga-off font-feature-clig-off font-feature-calt-off text-decoration-none text-strikethrough-none\">Depuis ce naufrage en novembre 2021, <strong>au moins <\/strong><\/span><strong><span class=\"OYPEnA font-feature-liga-off font-feature-clig-off font-feature-calt-off text-decoration-none text-strikethrough-none\">26 autres incidents mortels <\/span><\/strong><span class=\"OYPEnA font-feature-liga-off font-feature-clig-off font-feature-calt-off text-decoration-none text-strikethrough-none\"><strong>ont eu lieu dans la Manche<\/strong>.<\/span><\/p>\n<p class=\"cvGsUA direction-ltr align-justify para-style-body\"><strong><span class=\"OYPEnA font-feature-liga-off font-feature-clig-off font-feature-calt-off text-decoration-none text-strikethrough-none\">Cette ann\u00e9e 2024 est d\u00e9j\u00e0 la plus meurtri\u00e8re<\/span><span class=\"OYPEnA font-feature-liga-off font-feature-clig-off font-feature-calt-off text-decoration-none text-strikethrough-none\"> : au moins <\/span><\/strong><span class=\"OYPEnA font-feature-liga-off font-feature-clig-off font-feature-calt-off text-decoration-none text-strikethrough-none\"><strong>78 personnes ont perdu la vie<\/strong> \u00e0 cette fronti\u00e8re,<\/span><span class=\"OYPEnA font-feature-liga-off font-feature-clig-off font-feature-calt-off text-decoration-none text-strikethrough-none\"> que ce soit lors d\u2019une tentative de travers\u00e9e en bateau, en camion, ou d\u00fb aux conditions de vie sur les campements informels. <\/span><span class=\"OYPEnA font-feature-liga-off font-feature-clig-off font-feature-calt-off text-decoration-none text-strikethrough-none\">Depuis le d\u00e9but du suivi du nombre de personnes d\u00e9c\u00e9d\u00e9es \u00e0 la fronti\u00e8re en 1999, on d\u00e9compte au moins <\/span><span class=\"OYPEnA font-feature-liga-off font-feature-clig-off font-feature-calt-off text-decoration-none text-strikethrough-none\"><strong>470 victimes<\/strong>.<\/span><\/p>\n<p class=\"cvGsUA direction-ltr align-justify para-style-body\"><span class=\"OYPEnA font-feature-liga-off font-feature-clig-off font-feature-calt-off text-decoration-none text-strikethrough-none\">Construire des murs n\u2019emp\u00eache pas les femmes et hommes de passer, cela leur fait prendre plus de risques en essayant, et renforce l\u2019emprise des passeurs.<\/span><\/p>\n<p>&nbsp;<\/p>\n<p class=\"cvGsUA direction-ltr align-justify para-style-body\"><span class=\"OYPEnA font-feature-liga-off font-feature-clig-off font-feature-calt-off text-decoration-none text-strikethrough-none\">En hommage aux personnes mortes<\/span><span class=\"OYPEnA font-feature-liga-off font-feature-clig-off font-feature-calt-off text-decoration-none text-strikethrough-none\"> en exil et aux fronti\u00e8res, <\/span><span class=\"OYPEnA font-feature-liga-off font-feature-clig-off font-feature-calt-off text-decoration-none text-strikethrough-none\">en soutien aux proches<\/span><span class=\"OYPEnA font-feature-liga-off font-feature-clig-off font-feature-calt-off text-decoration-none text-strikethrough-none\"> qui demandent justice, et <\/span><span class=\"OYPEnA font-feature-liga-off font-feature-clig-off font-feature-calt-off text-decoration-none text-strikethrough-none\">pour que cessent les politiques migratoires meurtri\u00e8res<\/span><span class=\"OYPEnA font-feature-liga-off font-feature-clig-off font-feature-calt-off text-decoration-none text-strikethrough-none\">, nous nous retrouverons pour un temps de comm\u00e9moration :<\/span><\/p>\n<p class=\"cvGsUA direction-ltr align-center para-style-body\" style=\"text-align: center;\"><strong><span class=\"OYPEnA font-feature-liga-off font-feature-clig-off font-feature-calt-off text-decoration-none text-strikethrough-none\">samedi 23 novembre \u00e0 Dunkerque.<\/span><\/strong><\/p>\n<p class=\"cvGsUA direction-ltr align-justify para-style-body\"><span class=\"OYPEnA font-feature-liga-off font-feature-clig-off font-feature-calt-off text-decoration-none text-strikethrough-none\">Cette ann\u00e9e, <\/span><span class=\"OYPEnA font-feature-liga-off font-feature-clig-off font-feature-calt-off text-decoration-none text-strikethrough-none\">une table ronde est organis\u00e9e au Studio 43<\/span><span class=\"OYPEnA font-feature-liga-off font-feature-clig-off font-feature-calt-off text-decoration-none text-strikethrough-none\"> avec les t\u00e9moignages vid\u00e9os des proches des victimes et la pr\u00e9sence de la journaliste du Monde, Julia Pascual, l&#8217;avocate anglaise des familles, Maria Thomas, et l&#8217;avocate fran\u00e7aise, Jessica Lescs.<\/span><\/p>\n<p class=\"cvGsUA direction-ltr align-justify para-style-body\"><span class=\"OYPEnA font-feature-liga-off font-feature-clig-off font-feature-calt-off text-decoration-none text-strikethrough-none\">Rendez-vous d\u00e8s<strong> 18h45 place Jean Bart<\/strong><\/span><span class=\"OYPEnA font-feature-liga-off font-feature-clig-off font-feature-calt-off text-decoration-none text-strikethrough-none\"><strong> \u00e0 Dunkerque pour une marche comm\u00e9morative<\/strong> jusqu&#8217;au Parvis des droits de l&#8217;Homme, <strong>puis <\/strong><\/span><strong><span class=\"OYPEnA font-feature-liga-off font-feature-clig-off font-feature-calt-off text-decoration-none text-strikethrough-none\">d\u00e8s 20h30 au Studio 43 pour le temps d\u2019\u00e9change.<\/span><\/strong><\/p>\n<p>&nbsp;<\/p>\n","protected":false},"excerpt":{"rendered":"<p>Ce 24 novembre marquera le fun\u00e8bre anniversaire du naufrage le  [&#8230;]<\/p>\n","protected":false},"author":1,"featured_media":27421,"comment_status":"closed","ping_status":"open","sticky":false,"template":"","format":"standard","meta":{"footnotes":""},"categories":[12,6,14,17],"tags":[],"class_list":["post-27417","post","type-post","status-publish","format-standard","has-post-thumbnail","hentry","category-calais","category-communique","category-grande-synthe","category-manifestation"],"_links":{"self":[{"href":"http:\/\/test.utopia56.org\/index.php\/wp-json\/wp\/v2\/posts\/27417","targetHints":{"allow":["GET"]}}],"collection":[{"href":"http:\/\/test.utopia56.org\/index.php\/wp-json\/wp\/v2\/posts"}],"about":[{"href":"http:\/\/test.utopia56.org\/index.php\/wp-json\/wp\/v2\/types\/post"}],"author":[{"embeddable":true,"href":"http:\/\/test.utopia56.org\/index.php\/wp-json\/wp\/v2\/users\/1"}],"replies":[{"embeddable":true,"href":"http:\/\/test.utopia56.org\/index.php\/wp-json\/wp\/v2\/comments?post=27417"}],"version-history":[{"count":0,"href":"http:\/\/test.utopia56.org\/index.php\/wp-json\/wp\/v2\/posts\/27417\/revisions"}],"wp:featuredmedia":[{"embeddable":true,"href":"http:\/\/test.utopia56.org\/index.php\/wp-json\/"}],"wp:attachment":[{"href":"http:\/\/test.utopia56.org\/index.php\/wp-json\/wp\/v2\/media?parent=27417"}],"wp:term":[{"taxonomy":"category","embeddable":true,"href":"http:\/\/test.utopia56.org\/index.php\/wp-json\/wp\/v2\/categories?post=27417"},{"taxonomy":"post_tag","embeddable":true,"href":"http:\/\/test.utopia56.org\/index.php\/wp-json\/wp\/v2\/tags?post=27417"}],"curies":[{"name":"wp","href":"https:\/\/api.w.org\/{rel}","templated":true}]}}