{"id":27326,"date":"2024-10-25T15:15:41","date_gmt":"2024-10-25T13:15:41","guid":{"rendered":"https:\/\/utopia56.org\/?p=27326"},"modified":"2024-10-25T15:15:41","modified_gmt":"2024-10-25T13:15:41","slug":"20-ans-frontex","status":"publish","type":"post","link":"http:\/\/test.utopia56.org\/index.php\/2024\/10\/25\/20-ans-frontex\/","title":{"rendered":"20 ans de Frontex; ou comment l\u2019Europe se rend coupable de violation des droits humains."},"content":{"rendered":"<div class=\"fusion-fullwidth fullwidth-box fusion-builder-row-1 fusion-flex-container nonhundred-percent-fullwidth non-hundred-percent-height-scrolling\" style=\"--awb-border-radius-top-left:0px;--awb-border-radius-top-right:0px;--awb-border-radius-bottom-right:0px;--awb-border-radius-bottom-left:0px;--awb-flex-wrap:wrap;\" ><div class=\"fusion-builder-row fusion-row fusion-flex-align-items-flex-start fusion-flex-content-wrap\" style=\"max-width:1248px;margin-left: calc(-4% \/ 2 );margin-right: calc(-4% \/ 2 );\"><div class=\"fusion-layout-column fusion_builder_column fusion-builder-column-0 fusion_builder_column_1_1 1_1 fusion-flex-column\" style=\"--awb-bg-blend:overlay;--awb-bg-size:cover;--awb-width-large:100%;--awb-margin-top-large:0px;--awb-spacing-right-large:1.92%;--awb-margin-bottom-large:0px;--awb-spacing-left-large:1.92%;--awb-width-medium:100%;--awb-spacing-right-medium:1.92%;--awb-spacing-left-medium:1.92%;--awb-width-small:100%;--awb-spacing-right-small:1.92%;--awb-spacing-left-small:1.92%;\"><div class=\"fusion-column-wrapper fusion-flex-justify-content-flex-start fusion-content-layout-column\"><div class=\"fusion-text fusion-text-1\"><h2><b>Fron<\/b><b>&#8211; quoi?<br \/>\n<\/b><\/h2>\n<p><span style=\"background-color: var(--awb-bg-color); color: var(--awb-text-color); font-family: var(--awb-text-font-family); letter-spacing: var(--awb-letter-spacing); text-align: var(--awb-content-alignment); text-transform: var(--awb-text-transform);\"><span style=\"font-style: var(--awb-text-font-style); font-weight: var(--awb-text-font-weight);\">Frontex (pour Fronti\u00e8res Ext\u00e9rieures) est l\u2019Agence europ\u00e9enne de garde fronti\u00e8res et de garde-c\u00f4tes. Elle est charg\u00e9e du contr\u00f4le et de la gestion des fronti\u00e8res ext\u00e9rieures de l&#8217;espace Schengen.<\/span><\/span><\/p>\n<p><span style=\"color: var(--awb-text-color); font-family: var(--awb-text-font-family); font-style: var(--awb-text-font-style); letter-spacing: var(--awb-letter-spacing); text-align: var(--awb-content-alignment); text-transform: var(--awb-text-transform); background-color: var(--awb-bg-color);\">Cr\u00e9\u00e9e en 2004, elle a beaucoup \u00e9volu\u00e9, notamment en \u00e9largissant ses missions en 2016 et en cr\u00e9ant son propre corps de gardes en 2019. Peu \u00e0 peu, elle est devenue le bras arm\u00e9 de la politique migratoire europ\u00e9enne.<\/span><\/p>\n<p><span style=\"color: var(--awb-text-color); font-family: var(--awb-text-font-family); font-style: var(--awb-text-font-style); letter-spacing: var(--awb-letter-spacing); text-align: var(--awb-content-alignment); text-transform: var(--awb-text-transform); background-color: var(--awb-bg-color);\">C\u2019est \u00e0 partir de cette m\u00eame ann\u00e9e 2019, que l\u2019agence est accus\u00e9e de violer les droits fondamentaux des personnes et de collaborer avec des \u00c9tats qui ne respectent pas les droits de l\u2019homme.<\/span><\/p>\n<p><span style=\"color: var(--awb-text-color); font-family: var(--awb-text-font-family); font-style: var(--awb-text-font-style); letter-spacing: var(--awb-letter-spacing); text-align: var(--awb-content-alignment); text-transform: var(--awb-text-transform); background-color: var(--awb-bg-color);\">En mars dernier, Utopia 56 a d\u00e9pos\u00e9 plainte contre Fabrice Leggeri (directeur de Frontex de 2015 \u00e0 2022 et num\u00e9ro trois du RN aux europ\u00e9ennes 2024), pour complicit\u00e9 de crime contre l\u2019humanit\u00e9 et crime de torture.<\/span><\/p>\n<h2><b>L\u2019agence op\u00e9rationnelle la mieux dot\u00e9e de toute l\u2019Union europ\u00e9enne.<\/b><\/h2>\n<p><span style=\"color: var(--awb-text-color); font-family: var(--awb-text-font-family); font-style: var(--awb-text-font-style); letter-spacing: var(--awb-letter-spacing); text-align: var(--awb-content-alignment); text-transform: var(--awb-text-transform); background-color: var(--awb-bg-color);\">Le budget de l\u2019agence Frontex \u00e9tait initialement pr\u00e9vu \u00e0 143 millions d&#8217;euros pour 2015. Il a plus que doubl\u00e9 et est pass\u00e9 \u00e0 460 millions d&#8217;euros en 2020 et a atteint 845 millions en 2023. D\u2019ici 2027, il devrait atteindre 900 millions d\u2019euros annuels.<\/span><\/p>\n<p><span style=\"color: var(--awb-text-color); font-family: var(--awb-text-font-family); font-style: var(--awb-text-font-style); letter-spacing: var(--awb-letter-spacing); text-align: var(--awb-content-alignment); text-transform: var(--awb-text-transform); background-color: var(--awb-bg-color);\">De plus, l\u2019\u00e9quipe initiale \u00e9tait constitu\u00e9e de 45 agents en 2005, pour passer \u00e0 1 500 personnes en 2022. Elle a pour projet d\u2019atteindre 10 000 membres d&#8217;ici \u00e0 2027.<\/span><\/p>\n<h2><b>Comment \u00e7a marche ? <\/b><\/h2>\n<p><span style=\"color: var(--awb-text-color); font-family: var(--awb-text-font-family); font-style: var(--awb-text-font-style); letter-spacing: var(--awb-letter-spacing); text-align: var(--awb-content-alignment); text-transform: var(--awb-text-transform); background-color: var(--awb-bg-color);\">Les \u00c9tats membres de l\u2019Union europ\u00e9enne et de l\u2019espace Schengen sont responsables du contr\u00f4le de leurs fronti\u00e8res avec des pays tiers. Frontex a pour but de les assister. <\/span><\/p>\n<p><span style=\"color: var(--awb-text-color); font-family: var(--awb-text-font-family); font-style: var(--awb-text-font-style); letter-spacing: var(--awb-letter-spacing); text-align: var(--awb-content-alignment); text-transform: var(--awb-text-transform); background-color: var(--awb-bg-color);\">Sa mission principale est d\u2019assurer la gestion europ\u00e9enne des fronti\u00e8res ext\u00e9rieures et d\u2019accro\u00eetre l\u2019efficacit\u00e9 de la politique d\u2019expulsion de l\u2019Union europ\u00e9enne, mais elle a aussi des obligations li\u00e9es \u00e0 la s\u00e9curit\u00e9 maritime et aux activit\u00e9s de recherche et de sauvetage.<\/span><\/p>\n<p><span style=\"color: var(--awb-text-color); font-family: var(--awb-text-font-family); font-style: var(--awb-text-font-style); letter-spacing: var(--awb-letter-spacing); text-align: var(--awb-content-alignment); text-transform: var(--awb-text-transform); background-color: var(--awb-bg-color);\">L\u2019agence travaille \u00e9troitement avec des pays m\u00eame en dehors de l\u2019Europe et d\u00e9l\u00e8gue certaines de ses missions. <\/span><\/p>\n<p><span style=\"color: var(--awb-text-color); font-family: var(--awb-text-font-family); font-style: var(--awb-text-font-style); letter-spacing: var(--awb-letter-spacing); text-align: var(--awb-content-alignment); text-transform: var(--awb-text-transform); background-color: var(--awb-bg-color);\">En 2016, un accord a notamment \u00e9t\u00e9 sign\u00e9 avec la Turquie pour la gestion de la fronti\u00e8re. Frontex forme \u00e9galement des gardes-c\u00f4tes libyens depuis plusieurs ann\u00e9es. Des pays pourtant connus pour des cas grave de refoulement et de torture.<\/span><\/p>\n<h2><b>Pourquoi on ne les aime pas ?<\/b><\/h2>\n<p><span style=\"color: var(--awb-text-color); font-family: var(--awb-text-font-family); font-style: var(--awb-text-font-style); letter-spacing: var(--awb-letter-spacing); text-align: var(--awb-content-alignment); text-transform: var(--awb-text-transform); background-color: var(--awb-bg-color);\">D\u00e8s 2019 des enqu\u00eates journalistiques montrent que l\u2019agence Frontex tol\u00e8re et se rend coupable de violations des droits fondamentaux de r\u00e9fugi\u00e9s. En 2022, plus de 10 enqu\u00eates \u00e9taient en cours sur ses agissements.<\/span><\/p>\n<p><span style=\"color: var(--awb-text-color); font-family: var(--awb-text-font-family); font-style: var(--awb-text-font-style); letter-spacing: var(--awb-letter-spacing); text-align: var(--awb-content-alignment); text-transform: var(--awb-text-transform); background-color: var(--awb-bg-color);\">La direction de Frontex a cach\u00e9, \u00e0 plusieurs reprises, \u00e0 son propre responsable des droits fondamentaux, les cas de violations possibles des droits de l\u2019homme. <\/span><\/p>\n<p><span style=\"color: var(--awb-text-color); font-family: var(--awb-text-font-family); font-style: var(--awb-text-font-style); letter-spacing: var(--awb-letter-spacing); text-align: var(--awb-content-alignment); text-transform: var(--awb-text-transform); background-color: var(--awb-bg-color);\">En plus de sous-traiter certaines de ses missions \u00e0 des pays coupables de crimes humanitaires, l\u2019agence a pratiqu\u00e9 des renvois ill\u00e9gaux de personnes exil\u00e9es dans plusieurs zones o\u00f9 elle intervient.<\/span><\/p>\n<p><span style=\"color: var(--awb-text-color); font-family: var(--awb-text-font-family); font-style: var(--awb-text-font-style); letter-spacing: var(--awb-letter-spacing); text-align: var(--awb-content-alignment); text-transform: var(--awb-text-transform); background-color: var(--awb-bg-color);\">Si Frontex a \u00e9t\u00e9 cr\u00e9\u00e9e pour aider la gestion des fronti\u00e8res ext\u00e9rieures de l\u2019UE, l\u2019argent a \u00e9t\u00e9 investi presque uniquement dans la surveillance et non dans le sauvetage. Au contraire, Frontex a mis des centaines de vies en danger par ces agissements et est coupable de nombreux crimes.<\/span><\/p>\n<h2><b>Collaboration avec les gardes c\u00f4tes libyens.<\/b><\/h2>\n<p><span style=\"color: var(--awb-text-color); font-family: var(--awb-text-font-family); font-style: var(--awb-text-font-style); letter-spacing: var(--awb-letter-spacing); text-align: var(--awb-content-alignment); text-transform: var(--awb-text-transform); background-color: var(--awb-bg-color);\">Depuis 2015, l\u2019UE a consacr\u00e9 700 millions d\u2019euros en Libye. En plus de ce soutien financier et mat\u00e9riel, Frontex forme les gardes c\u00f4tes, ceux-l\u00e0 m\u00eames qui commettent des violations r\u00e9p\u00e9t\u00e9es du droit maritime et humanitaire : refoulement, tir \u00e0 balle r\u00e9elle, menaces, mise en danger, etc&#8230;<\/span><\/p>\n<p><span style=\"color: var(--awb-text-color); font-family: var(--awb-text-font-family); font-style: var(--awb-text-font-style); letter-spacing: var(--awb-letter-spacing); text-align: var(--awb-content-alignment); text-transform: var(--awb-text-transform); background-color: var(--awb-bg-color);\">Frontex facilite les retours forc\u00e9s des personnes exil\u00e9es en Libye, pays dans lequel elles sont expos\u00e9es \u00e0 des violences physiques et sexuelles, au travail forc\u00e9, \u00e0 la torture et au racket.<\/span><\/p>\n<p><span style=\"color: var(--awb-text-color); font-family: var(--awb-text-font-family); font-style: var(--awb-text-font-style); letter-spacing: var(--awb-letter-spacing); text-align: var(--awb-content-alignment); text-transform: var(--awb-text-transform); background-color: var(--awb-bg-color);\">En effet, l\u2019agence participe \u00e0 l\u2019interception d\u2019embarcations par les gardes cotes libyens, en les pr\u00e9venant des embarcations rep\u00e9r\u00e9es avant m\u00eame de contacter des navires de secours, ou de commerces qui seraient plus proches.<\/span><\/p>\n<p><span style=\"color: var(--awb-text-color); font-family: var(--awb-text-font-family); font-style: var(--awb-text-font-style); letter-spacing: var(--awb-letter-spacing); text-align: var(--awb-content-alignment); text-transform: var(--awb-text-transform); background-color: var(--awb-bg-color);\">L\u2019agence a des avions et diff\u00e9rents moyens de surveillance en M\u00e9diterran\u00e9e et les utilise pour participer aux refoulements ill\u00e9gaux.<\/span><\/p>\n<h2><b>Cas de push-backs et drames en M\u00e9diterran\u00e9e.<\/b><\/h2>\n<p><span style=\"color: var(--awb-text-color); font-family: var(--awb-text-font-family); font-style: var(--awb-text-font-style); letter-spacing: var(--awb-letter-spacing); text-align: var(--awb-content-alignment); text-transform: var(--awb-text-transform); background-color: var(--awb-bg-color);\">Depuis 2020, au moins 2000 cas de pushbacks en mer, de la Gr\u00e8ce vers la Turquie, ont \u00e9t\u00e9 observ\u00e9s.<\/span><\/p>\n<p><span style=\"color: var(--awb-text-color); font-family: var(--awb-text-font-family); font-style: var(--awb-text-font-style); letter-spacing: var(--awb-letter-spacing); text-align: var(--awb-content-alignment); text-transform: var(--awb-text-transform); background-color: var(--awb-bg-color);\">Alors m\u00eame que les personnes sont arriv\u00e9es dans les eaux grecques (et donc en Europe), les autorit\u00e9s les obligent \u00e0 faire demi-tour mettant tout le monde en danger. Elles ont \u00e9galement \u201ctract\u00e9\u201d certaines des embarcations vers la Turquie. Ces agissements sont en parfaite violation du droit international et europ\u00e9en, alors qu\u2019ils ont lieu sous la surveillance de l\u2019agence Frontex.<\/span><\/p>\n<p><span style=\"color: var(--awb-text-color); font-family: var(--awb-text-font-family); font-style: var(--awb-text-font-style); letter-spacing: var(--awb-letter-spacing); text-align: var(--awb-content-alignment); text-transform: var(--awb-text-transform); background-color: var(--awb-bg-color);\">L\u2019agence est \u00e9galement coupable d\u2019avoir laiss\u00e9 des personnes en d\u00e9tresse sans intervention, amenant \u00e0 des drames. Des centaines, voir des milliers de personnes sont mortes sous leurs yeux. A l\u2019exemple du 14 juin 2023, o\u00f9 650 personnes ont disparu lors du naufrage de l\u2019Adriana. L\u2019embarcation avait \u00e9t\u00e9 rep\u00e9r\u00e9e par un avion Frontex, mais aucun message de \u201cmayday\u201d n\u2019a \u00e9t\u00e9 lanc\u00e9.<\/span><\/p>\n<h2><b>FRONTEX aux autres fronti\u00e8res terrestres ? <\/b><\/h2>\n<p><span style=\"color: var(--awb-text-color); font-family: var(--awb-text-font-family); font-style: var(--awb-text-font-style); letter-spacing: var(--awb-letter-spacing); text-align: var(--awb-content-alignment); text-transform: var(--awb-text-transform); background-color: var(--awb-bg-color);\">Des cas de refoulement ont aussi \u00e9t\u00e9 rapport\u00e9s dans les Balkans (en Europe de l\u2019Est). Des personnes venues demander l\u2019asile en Bulgarie ont par exemple \u00e9t\u00e9 enferm\u00e9es et reconduites de force, en pleine nuit, \u00e0 la fronti\u00e8re Turque. <\/span><\/p>\n<p><span style=\"color: var(--awb-text-color); font-family: var(--awb-text-font-family); font-style: var(--awb-text-font-style); letter-spacing: var(--awb-letter-spacing); text-align: var(--awb-content-alignment); text-transform: var(--awb-text-transform); background-color: var(--awb-bg-color);\">Le r\u00e8glement de Frontex ob\u00e9it \u00e0 la Convention de Gen\u00e8ve, selon laquelle un r\u00e9fugi\u00e9 ne peut pas \u00eatre renvoy\u00e9 dans un pays o\u00f9 sa vie est menac\u00e9e.<\/span><\/p>\n<p><span style=\"color: var(--awb-text-color); font-family: var(--awb-text-font-family); font-style: var(--awb-text-font-style); letter-spacing: var(--awb-letter-spacing); text-align: var(--awb-content-alignment); text-transform: var(--awb-text-transform); background-color: var(--awb-bg-color);\">De nombreux t\u00e9moignages rapportent \u00e9galement les brutalit\u00e9s commises par des agents bulgares participant aux op\u00e9rations de Frontex : coups de b\u00e2ton, d\u00e9shabillage de force, vols d\u2019effets personnels, agressions verbales, blessures graves inflig\u00e9es par des chiens, etc.<\/span><\/p>\n<p><span style=\"color: var(--awb-text-color); font-family: var(--awb-text-font-family); font-style: var(--awb-text-font-style); letter-spacing: var(--awb-letter-spacing); text-align: var(--awb-content-alignment); text-transform: var(--awb-text-transform); background-color: var(--awb-bg-color);\">Le silence de l\u2019agence face au non-respect des droits humains dont elle est t\u00e9moin et qui ne cessent de se multiplier et de s\u2019aggraver, est affligeant.<\/span><\/p>\n<h2><b>La pr\u00e9sence de Frontex en France.<\/b><\/h2>\n<p><span style=\"color: var(--awb-text-color); font-family: var(--awb-text-font-family); font-style: var(--awb-text-font-style); letter-spacing: var(--awb-letter-spacing); text-align: var(--awb-content-alignment); text-transform: var(--awb-text-transform); background-color: var(--awb-bg-color);\">Depuis 2021, un avion de surveillance de Frontex survole \u00e9galement la Manche pour suivre les tentatives de travers\u00e9e par les personnes cherchant \u00e0 rejoindre l\u2019Angleterre. L\u2019avion est notamment en lien direct avec les \u00e9quipes de police au sol qui cherchent \u00e0 emp\u00eacher les d\u00e9parts.<\/span><\/p>\n<p><span style=\"color: var(--awb-text-color); font-family: var(--awb-text-font-family); font-style: var(--awb-text-font-style); letter-spacing: var(--awb-letter-spacing); text-align: var(--awb-content-alignment); text-transform: var(--awb-text-transform); background-color: var(--awb-bg-color);\">De plus, comme dans beaucoup d\u2019autres pays europ\u00e9ens, l\u2019agence participe financi\u00e8rement aux op\u00e9rations de retours forc\u00e9s au d\u00e9part de la France: en 2022, 50 vols group\u00e9s avaient \u00e9t\u00e9 organis\u00e9s avec un soutien de 3,2 millions d\u2019euros de la part de l\u2019agence europ\u00e9enne (le co\u00fbt moyen d\u2019un renvoi forc\u00e9 est estim\u00e9 \u00e0 13 800\u20ac par personne).<\/span><\/p>\n<p><span style=\"color: var(--awb-text-color); font-family: var(--awb-text-font-family); font-style: var(--awb-text-font-style); letter-spacing: var(--awb-letter-spacing); text-align: var(--awb-content-alignment); text-transform: var(--awb-text-transform); background-color: var(--awb-bg-color);\">Des agents Frontex sont par ailleurs pr\u00e9sents dans les principaux a\u00e9roports fran\u00e7ais pour contr\u00f4ler les personnes arrivant de l\u2019\u00e9tranger.<\/span><\/p>\n<h2><b>Et bon anniversaire Frontex &#8230;<\/b><\/h2>\n<p><span style=\"color: var(--awb-text-color); font-family: var(--awb-text-font-family); font-style: var(--awb-text-font-style); letter-spacing: var(--awb-letter-spacing); text-align: var(--awb-content-alignment); text-transform: var(--awb-text-transform); background-color: var(--awb-bg-color);\">Samedi 26 octobre, cela fera 20 ans que l\u2019agence Frontex existe. <\/span><\/p>\n<p><span style=\"color: var(--awb-text-color); font-family: var(--awb-text-font-family); font-style: var(--awb-text-font-style); letter-spacing: var(--awb-letter-spacing); text-align: var(--awb-content-alignment); text-transform: var(--awb-text-transform); background-color: var(--awb-bg-color);\">L\u2019agence n\u2019a cess\u00e9 de se renforcer et de grossir, mais a toujours privil\u00e9gi\u00e9 surveillance et enfermement, au sauvetage et \u00e0 l\u2019aide \u00e0 l\u2019accueil.<\/span><\/p>\n<p><span style=\"color: var(--awb-text-color); font-family: var(--awb-text-font-family); font-style: var(--awb-text-font-style); letter-spacing: var(--awb-letter-spacing); text-align: var(--awb-content-alignment); text-transform: var(--awb-text-transform); background-color: var(--awb-bg-color);\">Depuis 2019, les enqu\u00eates et r\u00e9v\u00e9lations se multiplient sur les agissements de cette agence qui n\u2019a de respect ni pour le droit humanitaire, ni pour les droits humains.<\/span><\/p>\n<p><span style=\"color: var(--awb-text-color); font-family: var(--awb-text-font-family); font-style: var(--awb-text-font-style); letter-spacing: var(--awb-letter-spacing); text-align: var(--awb-content-alignment); text-transform: var(--awb-text-transform); background-color: var(--awb-bg-color);\">Complice de torture, complice de crime contre l\u2019humanit\u00e9, de refoulement, de violences, les exemples s\u2019accumulent chaque jour.<\/span><\/p>\n<p><span style=\"color: var(--awb-text-color); font-family: var(--awb-text-font-family); font-style: var(--awb-text-font-style); letter-spacing: var(--awb-letter-spacing); text-align: var(--awb-content-alignment); text-transform: var(--awb-text-transform); background-color: var(--awb-bg-color);\">De multiples acteurs (soci\u00e9t\u00e9 civile, m\u00e9dias, institutions) d\u00e9noncent et documentent depuis plus de dix ans l\u2019incompatibilit\u00e9 du mandat et des activit\u00e9s de Frontex avec le respect des droits fondamentaux. Cela doit cesser.<\/span><\/p>\n<p>&nbsp;<\/p>\n<p><em>Sources : LaCimade.org, publicsenat.fr, touteleurope.eu, msf.fr, forumrefugies.org, lighthouseua.hypotheses.org, LeMonde.fr.<\/em><\/p>\n<\/div><\/div><\/div><\/div><\/div>\n","protected":false},"excerpt":{"rendered":"","protected":false},"author":1,"featured_media":27329,"comment_status":"closed","ping_status":"open","sticky":false,"template":"","format":"standard","meta":{"footnotes":""},"categories":[19,18],"tags":[],"class_list":["post-27326","post","type-post","status-publish","format-standard","has-post-thumbnail","hentry","category-acces-aux-droits-fondamentaux","category-article"],"_links":{"self":[{"href":"http:\/\/test.utopia56.org\/index.php\/wp-json\/wp\/v2\/posts\/27326","targetHints":{"allow":["GET"]}}],"collection":[{"href":"http:\/\/test.utopia56.org\/index.php\/wp-json\/wp\/v2\/posts"}],"about":[{"href":"http:\/\/test.utopia56.org\/index.php\/wp-json\/wp\/v2\/types\/post"}],"author":[{"embeddable":true,"href":"http:\/\/test.utopia56.org\/index.php\/wp-json\/wp\/v2\/users\/1"}],"replies":[{"embeddable":true,"href":"http:\/\/test.utopia56.org\/index.php\/wp-json\/wp\/v2\/comments?post=27326"}],"version-history":[{"count":0,"href":"http:\/\/test.utopia56.org\/index.php\/wp-json\/wp\/v2\/posts\/27326\/revisions"}],"wp:featuredmedia":[{"embeddable":true,"href":"http:\/\/test.utopia56.org\/index.php\/wp-json\/"}],"wp:attachment":[{"href":"http:\/\/test.utopia56.org\/index.php\/wp-json\/wp\/v2\/media?parent=27326"}],"wp:term":[{"taxonomy":"category","embeddable":true,"href":"http:\/\/test.utopia56.org\/index.php\/wp-json\/wp\/v2\/categories?post=27326"},{"taxonomy":"post_tag","embeddable":true,"href":"http:\/\/test.utopia56.org\/index.php\/wp-json\/wp\/v2\/tags?post=27326"}],"curies":[{"name":"wp","href":"https:\/\/api.w.org\/{rel}","templated":true}]}}