{"id":27310,"date":"2024-10-24T16:01:23","date_gmt":"2024-10-24T14:01:23","guid":{"rendered":"https:\/\/utopia56.org\/?p=27310"},"modified":"2024-10-24T16:01:23","modified_gmt":"2024-10-24T14:01:23","slug":"assemblee-generale-utopia-56-le-07-novembre-2024","status":"publish","type":"post","link":"http:\/\/test.utopia56.org\/index.php\/2024\/10\/24\/assemblee-generale-utopia-56-le-07-novembre-2024\/","title":{"rendered":"Assembl\u00e9e g\u00e9n\u00e9rale Utopia 56 le 07 novembre 2024"},"content":{"rendered":"<div class=\"fusion-fullwidth fullwidth-box fusion-builder-row-1 fusion-flex-container nonhundred-percent-fullwidth non-hundred-percent-height-scrolling\" style=\"--awb-border-radius-top-left:0px;--awb-border-radius-top-right:0px;--awb-border-radius-bottom-right:0px;--awb-border-radius-bottom-left:0px;--awb-flex-wrap:wrap;\" ><div class=\"fusion-builder-row fusion-row fusion-flex-align-items-flex-start fusion-flex-content-wrap\" style=\"max-width:1248px;margin-left: calc(-4% \/ 2 );margin-right: calc(-4% \/ 2 );\"><div class=\"fusion-layout-column fusion_builder_column fusion-builder-column-0 fusion_builder_column_1_1 1_1 fusion-flex-column\" style=\"--awb-bg-blend:overlay;--awb-bg-size:cover;--awb-width-large:100%;--awb-margin-top-large:0px;--awb-spacing-right-large:1.92%;--awb-margin-bottom-large:0px;--awb-spacing-left-large:1.92%;--awb-width-medium:100%;--awb-spacing-right-medium:1.92%;--awb-spacing-left-medium:1.92%;--awb-width-small:100%;--awb-spacing-right-small:1.92%;--awb-spacing-left-small:1.92%;\"><div class=\"fusion-column-wrapper fusion-flex-justify-content-flex-start fusion-content-layout-column\"><div class=\"fusion-text fusion-text-1\"><p>Cher\u00b7e ami\u00b7e de l&#8217;association Utopia 56,<\/p>\n<p>Nous avons le plaisir de vous convier \u00e0 notre assembl\u00e9e g\u00e9n\u00e9rale annuelle qui se tiendra le jeudi 7 novembre \u00e0 19h30, en visio-conf\u00e9rence. Cette r\u00e9union rev\u00eat une importance capitale pour notre association et notre vie d\u00e9mocratique, car elle nous permettra de nous rassembler inter-antennes pour discuter de nos actions et de l&#8217;avenir de notre association.<\/p>\n<p><b>Voici l&#8217;ordre du jour de cette assembl\u00e9e g\u00e9n\u00e9rale :<\/b><\/p>\n<ul>\n<li>Accueil en ligne \u00e0 partir de 19h20<\/li>\n<li>Pr\u00e9sentation du d\u00e9roul\u00e9 et explication des modalit\u00e9s de vote<\/li>\n<\/ul>\n<p><b>Assembl\u00e9e g\u00e9n\u00e9rale extraordinaire (\u00e0 partir de 19h35) :<\/b><\/p>\n<ul>\n<li><span style=\"color: var(--awb-text-color); font-family: var(--awb-text-font-family); font-size: var(--awb-font-size); font-style: var(--awb-text-font-style); font-weight: var(--awb-text-font-weight); letter-spacing: var(--awb-letter-spacing); text-align: var(--awb-content-alignment); text-transform: var(--awb-text-transform); background-color: var(--awb-bg-color);\">Modifications des statuts (vote)<\/span><\/li>\n<\/ul>\n<p><b>Assembl\u00e9e g\u00e9n\u00e9rale ordinaire (\u00e0 partir de 19h50) :<\/b><\/p>\n<ul>\n<li>Validation du proc\u00e8s-verbal de la derni\u00e8re assembl\u00e9e g\u00e9n\u00e9rale (vote)<\/li>\n<li>Pr\u00e9sentation du rapport moral par les co-pr\u00e9sidentes<\/li>\n<li>Pr\u00e9sentation du bilan d&#8217;activit\u00e9 de l\u2019association<\/li>\n<li>Information sur la vie des antennes et les projets de communication-plaidoyers<\/li>\n<li>Pr\u00e9sentation du rapport financier<\/li>\n<li>Vote pour le rapport moral, le bilan des activit\u00e9s et le bilan financier 2023<\/li>\n<li>Pr\u00e9sentation du projet 2024\/2025 et pr\u00e9sentation du budget pr\u00e9visionnel 2024 (vote)<\/li>\n<li>Pr\u00e9sentation et \u00e9lection des candidat\u00b7es au conseil d\u2019administration (vote)<\/li>\n<li>Questions diverses<\/li>\n<\/ul>\n<div>\n<p><span style=\"color: var(--awb-text-color); font-family: var(--awb-text-font-family); font-size: var(--awb-font-size); font-style: var(--awb-text-font-style); font-weight: var(--awb-text-font-weight); letter-spacing: var(--awb-letter-spacing); text-align: var(--awb-content-alignment); text-transform: var(--awb-text-transform); background-color: var(--awb-bg-color);\">Il sera possible de poser des questions en ligne tout du long. Nous pr\u00e9voyons que la r\u00e9union se termine vers 22h20.<\/span><\/p>\n<p>Veuillez noter que seul\u00b7es les adh\u00e9rent\u00b7es \u00e0 jour de leur cotisation pour l&#8217;ann\u00e9e 2024 auront le droit de voter. Bien que ce ne soit pas obligatoire pour participer \u00e0 l&#8217;assembl\u00e9e g\u00e9n\u00e9rale, vous pouvez adh\u00e9rer \u00e0 Utopia 56 en cliquant ici.<\/p>\n<p>Pour des questions d\u2019organisation, seules les personnes \u00e0 jour de leur cotisation jeudi 7 novembre \u00e0 maximum 19h30, \u00e0 l\u2019ouverture de l\u2019Assembl\u00e9e g\u00e9n\u00e9rale, pourront voter. Une fois la r\u00e9union lanc\u00e9e, si vous avez oubli\u00e9 de renouveler votre adh\u00e9sion 2024 et que vous le faites apr\u00e8s 19h30, votre vote ne pourra pas \u00eatre pris en compte.<\/p>\n<p>Cette adh\u00e9sion vous permettra de d\u00e9fendre la possibilit\u00e9 d\u2019un accueil digne et solidaire, de, en venant directement sur le terrain, comprendre la r\u00e9alit\u00e9 de l\u2019accueil des personnes en exil en France et de soutenir notre action, ind\u00e9pendante de financement public.<\/p>\n<p style=\"text-align: center;\"><b style=\"color: var(--awb-color5); font-family: var(--awb-text-font-family); font-size: var(--awb-font-size); font-style: var(--awb-text-font-style); letter-spacing: var(--awb-letter-spacing); text-align: var(--awb-content-alignment); text-transform: var(--awb-text-transform); background-color: var(--awb-bg-color);\">Pour prendre part \u00e0 l&#8217;assembl\u00e9e g\u00e9n\u00e9rale,<br \/>\n<\/b><b style=\"color: var(--awb-text-color); font-family: var(--awb-text-font-family); font-size: var(--awb-font-size); font-style: var(--awb-text-font-style); letter-spacing: var(--awb-letter-spacing); text-transform: var(--awb-text-transform); background-color: var(--awb-bg-color);\"><b style=\"color: var(--awb-color5); font-family: var(--awb-text-font-family); font-size: var(--awb-font-size); font-style: var(--awb-text-font-style); letter-spacing: var(--awb-letter-spacing); text-align: var(--awb-content-alignment); text-transform: var(--awb-text-transform); background-color: var(--awb-bg-color);\">veuillez vous inscrire via le lien suivant :<\/b><\/b><\/p>\n<div style=\"text-align: center;\"><b><b style=\"color: var(--awb-text-color); font-family: var(--awb-text-font-family); font-size: var(--awb-font-size); font-style: var(--awb-text-font-style); letter-spacing: var(--awb-letter-spacing); text-align: var(--awb-content-alignment); text-transform: var(--awb-text-transform); background-color: var(--awb-bg-color);\"><a href=\"https:\/\/us06web.zoom.us\/webinar\/register\/WN_ZkPG9LqxQYShpCwZCK-5qQ#\/registration\"><u><span style=\"color: var(--awb-color5);\">S&#8217;inscrire \u00e0 l&#8217;AG du 7 novembre.<\/span><\/u><\/a><\/b><\/b><\/div>\n<p>Le lien de connexion pour la visio-conf\u00e9rence vous sera envoy\u00e9 en amont de l\u2019AG et un syst\u00e8me s\u00e9curis\u00e9 de vote en ligne sera mis en place pour faciliter le processus.<\/p>\n<p>Vous pouvez acc\u00e9der aux documents relatifs \u00e0 cette assembl\u00e9e g\u00e9n\u00e9rale ainsi qu&#8217;aux modalit\u00e9s de candidature au conseil d&#8217;administration en suivant les liens ci-dessous. Notez que le conseil d&#8217;administration peut compter jusqu&#8217;\u00e0 25 membres, et qu&#8217;au soir de l&#8217;assembl\u00e9e g\u00e9n\u00e9rale, 16 places seront disponibles.<\/p>\n<p>Nous sommes impatientes de vous retrouver lors de cette assembl\u00e9e g\u00e9n\u00e9rale pour discuter, d\u00e9lib\u00e9rer et prendre des d\u00e9cisions importantes pour l&#8217;avenir de notre association.<\/p>\n<p><b>Bien sinc\u00e8rement,<\/b><\/p>\n<p><b>Fanny Haddad et Loan Chau,<br \/>\n<\/b><b style=\"color: var(--awb-text-color); font-family: var(--awb-text-font-family); font-size: var(--awb-font-size); font-style: var(--awb-text-font-style); letter-spacing: var(--awb-letter-spacing); text-align: var(--awb-content-alignment); text-transform: var(--awb-text-transform); background-color: var(--awb-bg-color);\">Co-pr\u00e9sidentes de l&#8217;association Utopia 56<\/b><\/p>\n<\/p>\n<p><b>DOCUMENTS<\/b><\/p>\n<p>Pour vous pr\u00e9parer \u00e0 notre prochaine assembl\u00e9e g\u00e9n\u00e9rale, nous vous encourageons \u00e0 consulter trois documents importants en amont de la r\u00e9union : le proc\u00e8s-verbal de l&#8217;assembl\u00e9e g\u00e9n\u00e9rale de 2023, le rapport d&#8217;activit\u00e9 de l&#8217;ann\u00e9e 2023 et le bilan financier de 2023. Ces documents seront disponibles en ligne, nous ne les lirons pas lors de l&#8217;assembl\u00e9e g\u00e9n\u00e9rale pour gagner du temps.<\/p>\n<p>Vous pouvez acc\u00e9der \u00e0 ces documents en suivant les liens ci-dessous :<\/p>\n<p><a href=\"https:\/\/utopia56.org\/wp-content\/uploads\/2024\/10\/PV-AG-2023-UTOPIA-56-1.pdf\"><u>Lien vers le proc\u00e8s-verbal de l&#8217;assembl\u00e9e g\u00e9n\u00e9rale 2023<\/u><\/a><br \/>\n<span style=\"color: var(--awb-text-color); font-family: var(--awb-text-font-family); font-size: var(--awb-font-size); font-style: var(--awb-text-font-style); font-weight: var(--awb-text-font-weight); letter-spacing: var(--awb-letter-spacing); text-align: var(--awb-content-alignment); text-transform: var(--awb-text-transform); background-color: var(--awb-bg-color);\"><u><a href=\"https:\/\/utopia56.org\/wp-content\/uploads\/2024\/10\/RAPPORT-DACTIVITE-2023-UTOPIA-56-PLANCHES-LOW-1.pdf\">Lien vers le rapport d&#8217;activit\u00e9 2023<\/a><\/u><\/span><\/p>\n<\/div>\n<\/div><\/div><\/div><\/div><\/div>\n","protected":false},"excerpt":{"rendered":"","protected":false},"author":1,"featured_media":27314,"comment_status":"closed","ping_status":"open","sticky":false,"template":"","format":"standard","meta":{"footnotes":""},"categories":[28,12,6,29,14,13,16,7,10,11,9],"tags":[],"class_list":["post-27310","post","type-post","status-publish","format-standard","has-post-thumbnail","hentry","category-antenne","category-calais","category-communique","category-dijon","category-grande-synthe","category-lille","category-lorient","category-paris","category-rennes","category-toulouse","category-tours"],"_links":{"self":[{"href":"http:\/\/test.utopia56.org\/index.php\/wp-json\/wp\/v2\/posts\/27310","targetHints":{"allow":["GET"]}}],"collection":[{"href":"http:\/\/test.utopia56.org\/index.php\/wp-json\/wp\/v2\/posts"}],"about":[{"href":"http:\/\/test.utopia56.org\/index.php\/wp-json\/wp\/v2\/types\/post"}],"author":[{"embeddable":true,"href":"http:\/\/test.utopia56.org\/index.php\/wp-json\/wp\/v2\/users\/1"}],"replies":[{"embeddable":true,"href":"http:\/\/test.utopia56.org\/index.php\/wp-json\/wp\/v2\/comments?post=27310"}],"version-history":[{"count":0,"href":"http:\/\/test.utopia56.org\/index.php\/wp-json\/wp\/v2\/posts\/27310\/revisions"}],"wp:featuredmedia":[{"embeddable":true,"href":"http:\/\/test.utopia56.org\/index.php\/wp-json\/"}],"wp:attachment":[{"href":"http:\/\/test.utopia56.org\/index.php\/wp-json\/wp\/v2\/media?parent=27310"}],"wp:term":[{"taxonomy":"category","embeddable":true,"href":"http:\/\/test.utopia56.org\/index.php\/wp-json\/wp\/v2\/categories?post=27310"},{"taxonomy":"post_tag","embeddable":true,"href":"http:\/\/test.utopia56.org\/index.php\/wp-json\/wp\/v2\/tags?post=27310"}],"curies":[{"name":"wp","href":"https:\/\/api.w.org\/{rel}","templated":true}]}}