{"id":27170,"date":"2024-10-04T17:38:01","date_gmt":"2024-10-04T15:38:01","guid":{"rendered":"https:\/\/utopia56.org\/?p=27170"},"modified":"2024-10-04T17:38:01","modified_gmt":"2024-10-04T15:38:01","slug":"sept-militaires-et-onze-passeurs-seront-juges-devant-la-junalco-suite-au-naufrage-du-24-novembre-2021","status":"publish","type":"post","link":"http:\/\/test.utopia56.org\/index.php\/2024\/10\/04\/sept-militaires-et-onze-passeurs-seront-juges-devant-la-junalco-suite-au-naufrage-du-24-novembre-2021\/","title":{"rendered":"Sept militaires et onze passeurs seront jug\u00e9s devant la JUNALCO suite au naufrage du 24 novembre 2021."},"content":{"rendered":"<p class=\"cvGsUA direction-ltr align-justify para-style-body\"><span class=\"OYPEnA font-feature-liga-off font-feature-clig-off font-feature-calt-off text-decoration-none text-strikethrough-none\">Le 24 novembre 2021, <\/span><span class=\"OYPEnA font-feature-liga-off font-feature-clig-off font-feature-calt-off text-decoration-none text-strikethrough-none\">27 personnes perdaient la vie lors du naufrage de leur embarcation, quatre sont toujours port\u00e9es disparues et deux ont miraculeusement surv\u00e9cu.<\/span><\/p>\n<p class=\"cvGsUA direction-ltr align-justify para-style-body\"><span class=\"OYPEnA font-feature-liga-off font-feature-clig-off font-feature-calt-off text-decoration-none text-strikethrough-none\">Dans le cadre de l\u2019enqu\u00eate, la cour d\u2019appel a rendu une d\u00e9cision ce mardi : <\/span><span class=\"OYPEnA font-feature-liga-off font-feature-clig-off font-feature-calt-off text-decoration-none text-strikethrough-none\">les sept militaires et les onze passeurs mis en examen, seront jug\u00e9s ensemble<\/span><span class=\"OYPEnA font-feature-liga-off font-feature-clig-off font-feature-calt-off text-decoration-none text-strikethrough-none\"> devant la Juridiction nationale de lutte contre le crime organis\u00e9.<\/span><\/p>\n<p class=\"cvGsUA direction-ltr align-justify para-style-body\"><span class=\"OYPEnA font-feature-liga-off font-feature-clig-off font-feature-calt-off text-decoration-none text-strikethrough-none\">Dans cette affaire, <\/span><span class=\"OYPEnA font-feature-liga-off font-feature-clig-off font-feature-calt-off text-decoration-none text-strikethrough-none\">six militaires demandaient que leur dossier soit transf\u00e9r\u00e9 au juge des affaires militaires de Lille<\/span><span class=\"OYPEnA font-feature-liga-off font-feature-clig-off font-feature-calt-off text-decoration-none text-strikethrough-none\">, plut\u00f4t qu\u2019\u00e0 la juridiction nationale de lutte contre le crime organis\u00e9, qui en est charg\u00e9e depuis le d\u00e9but de l\u2019enqu\u00eate. <\/span><span class=\"OYPEnA font-feature-liga-off font-feature-clig-off font-feature-calt-off text-decoration-none text-strikethrough-none\">Ils sollicitaient \u00e9galement <\/span><span class=\"OYPEnA font-feature-liga-off font-feature-clig-off font-feature-calt-off text-decoration-none text-strikethrough-none\">la suppression de nombreux \u00e9l\u00e9ments du dossier<\/span><span class=\"OYPEnA font-feature-liga-off font-feature-clig-off font-feature-calt-off text-decoration-none text-strikethrough-none\">, y compris leurs auditions. <\/span><\/p>\n<p class=\"cvGsUA direction-ltr align-justify para-style-body\"><span class=\"OYPEnA font-feature-liga-off font-feature-clig-off font-feature-calt-off text-decoration-none text-strikethrough-none\">Suivant l\u2019avis de l\u2019avocat g\u00e9n\u00e9ral, toutes leurs requ\u00eates ont \u00e9t\u00e9 rejet\u00e9es, une victoire.<\/span><\/p>\n<p>&nbsp;<\/p>\n<p class=\"cvGsUA direction-ltr align-justify para-style-body\"><span class=\"OYPEnA font-feature-liga-off font-feature-clig-off font-feature-calt-off text-decoration-none text-strikethrough-none\">Cette nuit-l\u00e0, les occupants de l\u2019embarcation <\/span><span class=\"OYPEnA font-feature-liga-off font-feature-clig-off font-feature-calt-off text-decoration-none text-strikethrough-none\">ont appel\u00e9 le Centre R\u00e9gional Op\u00e9rationnel de Surveillance et de Sauvetage<\/span> <span class=\"OYPEnA font-feature-liga-off font-feature-clig-off font-feature-calt-off text-decoration-none text-strikethrough-none\">\u00e0 18 reprises<\/span><span class=\"OYPEnA font-feature-liga-off font-feature-clig-off font-feature-calt-off text-decoration-none text-strikethrough-none\">. La retranscription des \u00e9changes, publi\u00e9e dans une enqu\u00eate du Monde, est accablante.<\/span><\/p>\n<p class=\"cvGsUA direction-ltr align-justify para-style-body\"><span class=\"OYPEnA font-feature-liga-off font-feature-clig-off font-feature-calt-off text-decoration-none text-strikethrough-none\">Personne \u00e0 bord<\/span><span class=\"OYPEnA font-feature-liga-off font-feature-clig-off font-feature-calt-off text-decoration-none text-strikethrough-none\"> :<\/span><\/p>\n<p class=\"cvGsUA direction-ltr align-justify para-style-body\"><em><span class=\"OYPEnA font-feature-liga-off font-feature-clig-off font-feature-calt-off text-decoration-none text-strikethrough-none\">\u00ab S\u2019il vous pla\u00eet, s\u2019il vous pla\u00eet ! (\u2026) Nous avons besoin d\u2019aide, s\u2019il vous pla\u00eet, aidez-nous ! \u00bb<\/span><\/em><\/p>\n<p class=\"cvGsUA direction-ltr align-justify para-style-body\"><span class=\"OYPEnA font-feature-liga-off font-feature-clig-off font-feature-calt-off text-decoration-none text-strikethrough-none\">Op\u00e9ratrice des secours<\/span> <span class=\"OYPEnA font-feature-liga-off font-feature-clig-off font-feature-calt-off text-decoration-none text-strikethrough-none\">:<\/span><\/p>\n<p class=\"cvGsUA direction-ltr align-justify para-style-body\"><em><span class=\"OYPEnA font-feature-liga-off font-feature-clig-off font-feature-calt-off text-decoration-none text-strikethrough-none\">\u00ab<\/span><span class=\"OYPEnA font-feature-liga-off font-feature-clig-off font-feature-calt-off text-decoration-none text-strikethrough-none\"> Ah ben, si tu n\u2019entends pas, tu ne seras pas sauv\u00e9. J\u2019ai les pieds dans l\u2019eau&#8230; Bah, je ne t\u2019ai pas demand\u00e9 de partir. \u00bb<\/span><\/em><\/p>\n<p class=\"cvGsUA direction-ltr align-justify para-style-body\"><em><span class=\"OYPEnA font-feature-liga-off font-feature-clig-off font-feature-calt-off text-decoration-none text-strikethrough-none\">\u00ab Je vais lui sortir la phrase magique : pas de position, pas de bateau de secours. \u00bb<\/span><\/em><\/p>\n<p class=\"cvGsUA direction-ltr align-justify para-style-body\"><span class=\"OYPEnA font-feature-liga-off font-feature-clig-off font-feature-calt-off text-decoration-none text-strikethrough-none\">Les \u00e9coutes judiciaires ont \u00e9galement r\u00e9v\u00e9l\u00e9 des \u00e9changes priv\u00e9s du directeur du Centre r\u00e9gional op\u00e9rationnel de surveillance et de sauvetage : <\/span><span class=\"OYPEnA font-feature-liga-off font-feature-clig-off font-feature-calt-off text-decoration-none text-strikethrough-none\">\u00ab <\/span><em><span class=\"OYPEnA font-feature-liga-off font-feature-clig-off font-feature-calt-off text-decoration-none text-strikethrough-none\">Franchement, ces deux gars\u2026 heu\u2026 j\u2019aurais pr\u00e9f\u00e9r\u00e9 qu\u2019ils soient morts. <\/span><\/em><span class=\"OYPEnA font-feature-liga-off font-feature-clig-off font-feature-calt-off text-decoration-none text-strikethrough-none\">\u00bb\u00a0<\/span><\/p>\n<p class=\"cvGsUA direction-ltr align-justify para-style-body\"><span class=\"OYPEnA font-feature-liga-off font-feature-clig-off font-feature-calt-off text-decoration-none text-strikethrough-none\">Et plusieurs articles ont montr\u00e9 les <\/span><span class=\"OYPEnA font-feature-liga-off font-feature-clig-off font-feature-calt-off text-decoration-none text-strikethrough-none\">tentatives d\u2019interf\u00e9rences ou d\u2019intimidations<\/span><span class=\"OYPEnA font-feature-liga-off font-feature-clig-off font-feature-calt-off text-decoration-none text-strikethrough-none\"> de la part du minist\u00e8re des Arm\u00e9es durant l\u2019enqu\u00eate &#8211; enqu\u00eate qui est toujours en cours.<\/span><\/p>\n<p>&nbsp;<\/p>\n<p class=\"cvGsUA direction-ltr align-justify para-style-body\"><span class=\"OYPEnA font-feature-liga-off font-feature-clig-off font-feature-calt-off text-decoration-none text-strikethrough-none\">Bien qu\u2019il soit <\/span><span class=\"OYPEnA font-feature-liga-off font-feature-clig-off font-feature-calt-off text-strikethrough-none text-decoration-underline\">essentiel de d\u00e9terminer et de sanctionner les responsabilit\u00e9s individuelles<\/span><span class=\"OYPEnA font-feature-liga-off font-feature-clig-off font-feature-calt-off text-strikethrough-none text-decoration-none\">, ce proc\u00e8s devra imp\u00e9rativement examiner les causes de tels comportements : <\/span><span class=\"OYPEnA font-feature-liga-off font-feature-clig-off font-feature-calt-off text-strikethrough-none text-decoration-none\">des politiques publiques<\/span> <span class=\"OYPEnA font-feature-liga-off font-feature-clig-off font-feature-calt-off text-strikethrough-none text-decoration-none\">violentes et maltraitantes,<\/span> <span class=\"OYPEnA font-feature-liga-off font-feature-clig-off font-feature-calt-off text-strikethrough-none text-decoration-none\">appuy\u00e9es par<\/span> <span class=\"OYPEnA font-feature-liga-off font-feature-clig-off font-feature-calt-off text-strikethrough-none text-decoration-none\">un discours politique diffamant et d\u00e9shumanisant \u00e0 l\u2019\u00e9gard des personnes en migration.<\/span><\/p>\n<p class=\"cvGsUA direction-ltr align-justify para-style-body\"><span class=\"OYPEnA font-feature-liga-off font-feature-clig-off font-feature-calt-off text-decoration-none text-strikethrough-none\">Depuis ce naufrage, au moins 68 personnes ont trouv\u00e9 la mort dans la Manche lors de 22 incidents, et la situation ne cesse d\u2019empirer.<\/span><\/p>\n","protected":false},"excerpt":{"rendered":"<p>Le 24 novembre 2021, 27 personnes perdaient la vie lors  [&#8230;]<\/p>\n","protected":false},"author":1,"featured_media":27171,"comment_status":"closed","ping_status":"open","sticky":false,"template":"","format":"standard","meta":{"footnotes":""},"categories":[22,18,12,14],"tags":[],"class_list":["post-27170","post","type-post","status-publish","format-standard","has-post-thumbnail","hentry","category-action-en-justice","category-article","category-calais","category-grande-synthe"],"_links":{"self":[{"href":"http:\/\/test.utopia56.org\/index.php\/wp-json\/wp\/v2\/posts\/27170","targetHints":{"allow":["GET"]}}],"collection":[{"href":"http:\/\/test.utopia56.org\/index.php\/wp-json\/wp\/v2\/posts"}],"about":[{"href":"http:\/\/test.utopia56.org\/index.php\/wp-json\/wp\/v2\/types\/post"}],"author":[{"embeddable":true,"href":"http:\/\/test.utopia56.org\/index.php\/wp-json\/wp\/v2\/users\/1"}],"replies":[{"embeddable":true,"href":"http:\/\/test.utopia56.org\/index.php\/wp-json\/wp\/v2\/comments?post=27170"}],"version-history":[{"count":0,"href":"http:\/\/test.utopia56.org\/index.php\/wp-json\/wp\/v2\/posts\/27170\/revisions"}],"wp:featuredmedia":[{"embeddable":true,"href":"http:\/\/test.utopia56.org\/index.php\/wp-json\/"}],"wp:attachment":[{"href":"http:\/\/test.utopia56.org\/index.php\/wp-json\/wp\/v2\/media?parent=27170"}],"wp:term":[{"taxonomy":"category","embeddable":true,"href":"http:\/\/test.utopia56.org\/index.php\/wp-json\/wp\/v2\/categories?post=27170"},{"taxonomy":"post_tag","embeddable":true,"href":"http:\/\/test.utopia56.org\/index.php\/wp-json\/wp\/v2\/tags?post=27170"}],"curies":[{"name":"wp","href":"https:\/\/api.w.org\/{rel}","templated":true}]}}