{"id":27057,"date":"2024-09-30T17:06:41","date_gmt":"2024-09-30T15:06:41","guid":{"rendered":"https:\/\/utopia56.org\/?p=27057"},"modified":"2024-09-30T17:06:41","modified_gmt":"2024-09-30T15:06:41","slug":"quelle-france-demain","status":"publish","type":"post","link":"http:\/\/test.utopia56.org\/index.php\/2024\/09\/30\/quelle-france-demain\/","title":{"rendered":"Quelle France demain ?"},"content":{"rendered":"<p>Samedi 21 septembre, le Premier Ministre Michel Barnier d\u00e9voilait la composition de son nouveau gouvernement : une formation politique pr\u00e9occupante quant aux conditions d\u2019accueil des personnes \u00e9trang\u00e8res.<\/p>\n<p>D\u00e8s ses premi\u00e8res prises de parole, le nouveau ministre de l&#8217;Int\u00e9rieur, Bruno Retailleau, dit vouloir\u00a0 \u201c expulser plus, r\u00e9gulariser moins\u201d. Il \u00e9voquait vouloir supprimer l\u2019Aide M\u00e9dicale d\u2019\u00c9tat (AME) et r\u00e9tablir le d\u00e9lit de s\u00e9jour irr\u00e9gulier. Des mesures d\u00e9j\u00e0 propos\u00e9es dans la loi Asile &amp; Immigration de l\u2019ann\u00e9e derni\u00e8re et d\u00e9j\u00e0 invalid\u00e9es par le Conseil constitutionnel, qui rappelait \u00e0 l\u2019occasion qu\u2019il \u00e9tait n\u00e9cessaire de garantir les droits fondamentaux aux personnes concern\u00e9es.<\/p>\n<p>L\u2019AME repr\u00e9sente moins de 0,5% des d\u00e9penses de sant\u00e9 de l\u2019\u00c9tat et la supprimer entrainerait justement une hausse, car les soins urgents n\u00e9cessaires repr\u00e9senteraient des prises en charges plus lourdes, \u00e0 d\u00e9faut d\u2019avoir pu les prendre en charge en amont.<\/p>\n<p>De m\u00eame, annoncer une augmentation du nombre de d\u00e9livrances d\u2019OQTF (Obligation de Quitter le Territoire Fran\u00e7ais) n\u2019est qu\u2019une strat\u00e9gie de communication : la majorit\u00e9 des personnes vis\u00e9es ne peuvent pas \u00eatre l\u00e9galement renvoy\u00e9es. En 2022, moins de 7% des OQTF d\u00e9livr\u00e9es ont men\u00e9 \u00e0 une r\u00e9elle expulsion.<\/p>\n<p>Ce weekend, Bruno Retailleau a de nouveau pris la parole sur son programme, et c\u2019est inqui\u00e9tant : contr\u00f4les, r\u00e9tention, renvois, une politique couteuse et centr\u00e9e sur la r\u00e9pression.<\/p>\n<p>En criminalisant le s\u00e9jour irr\u00e9gulier, en d\u00e9signant comme d\u00e9linquant des personnes qui fuient des situations de guerre ou de pauvret\u00e9, en r\u00e9duisant l\u2019acc\u00e8s \u00e0 des services publics sur la base de la nationalit\u00e9, le gouvernement cr\u00e9e un ensemble de mesures qui se veulent dissuasives et hostiles pour faire croire que cela permettra de limiter l\u2019arriv\u00e9e de personnes depuis d\u2019autres pays.<\/p>\n<p>Si revenir sur des droits donne davantage de l\u00e9gitimit\u00e9 aux id\u00e9es de l\u2019extr\u00eame droite, cela continuera de se r\u00e9v\u00e9ler inefficace, surtout quand les pays d\u2019origine sont en prise \u00e0 des conflits ultraviolents et d\u2019ampleur.<\/p>\n<p>En contournant la r\u00e9alit\u00e9 de la crise de l\u2019accueil, parlant plut\u00f4t de \u201ccrise migratoire\u201d, les gouvernements successifs justifient des ann\u00e9es d\u2019absence d\u2019un accueil digne, des ann\u00e9es de politiques r\u00e9pressives aux fronti\u00e8res, des ann\u00e9es de m\u00e9pris des droits humains.<\/p>\n<p><span style=\"font-weight: 400;\">C\u2019est pour cela que votre engagement est essentiel. La mobilisation est n\u00e9cessaire pour contrer ces discours dans les m\u00e9dias, mais aussi dans nos cercles, chez nous, dans nos familles, avec nos ami\u2e31es ou nos voisin\u2e31es.<\/span><\/p>\n<p><span style=\"font-weight: 400;\">L\u2019ann\u00e9e derni\u00e8re, nous avons eu peur quand la loi Asile et Immigration \u00e9tait vot\u00e9e. De nouveau, en cette rentr\u00e9e, il est important de montrer notre attachement \u00e0 nos valeurs d\u2019accueil, de solidarit\u00e9 et d\u2019entraide.<\/span><\/p>\n","protected":false},"excerpt":{"rendered":"<p>Samedi 21 septembre, le Premier Ministre Michel Barnier d\u00e9voilait la  [&#8230;]<\/p>\n","protected":false},"author":1,"featured_media":27059,"comment_status":"closed","ping_status":"open","sticky":false,"template":"","format":"standard","meta":{"footnotes":""},"categories":[6],"tags":[],"class_list":["post-27057","post","type-post","status-publish","format-standard","has-post-thumbnail","hentry","category-communique"],"_links":{"self":[{"href":"http:\/\/test.utopia56.org\/index.php\/wp-json\/wp\/v2\/posts\/27057","targetHints":{"allow":["GET"]}}],"collection":[{"href":"http:\/\/test.utopia56.org\/index.php\/wp-json\/wp\/v2\/posts"}],"about":[{"href":"http:\/\/test.utopia56.org\/index.php\/wp-json\/wp\/v2\/types\/post"}],"author":[{"embeddable":true,"href":"http:\/\/test.utopia56.org\/index.php\/wp-json\/wp\/v2\/users\/1"}],"replies":[{"embeddable":true,"href":"http:\/\/test.utopia56.org\/index.php\/wp-json\/wp\/v2\/comments?post=27057"}],"version-history":[{"count":0,"href":"http:\/\/test.utopia56.org\/index.php\/wp-json\/wp\/v2\/posts\/27057\/revisions"}],"wp:featuredmedia":[{"embeddable":true,"href":"http:\/\/test.utopia56.org\/index.php\/wp-json\/"}],"wp:attachment":[{"href":"http:\/\/test.utopia56.org\/index.php\/wp-json\/wp\/v2\/media?parent=27057"}],"wp:term":[{"taxonomy":"category","embeddable":true,"href":"http:\/\/test.utopia56.org\/index.php\/wp-json\/wp\/v2\/categories?post=27057"},{"taxonomy":"post_tag","embeddable":true,"href":"http:\/\/test.utopia56.org\/index.php\/wp-json\/wp\/v2\/tags?post=27057"}],"curies":[{"name":"wp","href":"https:\/\/api.w.org\/{rel}","templated":true}]}}