{"id":26031,"date":"2024-09-04T10:22:43","date_gmt":"2024-09-04T08:22:43","guid":{"rendered":"https:\/\/utopia56.org\/?p=26031"},"modified":"2024-09-04T10:22:43","modified_gmt":"2024-09-04T08:22:43","slug":"2024-est-desormais-lannee-la-plus-meurtriere-a-la-frontiere-franco-britannique","status":"publish","type":"post","link":"http:\/\/test.utopia56.org\/index.php\/2024\/09\/04\/2024-est-desormais-lannee-la-plus-meurtriere-a-la-frontiere-franco-britannique\/","title":{"rendered":"2024 est d\u00e9sormais l&#8217;ann\u00e9e la plus meurtri\u00e8re \u00e0 la fronti\u00e8re franco-britannique."},"content":{"rendered":"<div class=\"fusion-fullwidth fullwidth-box fusion-builder-row-1 fusion-flex-container nonhundred-percent-fullwidth non-hundred-percent-height-scrolling\" style=\"--awb-border-radius-top-left:0px;--awb-border-radius-top-right:0px;--awb-border-radius-bottom-right:0px;--awb-border-radius-bottom-left:0px;--awb-flex-wrap:wrap;\" ><div class=\"fusion-builder-row fusion-row fusion-flex-align-items-flex-start fusion-flex-content-wrap\" style=\"max-width:1248px;margin-left: calc(-4% \/ 2 );margin-right: calc(-4% \/ 2 );\"><div class=\"fusion-layout-column fusion_builder_column fusion-builder-column-0 fusion_builder_column_1_1 1_1 fusion-flex-column\" style=\"--awb-bg-size:cover;--awb-width-large:100%;--awb-margin-top-large:0px;--awb-spacing-right-large:1.92%;--awb-margin-bottom-large:0px;--awb-spacing-left-large:1.92%;--awb-width-medium:100%;--awb-spacing-right-medium:1.92%;--awb-spacing-left-medium:1.92%;--awb-width-small:100%;--awb-spacing-right-small:1.92%;--awb-spacing-left-small:1.92%;\"><div class=\"fusion-column-wrapper fusion-flex-justify-content-flex-start fusion-content-layout-column\"><div class=\"fusion-text fusion-text-1\"><p><b>Ce mardi 3 septembre, 12 personnes ont \u00e9t\u00e9 annonc\u00e9es comme d\u00e9c\u00e9d\u00e9es lors du naufrage de leur embarcation au large du Cap Gris-Nez, deux autres sont en urgence absolue. <\/b><\/p>\n<p>Parmi les victimes, une dizaine de femmes, dont plusieurs mineures. Les recherches en mer ont \u00e9t\u00e9 arr\u00eat\u00e9es apr\u00e8s quelques heures, pourtant deux personnes sont toujours port\u00e9es disparues.<\/p>\n<p>C\u2019est le sixi\u00e8me incident en mer impliquant des d\u00e9c\u00e8s depuis le d\u00e9but de l\u2019\u00e9t\u00e9. Ce nouveau drame am\u00e8ne \u00e0 43 le nombre de victimes de cette fronti\u00e8re en 2024. Et nous ne sommes qu\u2019au mois de septembre. <\/p>\n<p><b>C\u2019est l\u2019ann\u00e9e la plus meurtri\u00e8re de l\u2019histoire moderne de cette fronti\u00e8re. <\/b><span style=\"color: var(--awb-text-color); font-family: var(--awb-text-font-family); font-size: var(--awb-font-size); font-style: var(--awb-text-font-style); font-weight: var(--awb-text-font-weight); letter-spacing: var(--awb-letter-spacing); text-align: var(--awb-content-alignment); text-transform: var(--awb-text-transform); background-color: var(--awb-bg-color);\">Comment en sommes-nous collectivement arriv\u00e9s \u00e0 \u00eatre habitu\u00e9\u00b7es \u00e0 ces drames ?<\/span><\/p>\n<p>Il n\u2019est pas question de manque de secours en mer, mais bien de mise en danger assum\u00e9e des personnes. Les associations alertent depuis des ann\u00e9es, les chiffres le montrent : la hausse de la r\u00e9pression am\u00e8ne \u00e0 la hausse de d\u00e9c\u00e8s. Pourtant, les minist\u00e8res s&#8217;ent\u00eatent dans une politique de &#8220;bunkerisation des fronti\u00e8res&#8221;, au lieu de mettre en place des voies de passages s\u00fbres et des politiques d&#8217;accueil adapt\u00e9es. <b>Ces morts sont des choix politiques.<\/b><\/p>\n<p>Plus de 2 000 personnes ont rejoint l\u2019Angleterre en traversant la Manche sur ces sept derniers jours. 21 000 depuis le d\u00e9but de l\u2019ann\u00e9e. Cette fronti\u00e8re est un point de passage pour toutes celles et ceux qui ne peuvent s\u2019\u00e9tablir dans les pays europ\u00e9ens ou souhaitent tenter leur chance au Royaume-Uni. Ces personnes continueront donc de passer, peu importe les obstacles, et mettront toujours leur vie en danger, faute de choix et d\u2019autres possibilit\u00e9s.<\/p>\n<p>30 ann\u00e9es de politiques r\u00e9pressives le d\u00e9montrent : cette strat\u00e9gie d\u2019emp\u00eachement est non seulement inefficace, mais dramatique.<br \/><b><br \/>\nMilitons pour l\u2019ouverture de voies de passages s\u00fbres. Maintenant.<\/b><\/p>\n<p><b><br \/><\/b><\/p>\n<\/div><\/div><\/div><\/div><\/div>\n","protected":false},"excerpt":{"rendered":"","protected":false},"author":1,"featured_media":26034,"comment_status":"closed","ping_status":"open","sticky":false,"template":"","format":"standard","meta":{"footnotes":""},"categories":[12,6,14],"tags":[],"class_list":["post-26031","post","type-post","status-publish","format-standard","has-post-thumbnail","hentry","category-calais","category-communique","category-grande-synthe"],"_links":{"self":[{"href":"http:\/\/test.utopia56.org\/index.php\/wp-json\/wp\/v2\/posts\/26031","targetHints":{"allow":["GET"]}}],"collection":[{"href":"http:\/\/test.utopia56.org\/index.php\/wp-json\/wp\/v2\/posts"}],"about":[{"href":"http:\/\/test.utopia56.org\/index.php\/wp-json\/wp\/v2\/types\/post"}],"author":[{"embeddable":true,"href":"http:\/\/test.utopia56.org\/index.php\/wp-json\/wp\/v2\/users\/1"}],"replies":[{"embeddable":true,"href":"http:\/\/test.utopia56.org\/index.php\/wp-json\/wp\/v2\/comments?post=26031"}],"version-history":[{"count":0,"href":"http:\/\/test.utopia56.org\/index.php\/wp-json\/wp\/v2\/posts\/26031\/revisions"}],"wp:featuredmedia":[{"embeddable":true,"href":"http:\/\/test.utopia56.org\/index.php\/wp-json\/"}],"wp:attachment":[{"href":"http:\/\/test.utopia56.org\/index.php\/wp-json\/wp\/v2\/media?parent=26031"}],"wp:term":[{"taxonomy":"category","embeddable":true,"href":"http:\/\/test.utopia56.org\/index.php\/wp-json\/wp\/v2\/categories?post=26031"},{"taxonomy":"post_tag","embeddable":true,"href":"http:\/\/test.utopia56.org\/index.php\/wp-json\/wp\/v2\/tags?post=26031"}],"curies":[{"name":"wp","href":"https:\/\/api.w.org\/{rel}","templated":true}]}}