{"id":23427,"date":"2024-06-19T19:52:06","date_gmt":"2024-06-19T17:52:06","guid":{"rendered":"https:\/\/utopia56.org\/?p=23427"},"modified":"2024-06-19T19:52:06","modified_gmt":"2024-06-19T17:52:06","slug":"lextreme-droite-une-menace-pour-laction-associative-et-citoyenn","status":"publish","type":"post","link":"http:\/\/test.utopia56.org\/index.php\/2024\/06\/19\/lextreme-droite-une-menace-pour-laction-associative-et-citoyenn\/","title":{"rendered":"L&#8217;extr\u00eame droite : une menace pour l&#8217;action associative et citoyenne"},"content":{"rendered":"<p><strong>Dans un texte publi\u00e9 le 16 juin dans <em>La Tribune Dimanche<\/em>, \u00e0 l\u2019initiative du Mouvement associatif, plus de 400 organisations associatives et de l\u2019ESS, dont Utopia 56, alertent sur la menace que repr\u00e9sente l\u2019extr\u00eame-droite pour l\u2019action associative et citoyenne, et donc pour l\u2019ensemble des habitants et habitantes.<\/strong><\/p>\n<p><span style=\"font-weight: 400;\">Les \u00e9lections europ\u00e9ennes du 9 juin dernier ont ent\u00e9rin\u00e9 une progression sans pr\u00e9c\u00e9dent de l\u2019extr\u00eame-droite. Face \u00e0 ce constat, le pr\u00e9sident de la R\u00e9publique a fait le choix de dissoudre l\u2019Assembl\u00e9e nationale, convoquant brusquement des \u00e9lections l\u00e9gislatives les 30 juin et 7 juillet prochains. Le risque qui s\u2019annonce pour notre d\u00e9mocratie, pour notre R\u00e9publique et les valeurs qui la fondent ne peut pas \u00eatre ignor\u00e9.<\/span><\/p>\n<p><span style=\"font-weight: 400;\">Nous avons la chance dans notre pays de pouvoir compter sur une dynamique associative particuli\u00e8rement forte qui nous accompagne au quotidien. Ce sont nos associations, d\u2019abord, qui permettent de proposer \u00e0 nos enfants de pratiquer une activit\u00e9 sportive. Ce sont elles, encore, qui viennent en soutien des plus d\u00e9munis, leur proposant un repas ou un toit. Ce sont elles, toujours, qui permettent d\u2019animer nos bourgs et nos quartiers, proposant des activit\u00e9s culturelles accessibles \u00e0 tous et toutes. Ce sont \u00e9galement elles qui pr\u00e9servent la nature\u2026 Nous pourrions poursuivre cette liste \u00e0 l\u2019infini tant les actions men\u00e9es par les associations sont diverses et au plus pr\u00e8s des besoins des habitantes et habitants.<\/span><\/p>\n<p><strong>Ce qui nous r\u00e9unit aujourd\u2019hui au sein de nos associations, c\u2019est un socle de valeurs et de principes partag\u00e9s qui est incompatible avec l\u2019extr\u00eame-droite. L\u00e0 o\u00f9 elle prosp\u00e8re sur le sentiment d\u2019abandon et la peur du d\u00e9classement, les associations rassemblent et soutiennent les citoyennes et les citoyens.<\/strong><\/p>\n<p><span style=\"font-weight: 400;\">Partout o\u00f9 les forces autoritaires ont acc\u00e9d\u00e9 au pouvoir, elles n\u2019ont eu de cesse de s\u2019en prendre \u00e0 la vie associative et celles et ceux qui font association. C\u2019est le cas en Hongrie o\u00f9 le gouvernement de Viktor Orban a \u00e9t\u00e9 condamn\u00e9 par la Cour de Justice de l\u2019Union Europ\u00e9enne pour ses restrictions impos\u00e9es au financement des organisations civiles. Mais c\u2019est aussi le cas en France dans les communes administr\u00e9es par le Rassemblement National. Ainsi, \u00e0 Hayange (57) en 2016, le maire a mis \u00e0 la porte le Secours populaire de ses locaux et lui a coup\u00e9 le chauffage du fait de son caract\u00e8re \u201cpolitis\u00e9 et pro-migrants\u201d alors que l\u2019association comptait pr\u00e8s de 1000 b\u00e9n\u00e9ficiaires. \u00c0 ce titre, comment ne pas s\u2019inqui\u00e9ter de l\u2019utilisation d\u2019un outil d\u00e9j\u00e0 largement d\u00e9voy\u00e9 tel que le Contrat d\u2019Engagement R\u00e9publicain entre les mains d\u2019un tel pouvoir ?<\/span><\/p>\n<p>Car ces exemples trahissent une v\u00e9rit\u00e9 simple : si l\u2019extr\u00eame-droite s\u2019en prend aux associations, c\u2019est surtout parce qu\u2019elles agissent au service de tous et toutes, sans discrimination, car les droits sont universels, aucune pr\u00e9f\u00e9rence nationale ne s\u2019y appliquant ; et c\u2019est parce qu\u2019elles sont le r\u00e9ceptacle de la parole citoyenne, du d\u00e9bat contradictoire et d\u2019un pluralisme indispensable \u00e0 notre vie d\u00e9mocratique.<\/p>\n<p><span style=\"font-weight: 400;\">Parce que les associations portent la parole des citoyennes et des citoyens l\u00e0 o\u00f9 l\u2019extr\u00eame-droite voudrait la contenir. Parce que les associations pr\u00f4nent le dialogue l\u00e0 o\u00f9 l\u2019extr\u00eame-droite se construit sur l\u2019\u00e9viction des divergences. Parce que les associations pr\u00f4nent l\u2019ouverture et la tol\u00e9rance l\u00e0 o\u00f9 l\u2019extr\u00eame-droite revendique le repli sur soi. Parce que les associations sont des \u00e9coles de la d\u00e9mocratie, l\u00e0 o\u00f9 l\u2019extr\u00eame-droite en est le fossoyeur. Les valeurs associatives sont incompatibles avec l\u2019extr\u00eame-droite.<\/span><\/p>\n<p><b>Nous appelons chacune et chacun d\u2019entre nous \u00e0 d\u00e9fendre nos valeurs r\u00e9publicaines lors des prochaines \u00e9lections. Dans la continuit\u00e9 du Pacte du Pouvoir de Vivre qui rendra visible les d\u00e9bats, les rassemblements ou les initiatives port\u00e9es par la soci\u00e9t\u00e9 civile, nous appelons toutes les associations \u00e0 se mobiliser. Nous portons toutes et tous une responsabilit\u00e9. Il s\u2019agit d\u2019investir pleinement ce combat !<\/b><\/p>\n<p><a href=\"https:\/\/lemouvementassociatif.org\/l-extreme-droite-une-menace-pour-l-action-associative-et-citoyenne-les-signataires-de-la-tribune\/\" target=\"_blank\" rel=\"noopener\">Consulter la liste des signataires<\/a><\/p>\n","protected":false},"excerpt":{"rendered":"<p>Dans un texte publi\u00e9 le 16 juin dans La Tribune  [&#8230;]<\/p>\n","protected":false},"author":1,"featured_media":23429,"comment_status":"closed","ping_status":"open","sticky":false,"template":"","format":"standard","meta":{"footnotes":""},"categories":[6],"tags":[],"class_list":["post-23427","post","type-post","status-publish","format-standard","has-post-thumbnail","hentry","category-communique"],"_links":{"self":[{"href":"http:\/\/test.utopia56.org\/index.php\/wp-json\/wp\/v2\/posts\/23427","targetHints":{"allow":["GET"]}}],"collection":[{"href":"http:\/\/test.utopia56.org\/index.php\/wp-json\/wp\/v2\/posts"}],"about":[{"href":"http:\/\/test.utopia56.org\/index.php\/wp-json\/wp\/v2\/types\/post"}],"author":[{"embeddable":true,"href":"http:\/\/test.utopia56.org\/index.php\/wp-json\/wp\/v2\/users\/1"}],"replies":[{"embeddable":true,"href":"http:\/\/test.utopia56.org\/index.php\/wp-json\/wp\/v2\/comments?post=23427"}],"version-history":[{"count":0,"href":"http:\/\/test.utopia56.org\/index.php\/wp-json\/wp\/v2\/posts\/23427\/revisions"}],"wp:featuredmedia":[{"embeddable":true,"href":"http:\/\/test.utopia56.org\/index.php\/wp-json\/"}],"wp:attachment":[{"href":"http:\/\/test.utopia56.org\/index.php\/wp-json\/wp\/v2\/media?parent=23427"}],"wp:term":[{"taxonomy":"category","embeddable":true,"href":"http:\/\/test.utopia56.org\/index.php\/wp-json\/wp\/v2\/categories?post=23427"},{"taxonomy":"post_tag","embeddable":true,"href":"http:\/\/test.utopia56.org\/index.php\/wp-json\/wp\/v2\/tags?post=23427"}],"curies":[{"name":"wp","href":"https:\/\/api.w.org\/{rel}","templated":true}]}}