{"id":2334,"date":"2021-05-31T08:18:05","date_gmt":"2021-05-31T06:18:05","guid":{"rendered":"https:\/\/utopia56.net\/?p=2334"},"modified":"2021-05-31T08:18:05","modified_gmt":"2021-05-31T06:18:05","slug":"300-personnes-ont-dormi-cette-nuit-jardin-villemin-a-paris","status":"publish","type":"post","link":"http:\/\/test.utopia56.org\/index.php\/2021\/05\/31\/300-personnes-ont-dormi-cette-nuit-jardin-villemin-a-paris\/","title":{"rendered":"300 PERSONNES ONT DORMI CETTE NUIT JARDIN VILLEMIN \u00c0 PARIS"},"content":{"rendered":"<p>Ce dimanche, 300 personnes exil\u00e9es sans-abri ont pass\u00e9 la nuit Jardin Villemin, dans le 10\u1d49 arrondissement de Paris. Suite au rassemblement place de la R\u00e9publique \u00e0 Paris, 470 personnes ont pu acc\u00e9der \u00e0 un h\u00e9bergement selon le communiqu\u00e9 de la Pr\u00e9fecture, plusieurs centaines sont rest\u00e9es sans\u00a0solution.<\/p>\n<p>A l\u2019issue de la manifestation contre les expulsions et le logement cher, qui a rassembl\u00e9e pr\u00e8s\u00a0de 3000 personnes, le collectif R\u00e9quisitions a r\u00e9uni plus d\u2019un millier de personnes sans-abri place de la R\u00e9publique dimanche \u00e0 17 h afin de pouvoir acc\u00e9der \u00e0 un h\u00e9bergement. De nationalit\u00e9\u00a0Afghane, Soudanaise, Somalienne, \u00c9rythr\u00e9enne, Kurde\u2026 une grande majorit\u00e9 des personnes pr\u00e9sentes sont demandeuses d\u2019asile et sont arriv\u00e9es sur le territoire fran\u00e7ais\u00a0ces derniers\u00a0mois.<\/p>\n<p>La pr\u00e9fecture de r\u00e9gion avait \u00e9t\u00e9 avertie du rassemblement et de la volont\u00e9 du collectif de rester sur place tant que toutes les personnes pr\u00e9sentes ne seraient pas h\u00e9berg\u00e9es. En amont, diff\u00e9rentes sources venaient confirmer qu\u2019une mise \u00e0 l\u2019abri serait organis\u00e9e par la\u00a0pr\u00e9fecture.<\/p>\n<p>L\u2019organisation mise en place par la pr\u00e9fecture de police, le manque de places d\u2019h\u00e9bergement, et l\u2019absence d\u2019interpr\u00e8te et d\u2019informations\u00a0auront eu pour effet de g\u00e9n\u00e9rer des tensions ayant abouti sur une r\u00e9pression violente de la part de la pr\u00e9fecture, dont de nombreuses salves de gaz\u00a0lacrymog\u00e8ne.<\/p>\n<p>La politique mise en place par Didier Lallement \u00ab 0 campement \u00bb a\u00a0pour effet d\u2019invisibiliser les personnes exil\u00e9es \u00e0 la rue et rend tr\u00e8s difficile l\u2019\u00e9valuation du nombre de personnes subissant cette situation. En France, contrairement aux autres pays Europ\u00e9ens, le passage par la rue est une fatalit\u00e9, ces mise \u00e0 l\u2019abri d\u2019envergures ne seraient pas n\u00e9cessaires si chaque personne \u00e9tait prise en charge \u00e0 son arriv\u00e9e sur le\u00a0territoire.<\/p>\n<p>\u00ab L\u2019Europe et la France sont incapables de s\u2019organiser afin d\u2019accueillir dignement ces personnes. Au contraire, une Europe Forteresse se met en place poussant \u00e0 la mise en danger et \u00e0 la stigmatisation des personnes exil\u00e9es. \u00bb un membre du\u00a0collectif.<\/p>\n<p>Le Collectif R\u00e9quisitions se mobilise depuis des mois afin de visibiliser la situation des personnes sans-abri. Gr\u00e2ce aux actions de mobilisation, plus de 2100 personnes ont pu acc\u00e9der \u00e0 un h\u00e9bergement. En France, selon l\u2019Insee, plus de 3 millions de logements sont\u00a0vacants.<\/p>\n<p>Suite au rassemblement place de la R\u00e9publique et en concertation avec l\u2019ensemble des personnes laiss\u00e9es sans solution d\u2019h\u00e9bergement, la d\u00e9cision a \u00e9t\u00e9 prise de se rassembler dans le Jardin Villemin afin de maintenir la pression sur l\u2019\u00c9tat et obtenir des solutions d\u2019h\u00e9bergement. Selon la convention de Gen\u00e8ve et la loi fran\u00e7aise, l\u2019\u00c9tat a le devoir de proposer des solutions d\u2019h\u00e9bergement \u00e0 toutes ces\u00a0personnes.<\/p>\n<p>Tant qu\u2019aucune solution ne sera propos\u00e9e, des b\u00e9n\u00e9voles des diff\u00e9rentes associations vont se relayer pour accompagner l\u2019organisation du\u00a0campement.<\/p>\n","protected":false},"excerpt":{"rendered":"<p>Ce dimanche, 300 personnes exil\u00e9es sans-abri ont pass\u00e9 la nuit  [&#8230;]<\/p>\n","protected":false},"author":1,"featured_media":2335,"comment_status":"open","ping_status":"open","sticky":false,"template":"","format":"standard","meta":{"footnotes":""},"categories":[19,18,7],"tags":[],"class_list":["post-2334","post","type-post","status-publish","format-standard","has-post-thumbnail","hentry","category-acces-aux-droits-fondamentaux","category-article","category-paris"],"_links":{"self":[{"href":"http:\/\/test.utopia56.org\/index.php\/wp-json\/wp\/v2\/posts\/2334","targetHints":{"allow":["GET"]}}],"collection":[{"href":"http:\/\/test.utopia56.org\/index.php\/wp-json\/wp\/v2\/posts"}],"about":[{"href":"http:\/\/test.utopia56.org\/index.php\/wp-json\/wp\/v2\/types\/post"}],"author":[{"embeddable":true,"href":"http:\/\/test.utopia56.org\/index.php\/wp-json\/wp\/v2\/users\/1"}],"replies":[{"embeddable":true,"href":"http:\/\/test.utopia56.org\/index.php\/wp-json\/wp\/v2\/comments?post=2334"}],"version-history":[{"count":0,"href":"http:\/\/test.utopia56.org\/index.php\/wp-json\/wp\/v2\/posts\/2334\/revisions"}],"wp:featuredmedia":[{"embeddable":true,"href":"http:\/\/test.utopia56.org\/index.php\/wp-json\/"}],"wp:attachment":[{"href":"http:\/\/test.utopia56.org\/index.php\/wp-json\/wp\/v2\/media?parent=2334"}],"wp:term":[{"taxonomy":"category","embeddable":true,"href":"http:\/\/test.utopia56.org\/index.php\/wp-json\/wp\/v2\/categories?post=2334"},{"taxonomy":"post_tag","embeddable":true,"href":"http:\/\/test.utopia56.org\/index.php\/wp-json\/wp\/v2\/tags?post=2334"}],"curies":[{"name":"wp","href":"https:\/\/api.w.org\/{rel}","templated":true}]}}