{"id":2331,"date":"2021-06-03T08:15:11","date_gmt":"2021-06-03T06:15:11","guid":{"rendered":"https:\/\/utopia56.net\/?p=2331"},"modified":"2021-06-03T08:15:11","modified_gmt":"2021-06-03T06:15:11","slug":"paris-nouvelle-victoire-du-collectif-requisitions-523-personnes-sans-abri-enfin-prises-en-charge-par-letat-au-campement-villemin","status":"publish","type":"post","link":"http:\/\/test.utopia56.org\/index.php\/2021\/06\/03\/paris-nouvelle-victoire-du-collectif-requisitions-523-personnes-sans-abri-enfin-prises-en-charge-par-letat-au-campement-villemin\/","title":{"rendered":"PARIS. NOUVELLE VICTOIRE DU COLLECTIF R\u00c9QUISITIONS : 523 PERSONNES SANS-ABRI ENFIN PRISES EN CHARGE PAR L\u2019\u00c9TAT AU CAMPEMENT VILLEMIN"},"content":{"rendered":"<p>Install\u00e9es avec le collectif R\u00e9quisitions depuis le dimanche 30 mai dans le Jardin Villemin \u00e0 Paris 10e, les 523 personnes pr\u00e9sentes, ont enfin pu \u00eatre mises \u00e0 l\u2019abri par la pr\u00e9fecture d\u2019Ile-de-France\/Paris. Elles ont \u00e9t\u00e9 accompagn\u00e9es vers l\u2019espace du Paris Event Center, porte de la Villette, avant l\u2019\u00e9valuation de leur situation sociale et administrative, et l\u2019orientation vers des structures\u00a0p\u00e9rennes.<\/p>\n<p>Pendant 4 jours et 4 nuits, une centaine de b\u00e9n\u00e9voles, membres et soutiens des diff\u00e9rentes associations, avec l\u2019aide d\u2019habitants du quartier, se sont relay\u00e9\u00b7es afin d\u2019assurer une pr\u00e9sence, organiser la logistique et les distributions mat\u00e9rielles et alimentaires. Aucune aide de l\u2019\u00c9tat n\u2019a \u00e9t\u00e9 apport\u00e9e et la pr\u00e9fecture a refus\u00e9 d\u2019\u00e9tablir le dialogue avec les associations\u00a0pr\u00e9sentes.<\/p>\n<p>L\u2019h\u00e9bergement de toutes personnes sans domicile est une obligation l\u00e9gale, pr\u00e9rogative de l\u2019Etat, via les Pr\u00e9fets depuis 2009 (Article L345-2-2 du code de l\u2019action\u00a0sociale).<\/p>\n<p>Jardin Villemin, la majorit\u00e9 des personnes pr\u00e9sentes sont demandeuses d\u2019asile et sont arriv\u00e9es en France ces derniers mois. D\u2019autres sont r\u00e9fugi\u00e9es, titulaires de la protection subsidiaire, et ont un travail. Avec ou sans papiers, toutes sont sans logis. Certaines sont tr\u00e8s jeunes, en proc\u00e9dure de recours de minorit\u00e9 aupr\u00e8s du juge des enfants et vont \u00e0\u00a0l\u2019\u00e9cole.<\/p>\n<p>Le syst\u00e8me d\u2019h\u00e9bergement d\u2019urgence ainsi que celui d\u00e9di\u00e9 \u00e0 l\u2019accueil des personnes migrantes restent tr\u00e8s sous-\u00e9valu\u00e9s et imposent la rue \u00e0 des dizaines de milliers de femmes, hommes et enfants chaque\u00a0ann\u00e9e.<\/p>\n<p>\u00ab Nous gardons contact avec les personnes dans ces h\u00e9bergements. Nous veillerons \u00e0 une prise en charge digne, au respect des droits fondamentaux et \u00e0 la p\u00e9rennit\u00e9 de ces solutions. Afin de faire respecter les lois, nous continuerons de visibiliser la situation des personnes sans-abri.\u00a0\u00bb<\/p>\n<p>Face \u00e0 la violation du droit \u00e0 l\u2019h\u00e9bergement, \u00e0 l\u2019aggravation la crise du logement et \u00e0 la reprise des expulsions apr\u00e8s la fin de la tr\u00eave hivernale, le collectif R\u00e9quisitions \u00e0 l\u2019origine de l\u2019organisation de ce campement milite pour la r\u00e9quisition par l\u2019\u00c9tat d\u2019une partie des logements vacants. Notre combat a permis depuis quatre mois de mettre \u00e0 l\u2019abri environ 2 700 personnes qui \u00e9taient \u00e0 la rue. Selon l\u2019Insee, plus de 400.000 logements sont vacants en Ile- de-France et 3,1 millions en France. Plusieurs dizaines de milliers de personnes sont, elles, toujours \u00e0 la rue \u00e0 Paris et\u00a0France.<\/p>\n<p>*\/<\/p>\n","protected":false},"excerpt":{"rendered":"<p>Install\u00e9es avec le collectif R\u00e9quisitions depuis le dimanche 30 mai  [&#8230;]<\/p>\n","protected":false},"author":1,"featured_media":0,"comment_status":"open","ping_status":"open","sticky":false,"template":"","format":"standard","meta":{"footnotes":""},"categories":[19,18,7],"tags":[],"class_list":["post-2331","post","type-post","status-publish","format-standard","hentry","category-acces-aux-droits-fondamentaux","category-article","category-paris"],"_links":{"self":[{"href":"http:\/\/test.utopia56.org\/index.php\/wp-json\/wp\/v2\/posts\/2331","targetHints":{"allow":["GET"]}}],"collection":[{"href":"http:\/\/test.utopia56.org\/index.php\/wp-json\/wp\/v2\/posts"}],"about":[{"href":"http:\/\/test.utopia56.org\/index.php\/wp-json\/wp\/v2\/types\/post"}],"author":[{"embeddable":true,"href":"http:\/\/test.utopia56.org\/index.php\/wp-json\/wp\/v2\/users\/1"}],"replies":[{"embeddable":true,"href":"http:\/\/test.utopia56.org\/index.php\/wp-json\/wp\/v2\/comments?post=2331"}],"version-history":[{"count":0,"href":"http:\/\/test.utopia56.org\/index.php\/wp-json\/wp\/v2\/posts\/2331\/revisions"}],"wp:attachment":[{"href":"http:\/\/test.utopia56.org\/index.php\/wp-json\/wp\/v2\/media?parent=2331"}],"wp:term":[{"taxonomy":"category","embeddable":true,"href":"http:\/\/test.utopia56.org\/index.php\/wp-json\/wp\/v2\/categories?post=2331"},{"taxonomy":"post_tag","embeddable":true,"href":"http:\/\/test.utopia56.org\/index.php\/wp-json\/wp\/v2\/tags?post=2331"}],"curies":[{"name":"wp","href":"https:\/\/api.w.org\/{rel}","templated":true}]}}