{"id":2315,"date":"2021-06-24T07:52:59","date_gmt":"2021-06-24T05:52:59","guid":{"rendered":"https:\/\/utopia56.net\/?p=2315"},"modified":"2021-06-24T07:52:59","modified_gmt":"2021-06-24T05:52:59","slug":"campement-de-300-personnes-place-de-lhotel-de-ville-a-paris","status":"publish","type":"post","link":"http:\/\/test.utopia56.org\/index.php\/2021\/06\/24\/campement-de-300-personnes-place-de-lhotel-de-ville-a-paris\/","title":{"rendered":"CAMPEMENT DE 300 PERSONNES PLACE DE L\u2019H\u00d4TEL DE VILLE \u00c0 PARIS"},"content":{"rendered":"<p>Depuis 20 h ce jeudi soir,\u00a0<strong>300 femmes seules, personnes en familles, dont des dizaines d\u2019enfants, et jeunes en recours de minorit\u00e9 sans domicile, sont install\u00e9\u00b7es sous des tentes place de l\u2019H\u00f4tel de Ville \u00e0 Paris.\u00a0<\/strong>Au c\u00f4t\u00e9 des \u00e9quipes Utopia 56, elles appellent d\u2019urgence \u00e0 l\u2019aide et demandent \u00e0 l\u2019\u00c9tat des solutions d\u2019h\u00e9bergement dignes et\u00a0p\u00e9rennes.<\/p>\n<p>Depuis deux semaines, notre r\u00e9seau d\u2019h\u00e9bergement solidaire est satur\u00e9. Chaque jour, nous distribuons des tentes \u00e0\u00a0<strong>des dizaines de familles \u00e0 la rue qui dorment sous les ponts \u00e0 la p\u00e9riph\u00e9rie de\u00a0Paris.<\/strong><\/p>\n<p>La pr\u00e9fecture et la mairie de Paris sont inform\u00e9es de ces situations indignes.\u00a0<strong>La pr\u00e9fecture ignore nos alertes.<\/strong>\u00a0La mairie, au travers de Ian Brossat, adjoint \u00e0 la maire de Paris, charg\u00e9 du logement, pointe la responsabilit\u00e9 \u00e0\u00a0l\u2019\u00c9tat.<\/p>\n<p>Pourtant, le 3 juin,\u00a0<a href=\"http:\/\/www.utopia56.com\/fr\/actualite\/paris-nouvelle-victoire-collectif-requisitions-523-personnes-sans-abri-enfin-prises-charge\">lors de l\u2019\u00e9vacuation du jardin Villemin \u00e0 Paris<\/a>, le pr\u00e9fet Marc Guillaume avait fait la promesse face \u00e0 nos \u00e9quipes de prendre en charge les familles laiss\u00e9es sans solution. Au-del\u00e0,\u00a0<a class=\"ext\" href=\"https:\/\/www.diplomatie.gouv.fr\/fr\/politique-etrangere-de-la-france\/la-france-et-les-nations-unies\/evenements-et-actualites-lies-aux-nations-unies\/actualites\/article\/nations-unies-journee-mondiale-des-refugies-20-06-21\" target=\"_blank\" rel=\"noopener\">un communiqu\u00e9 du minist\u00e8re des Affaires \u00e9trang\u00e8res<\/a>\u00a0\u00e0 l\u2019occasion de la journ\u00e9e internationale des personnes r\u00e9fugi\u00e9es le 20 juin indiquait\u00a0: \u201cla France r\u00e9affirme son engagement en faveur de l\u2019accueil, de la protection et de l\u2019int\u00e9gration des personnes\u00a0r\u00e9fugi\u00e9es.\u201d<\/p>\n<p>Pourtant, nous observons sur le terrain\u00a0:<\/p>\n<ul>\n<li>Une saturation de l\u2019h\u00e9bergement d\u2019urgence du\u00a0115<\/li>\n<li>Un refus d\u2019ouverture par l\u2019\u00c9tat de structure de premier accueil inconditionnelle des demandeur\u00b7ses d\u2019asile en \u00cele-de-France. Une situation, en opposition \u00e0 la loi, imposant le passage \u00e0 la rue pour toutes personnes arrivant sur le territoire d\u2019\u00cele-de-France, soit plus de 40 000 personnes par\u00a0an.<\/li>\n<li>L\u2019intimidation des pouvoirs publics envers les acteurs de la solidarit\u00e9\u00a0: mardi 22 juin, la police\u00a0<a class=\"ext\" href=\"https:\/\/twitter.com\/Utopia_56\/status\/1407393205608460289?s=20\" target=\"_blank\" rel=\"noopener\">a nass\u00e9 les familles<\/a>\u00a0et b\u00e9n\u00e9voles lors de notre op\u00e9ration quotidienne et citoyenne de mise \u00e0\u00a0l\u2019abri.<\/li>\n<\/ul>\n<p>\u201cCette politique de non-accueil envers les personnes exil\u00e9es est un choix. Tout est construit pour d\u00e9courager ces personnes, aux d\u00e9pens des valeurs europ\u00e9ennes, de leur int\u00e9gration et des droits humains\u201d Ma\u00ebl De Marcelus, coordinateur Utopia 56\u00a0Paris.<\/p>\n<p>Le collectif R\u00e9quisitions, dont est membre Utopia 56, a occup\u00e9 des espaces publics \u00e0 plusieurs reprises, permettant des mises \u00e0 l\u2019abri imm\u00e9diates par la pr\u00e9fecture et la mairie de Paris.\u00a0<strong>Ces pr\u00e9c\u00e9dents nous montrent que des solutions existent et qu\u2019elles peuvent \u00eatre mises en\u00a0place.<\/strong><\/p>\n<p>Les personnes sans abri pr\u00e9sentes, comme les \u00e9quipes d\u2019Utopia 56,\u00a0<strong>resteront place de l\u2019H\u00f4tel de ville \u00e0 Paris tant qu\u2019aucune solution d\u2019h\u00e9bergement ne sera mise en\u00a0place.<\/strong><\/p>\n<p>*\/<\/p>\n","protected":false},"excerpt":{"rendered":"<p>Depuis 20 h ce jeudi soir,\u00a0300 femmes seules, personnes en  [&#8230;]<\/p>\n","protected":false},"author":1,"featured_media":2316,"comment_status":"open","ping_status":"open","sticky":false,"template":"","format":"standard","meta":{"footnotes":""},"categories":[19,18,7],"tags":[],"class_list":["post-2315","post","type-post","status-publish","format-standard","has-post-thumbnail","hentry","category-acces-aux-droits-fondamentaux","category-article","category-paris"],"_links":{"self":[{"href":"http:\/\/test.utopia56.org\/index.php\/wp-json\/wp\/v2\/posts\/2315","targetHints":{"allow":["GET"]}}],"collection":[{"href":"http:\/\/test.utopia56.org\/index.php\/wp-json\/wp\/v2\/posts"}],"about":[{"href":"http:\/\/test.utopia56.org\/index.php\/wp-json\/wp\/v2\/types\/post"}],"author":[{"embeddable":true,"href":"http:\/\/test.utopia56.org\/index.php\/wp-json\/wp\/v2\/users\/1"}],"replies":[{"embeddable":true,"href":"http:\/\/test.utopia56.org\/index.php\/wp-json\/wp\/v2\/comments?post=2315"}],"version-history":[{"count":0,"href":"http:\/\/test.utopia56.org\/index.php\/wp-json\/wp\/v2\/posts\/2315\/revisions"}],"wp:featuredmedia":[{"embeddable":true,"href":"http:\/\/test.utopia56.org\/index.php\/wp-json\/"}],"wp:attachment":[{"href":"http:\/\/test.utopia56.org\/index.php\/wp-json\/wp\/v2\/media?parent=2315"}],"wp:term":[{"taxonomy":"category","embeddable":true,"href":"http:\/\/test.utopia56.org\/index.php\/wp-json\/wp\/v2\/categories?post=2315"},{"taxonomy":"post_tag","embeddable":true,"href":"http:\/\/test.utopia56.org\/index.php\/wp-json\/wp\/v2\/tags?post=2315"}],"curies":[{"name":"wp","href":"https:\/\/api.w.org\/{rel}","templated":true}]}}