{"id":2269,"date":"2021-08-04T16:29:56","date_gmt":"2021-08-04T14:29:56","guid":{"rendered":"https:\/\/utopia56.net\/?p=2269"},"modified":"2021-08-04T16:29:56","modified_gmt":"2021-08-04T14:29:56","slug":"procedure-judiciaire-suite-a-lexpulsion-de-150-personnes-sans-abri-place-des-vosges","status":"publish","type":"post","link":"http:\/\/test.utopia56.org\/index.php\/2021\/08\/04\/procedure-judiciaire-suite-a-lexpulsion-de-150-personnes-sans-abri-place-des-vosges\/","title":{"rendered":"PROC\u00c9DURE JUDICIAIRE SUITE \u00c0 L\u2019EXPULSION DE 150 PERSONNES SANS ABRI PLACE DES VOSGES."},"content":{"rendered":"<p>Le \u00ab collectif R\u00e9quisitions \u00bb d\u00e9nonce l\u2019expulsion forc\u00e9e et d\u00e9gradante vendredi 30\/07 d\u2019environ 150 personnes sans abri install\u00e9es depuis la veille place des Vosges. Elle s\u2019est d\u00e9roul\u00e9e en l\u2019absence de toute d\u00e9cision de justice qui plus est, <strong>sur ordre du Ministre de l\u2019Int\u00e9rieur lui-m\u00eame,\u00a0<a class=\"ext\" href=\"https:\/\/twitter.com\/GDarmanin\/status\/1421113825655406600?s=20\" target=\"_blank\" rel=\"noopener\">revendiqu\u00e9 sur Twitter.<\/a><\/strong><\/p>\n<p><strong>Dans les prochains jours un \u201cr\u00e9f\u00e9r\u00e9 en exc\u00e8s de pouvoir\u201d sera d\u00e9pos\u00e9 aupr\u00e8s du tribunal administratif<\/strong>\u00a0\u00e0 l\u2019encontre de l\u2019autorit\u00e9 qui a ordonn\u00e9 \u00e0 la police de p\u00e9n\u00e9trer dans le square et de pousser de nouveau \u00e0 la rue 150 personnes sans abri attendant pacifiquement leur mise \u00e0\u00a0l\u2019abri.<\/p>\n<p>Sans fondement, la pr\u00e9f\u00e8te Magali Charbonneau, pr\u00e9sente sur place, a affirm\u00e9\u00a0:\u00a0<em>\u00ab ces personnes mentent, elles ont un h\u00e9bergement \u00bb<\/em>\u00a0avant d\u2019ajouter\u00a0<em>\u00ab entre l\u2019\u00e9vacuation la semaine pass\u00e9e et celle-ci, nous avons fait assez\u00a0\u00bb.\u00a0<\/em><\/p>\n<p>Les forces de police sont entr\u00e9es \u00e0 l\u2019int\u00e9rieur du parc et ont nass\u00e9 le groupe patientant pour une mise \u00e0 l\u2019abri. Sans informer les personnes sur ce qu\u2019il se passait, les ont forc\u00e9 \u00e0 sortir du square par groupe de dix, puis escort\u00e9es par une quinzaine de fonctionnaires de police en nasse autour d\u2019elles jusqu\u2019\u00e0 la station de m\u00e9tro Chemin vert, avant de les pousser de force dans le m\u00e9tro.\u00a0<strong>Sans nulle part o\u00f9 aller, elles se sont retrouv\u00e9es repouss\u00e9es et invisibilis\u00e9es dans les rues de\u00a0Paris.\u00a0<\/strong><\/p>\n<p>Cette intervention violente vient appuyer les discours mensongers et x\u00e9nophobes de\u00a0<a class=\"ext\" href=\"https:\/\/twitter.com\/MLP_officiel\/status\/1420742055006023680?s=20\" target=\"_blank\" rel=\"noopener\">Marine Lepen<\/a> et\u00a0<a class=\"ext\" href=\"https:\/\/twitter.com\/dupontaignan\/status\/1420755862637875202?s=20\" target=\"_blank\" rel=\"noopener\">Nicolas Dupont-Aignan<\/a>\u00a0qui n\u2019avaient pas h\u00e9sit\u00e9 \u00e0 commenter cette\u00a0mobilisation.<\/p>\n<p>Selon les informations du collectif, la mairie de Paris, propri\u00e9taire des lieux, se d\u00e9douane de toutes responsabilit\u00e9s et affirme\u00a0<strong>qu\u2019aucun arr\u00eat\u00e9 d\u2019expulsion n\u2019a \u00e9t\u00e9\u00a0sign\u00e9.<\/strong><\/p>\n<p>D\u00e8s vendredi soir, les \u00e9quipes de b\u00e9n\u00e9voles ont pu retrouver une partie de ces personnes autour de la porte de la Villette afin de leur distribuer tentes et\u00a0couvertures.<\/p>\n<p>Le collectif rappelle que\u00a0<strong>la place des Vosges fourmille de logements vacants<\/strong>\u00a0pouvant \u00eatre r\u00e9quisitionn\u00e9s par l\u2019\u00c9tat afin de contribuer \u00e0 l\u2019h\u00e9bergement des personnes mal log\u00e9es et sans\u00a0domicile.<\/p>\n<p><a class=\"ext\" href=\"https:\/\/www.collectifrequisitions.fr\/post\/proc%C3%A9dure-judiciaire-suite-%C3%A0-l-expulsion-de-150-personnes-sans-abri-place-des-vosges\" target=\"_blank\" rel=\"noopener\">Voir sur le\u00a0site du\u00a0collectif<\/a><\/p>\n","protected":false},"excerpt":{"rendered":"<p>Le \u00ab collectif R\u00e9quisitions \u00bb d\u00e9nonce l\u2019expulsion forc\u00e9e et d\u00e9gradante  [&#8230;]<\/p>\n","protected":false},"author":1,"featured_media":2270,"comment_status":"open","ping_status":"open","sticky":false,"template":"","format":"standard","meta":{"footnotes":""},"categories":[19,18,27,7],"tags":[],"class_list":["post-2269","post","type-post","status-publish","format-standard","has-post-thumbnail","hentry","category-acces-aux-droits-fondamentaux","category-article","category-loi-asile-immigration","category-paris"],"_links":{"self":[{"href":"http:\/\/test.utopia56.org\/index.php\/wp-json\/wp\/v2\/posts\/2269","targetHints":{"allow":["GET"]}}],"collection":[{"href":"http:\/\/test.utopia56.org\/index.php\/wp-json\/wp\/v2\/posts"}],"about":[{"href":"http:\/\/test.utopia56.org\/index.php\/wp-json\/wp\/v2\/types\/post"}],"author":[{"embeddable":true,"href":"http:\/\/test.utopia56.org\/index.php\/wp-json\/wp\/v2\/users\/1"}],"replies":[{"embeddable":true,"href":"http:\/\/test.utopia56.org\/index.php\/wp-json\/wp\/v2\/comments?post=2269"}],"version-history":[{"count":0,"href":"http:\/\/test.utopia56.org\/index.php\/wp-json\/wp\/v2\/posts\/2269\/revisions"}],"wp:featuredmedia":[{"embeddable":true,"href":"http:\/\/test.utopia56.org\/index.php\/wp-json\/"}],"wp:attachment":[{"href":"http:\/\/test.utopia56.org\/index.php\/wp-json\/wp\/v2\/media?parent=2269"}],"wp:term":[{"taxonomy":"category","embeddable":true,"href":"http:\/\/test.utopia56.org\/index.php\/wp-json\/wp\/v2\/categories?post=2269"},{"taxonomy":"post_tag","embeddable":true,"href":"http:\/\/test.utopia56.org\/index.php\/wp-json\/wp\/v2\/tags?post=2269"}],"curies":[{"name":"wp","href":"https:\/\/api.w.org\/{rel}","templated":true}]}}