{"id":22559,"date":"2024-05-19T07:42:23","date_gmt":"2024-05-19T05:42:23","guid":{"rendered":"https:\/\/utopia56.org\/?p=22559"},"modified":"2024-05-19T07:42:23","modified_gmt":"2024-05-19T05:42:23","slug":"ne-choisissez-pas-lextreme-droite-pour-exprimer-votre-colere-lappel-de-70-organisations-de-la-societe-civile-pour-les-europeennes","status":"publish","type":"post","link":"http:\/\/test.utopia56.org\/index.php\/2024\/05\/19\/ne-choisissez-pas-lextreme-droite-pour-exprimer-votre-colere-lappel-de-70-organisations-de-la-societe-civile-pour-les-europeennes\/","title":{"rendered":"\u201cNE CHOISISSEZ PAS L\u2019EXTR\u00caME DROITE POUR EXPRIMER VOTRE COL\u00c8RE\u201d : L\u2019APPEL DE 70 ORGANISATIONS DE LA SOCI\u00c9T\u00c9 CIVILE POUR LES EUROP\u00c9ENNES"},"content":{"rendered":"<p>Lire la tribune sur\u00a0<a href=\"https:\/\/www.liberation.fr\/idees-et-debats\/tribunes\/ne-pas-choisissez-pas-lextreme-droite-pour-exprimer-votre-colere-lappel-de-70-organisations-de-la-societe-civile-pour-les-europeennes-20240513_GDSCUKGSDREHVOLEQYQGHB3KJQ\/\" target=\"_blank\" rel=\"noopener\"><em>LIB\u00c9RATION<\/em><\/a><\/p>\n<p>Les extr\u00eames droites, dont la progression se poursuit plus que jamais, exploitent les m\u00e9contentements, les ressentiments, les col\u00e8res. Col\u00e8res souvent l\u00e9gitimes face \u00e0 la d\u00e9gradation du tissu social, \u00e0 l\u2019arrogance de pouvoirs oligarchiques, et \u00e0 tant de renoncements face aux injustices sociales et environnementales, au rythme et aux effets du changement climatique et \u00e0 l\u2019affaiblissement acc\u00e9l\u00e9r\u00e9 des services publics.<\/p>\n<p>Mais les extr\u00eames droites entretiennent ce ressentiment en d\u00e9signant des boucs \u00e9missaires. Car elles ont besoin que le malheur s\u2019\u00e9tende\u00a0: elles en vivent, elles s\u2019en nourrissent. Il leur faut toujours plus de divisions, de fragmentation de la soci\u00e9t\u00e9, de repli sur un pass\u00e9 largement mythifi\u00e9 et une identit\u00e9 nationale fantasm\u00e9e, d\u2019enfermement dans les murs et les centres de r\u00e9tention, de fronti\u00e8res barbel\u00e9es, de rejet de l\u2019autre.<\/p>\n<p>Or plus on divise, plus on affaiblit. Plus on dresse les travailleurs contre les ch\u00f4meurs vilipend\u00e9s comme \u00ab\u00a0assist\u00e9s\u00a0\u00bb, les agriculteurs contre les d\u00e9fenseurs du climat, les Fran\u00e7ais contre les \u00e9trangers, les centres ville contre les banlieues, les \u00ab\u00a0Parisiens\u00a0\u00bb contre \u00ab\u00a0la terre qui ne ment pas\u00a0\u00bb, les \u00ab\u00a0vieux\u00a0\u00bb contre les \u00ab\u00a0jeunes\u00a0\u00bb, et plus on aggrave injustices, in\u00e9galit\u00e9s, pr\u00e9jug\u00e9s et discriminations. Et au bout du compte tous et toutes y perdent\u2026 sauf les nostalgiques d\u2019un pouvoir autoritaire derri\u00e8re qui toute la soci\u00e9t\u00e9 marcherait au pas.<\/p>\n<p><strong>Il est grand temps d\u2019ouvrir les yeux<\/strong><\/p>\n<p>La propagande de l\u2019extr\u00eame droite et de celles et ceux qui courent apr\u00e8s elle, masque le monde r\u00e9el. Depuis des d\u00e9cennies, ce qui menace la d\u00e9mocratie et le vivre ensemble, dans notre pays comme dans beaucoup d\u2019autres, c\u2019est le recul massif de l\u2019\u00e9galit\u00e9, des solidarit\u00e9s, de l\u2019acc\u00e8s aux droits et de la protection des plus fragiles. C\u2019est le culte du tout marchand, du tout priv\u00e9, du tout payant, avec toujours plus de personnes, de groupes sociaux et de territoires pr\u00e9caris\u00e9s, abandonn\u00e9s, voire m\u00e9pris\u00e9s.<\/p>\n<p>Ce ne sont pas les personnes \u00e9trang\u00e8res qui ont fait exploser in\u00e9galit\u00e9s et discriminations. Ce ne sont pas les \u00e9cologistes qui ont ruin\u00e9 tant de paysans endett\u00e9s et pressur\u00e9s par les industries agro-alimentaires. Ce ne sont pas les \u00ab\u00a0jeunes des quartiers\u00a0\u00bb qui ont construit, abandonn\u00e9 puis laiss\u00e9 se d\u00e9grader les quartiers populaires o\u00f9 se concentrent depuis si longtemps mis\u00e8re, ch\u00f4mage et pr\u00e9carit\u00e9. Ce ne sont pas les militants syndicaux qui ont ferm\u00e9 les usines ou d\u00e9grad\u00e9 les services publics.<\/p>\n<p>De tout cela bien s\u00fbr, l\u2019extr\u00eame droite ne dit rien. Mais nous\u00a0\u2013 associations, syndicats, acteurs et actrices de la solidarit\u00e9, citoyennes et citoyens engag\u00e9s dans la soci\u00e9t\u00e9 civile \u2013, nous disons aujourd\u2019hui qu\u2019il est grand temps d\u2019ouvrir les yeux. Car le danger grandit, aux portes d\u2019un avenir proche\u00a0: le danger que triomphent la haine de l\u2019Autre, le repli identitaire, le racisme, l\u2019affrontement de tous contre tous. Que deviendrait alors la d\u00e9mocratie m\u00eame\u00a0?<\/p>\n<p><strong>Le sentiment d\u2019une vie toujours plus difficile et pr\u00e9caire<\/strong><\/p>\n<p>Oui, il est grand temps de r\u00e9agir. Nous n\u2019acceptons pas que se poursuivent le saccage de la sant\u00e9 publique\u00a0\u2013 entre \u00ab\u00a0d\u00e9serts m\u00e9dicaux\u00a0\u00bb et d\u00e9tresse hospitali\u00e8re\u00a0\u2013, le s\u00e9paratisme scolaire des riches et les \u00e9tudes de plus en plus ch\u00e8res, les logements de moins en moins abordables pour le plus grand nombre, les services publics qui reculent, les territoires qui vivent la d\u00e9prise, et leurs habitantes et habitants abandonn\u00e9s au \u00ab\u00a0chacun pour soi\u00a0\u00bb, \u00e0 la pr\u00e9carit\u00e9 et \u00e0 l\u2019ins\u00e9curit\u00e9 sociale.<\/p>\n<p>Croit-on que les explosions de col\u00e8re qui se succ\u00e8dent sans cesse\u00a0\u2013 \u00ab\u00a0gilets jaunes\u00a0\u00bb, r\u00e9voltes dans les quartiers populaires, col\u00e8res des agriculteurs\u00a0\u2013 arrivent par hasard\u00a0? Les mauvais coups port\u00e9s aux retraites, au logement social, \u00e0 l\u2019agriculture paysanne et maintenant aux allocations ch\u00f4mage profitent aux semeurs de haine, aux entrepreneurs de ressentiment identitaire. Le terreau sur lequel poussent les d\u00e9magogues de l\u2019extr\u00eame droite, c\u2019est l\u2019amertume que provoquent toutes ces r\u00e9gressions malgr\u00e9 des mobilisations souvent tr\u00e8s importantes, c\u2019est le sentiment d\u2019une vie toujours plus difficile et pr\u00e9caire.<\/p>\n<p>Peut-on continuer longtemps \u00e0 perdre nos libert\u00e9s, nos droits, notre espoir d\u2019un avenir meilleur\u00a0? Nous savons bien que non. Nombreuses et nombreux sont celles et ceux qui font vivre et qui inventent aussi, sur le terrain et dans les partages du quotidien, les solidarit\u00e9s, les coop\u00e9rations et les mises en commun porteuses de cet avenir meilleur. Ce qui manque pour que toutes ces \u00e9nergies et ces engagements brisent le cercle vicieux de l\u2019extr\u00eame droitisation, c\u2019est une mise en commun visible qui respecte leur diversit\u00e9 tout en conjuguant leurs forces.<\/p>\n<p>C\u2019est pourquoi nous, 70 organisations au c\u0153ur de la soci\u00e9t\u00e9 civile, avons d\u00e9cid\u00e9 de proposer aujourd\u2019hui, face \u00e0 l\u2019extr\u00eame droite et aux porteurs de haines, d\u2019injustices et de discriminations, une mobilisation forte et durable contre les in\u00e9galit\u00e9s sociales et territoriales. Parce que l\u00e0 sont les vrais enjeux. Parce que l\u00e0 se joue, \u00e0 court comme \u00e0 long termes, l\u2019avenir de nos soci\u00e9t\u00e9s et de la d\u00e9mocratie.<\/p>\n<p>Et surtout parce que nous portons dans nos engagements, dans nos actions quotidiennes, la conviction que c\u2019est le rassemblement de tous ceux et celles qui veulent plus d\u2019\u00e9galit\u00e9, de solidarit\u00e9, de justice sociale et fiscale et de respect de toutes et tous qui peut faire reculer le risque du pire et nous redonner espoir dans l\u2019avenir. C\u2019est urgent, c\u2019est n\u00e9cessaire et c\u2019est possible.<\/p>\n<p>Nous appelons d\u00e8s aujourd\u2019hui les organisations et les citoyen-ne-s qui partagent nos pr\u00e9occupations et nos valeurs \u00e0 nous rejoindre. Nous appelons les femmes et hommes politiques qui se consid\u00e8rent r\u00e9ellement comme d\u00e9mocrates, r\u00e9publicains et humanistes\u00a0\u2013 quelle que soit leur couleur politique\u00a0\u2013 \u00e0 ne jamais c\u00e9der aux id\u00e9es mortif\u00e8res de l\u2019extr\u00eame droite et \u00e0 s\u2019engager d\u2019urgence et sinc\u00e8rement dans la lutte contre les in\u00e9galit\u00e9s, la crise climatique et pour la reconstitution de notre tissu social. Nous appelons les citoyennes et citoyens \u00e0 ne pas se r\u00e9signer\u00a0: ne pas choisir l\u2019extr\u00eame droite pour exprimer sa col\u00e8re, ne pas renoncer \u00e0 voter pour d\u00e9signer des responsables qui seront enfin \u00e0 la hauteur des d\u00e9fis de notre temps, que ce soit aux niveaux local, national, ou d\u00e8s le 9 juin au niveau europ\u00e9en.<\/p>\n<p>&nbsp;<\/p>\n<p><strong><u>Signataires<\/u><\/strong><\/p>\n<p><strong>Patrick Baudouin<\/strong>, pr\u00e9sident de la LDH (Ligue des droits de l\u2019Homme) ;\u00a0<strong>Sophie Binet<\/strong>, secr\u00e9taire g\u00e9n\u00e9rale de la CGT (Conf\u00e9d\u00e9ration g\u00e9n\u00e9rale du travail) ;\u00a0<strong>Lucie Bozonnet<\/strong>, secr\u00e9taire g\u00e9n\u00e9rale du MRJC (Mouvement rural de jeunesse chr\u00e9tienne) ;\u00a0<strong>C\u00e9cile Duflot<\/strong>, directrice g\u00e9n\u00e9rale d\u2019Oxfam France ;\u00a0<strong>Hania Hamidi<\/strong>, secr\u00e9taire g\u00e9n\u00e9rale de l\u2019Unef ;\u00a0<strong>Beno\u00eet Hamon<\/strong>, directeur g\u00e9n\u00e9ral de Singa ;\u00a0<strong>Jean-Fran\u00e7ois Julliard<\/strong>, directeur g\u00e9n\u00e9ral de Greenpeace France<strong>\u00a0; Mohamed Mechmache<\/strong>, pr\u00e9sident de la coordination Pas sans Nous ;\u00a0<strong>Laure Niclot<\/strong>, pr\u00e9sidente des Jeunes Europ\u00e9ens \u2013 France ;\u00a0<strong>Beno\u00eet Teste<\/strong>, secr\u00e9taire g\u00e9n\u00e9ral de la FSU (F\u00e9d\u00e9ration syndicale unitaire) ;\u00a0<strong>Arnaud Tiercelin<\/strong>, co-pr\u00e9sident du Cnajep (Comit\u00e9 pour les relations nationales et internationales des associations de jeunesse et d\u2019\u00e9ducation populaire) ;<strong>\u00a0Youlie Yamamoto<\/strong>, porte-parole d\u2019Attac France ; <strong>Raymonde Baron<\/strong>, co-pr\u00e9sidente d\u2019UAVJ (Une autre voix juive) ;\u00a0<strong>Faycal Ben Abdallah<\/strong>, pr\u00e9sident de la FTCR (F\u00e9d\u00e9ration des Tunisiens citoyens des deux rives) ;\u00a0<strong>Agn\u00e8s Brian\u00e7on-Marjollet<\/strong>, premi\u00e8re secr\u00e9taire g\u00e9n\u00e9rale du SNJ (Syndicat national des journalistes) ;\u00a0<strong>Nicolas Bucher<\/strong>, directeur de Profedim (Syndicat professionnel des producteurs, festivals, ensembles, diffuseurs ind\u00e9pendants de musique)\u00a0<strong>; Gaspard Buzare<\/strong>, secr\u00e9taire g\u00e9n\u00e9ral du MNL (Mouvement national lyc\u00e9en) ;\u00a0<strong>Rodrique Carbonnel<\/strong>, d\u00e9l\u00e9gu\u00e9 g\u00e9n\u00e9ral de la F\u00e9d\u00e9ration des Aro\u00e9ven (Foeven, F\u00e9d\u00e9ration des \u0153uvres \u00e9ducatives et de vacances de l\u2019\u00c9ducation nationale) ;\u00a0<strong>Mich\u00e8le Cauletin<\/strong>, co-pr\u00e9sidente d\u2019Habitat participatif France ;\u00a0<strong>Mouhieddine Cherbib<\/strong>, pr\u00e9sident du CRLDHT (Comit\u00e9 pour le respect des libert\u00e9s et des droits de l\u2019homme en Tunisie) ;\u00a0<strong>Antoine Chuzeville<\/strong>, premier secr\u00e9taire g\u00e9n\u00e9ral du SNJ (Syndicat national des journalistes) ;\u00a0<strong>Jean-Baptiste Clerico<\/strong>, directeur g\u00e9n\u00e9ral des Cemea (Centre d\u2019entra\u00eenement aux m\u00e9thodes d\u2019\u00e9ducation active) ;\u00a0<strong>Fabien Cohen<\/strong>, secr\u00e9taire g\u00e9n\u00e9ral de Fal (France Am\u00e9rique latine) ;\u00a0<strong>Martine D\u00e9otte<\/strong>, pr\u00e9sidente des Amoureux au ban public ;<strong>\u00a0Paul Devin<\/strong>, pr\u00e9sident de l\u2019Institut de recherches de la FSU (F\u00e9d\u00e9ration syndicale unitaire) ;\u00a0<strong>Sarah Durocher<\/strong>, pr\u00e9sidente du Planning familial ;\u00a0<strong>Nacer El Idrissi<\/strong>, pr\u00e9sident de l\u2019ATMF (Association des travailleurs maghr\u00e9bins de France) ;\u00a0<strong>Noura Elouardi<\/strong>, coordinatrice ex\u00e9cutive du Crid (Centre de recherche et d\u2019information pour le d\u00e9veloppement) ;\u00a0<strong>Jean-Marie Fardeau<\/strong>, d\u00e9l\u00e9gu\u00e9 national de Vox Public ;\u00a0<strong>Tatiana Formet<\/strong>, repr\u00e9sentante l\u00e9gale de Peuple et Culture ;\u00a0<strong>Souad Frikech<\/strong>, d\u00e9l\u00e9gu\u00e9e g\u00e9n\u00e9rale de l\u2019Association des Marocains de France ;\u00a0<strong>Khaled Ga\u00efji<\/strong>, pr\u00e9sident des Amis de la Terre ;\u00a0<strong>Antoine Gatet<\/strong>, pr\u00e9sident de France Nature Environnement ;\u00a0<strong>Christophe Gaydier<\/strong>, pr\u00e9sident d\u2019Animafac ;\u00a0<strong>Karl Ghazi<\/strong>, co-pr\u00e9sident de la Fondation Copernic ;\u00a0<strong>Murielle Guilbert<\/strong>, co-d\u00e9l\u00e9gu\u00e9e g\u00e9n\u00e9rale de l\u2019Union syndicale Solidaires ;\u00a0<strong>Anne-Marie Harster<\/strong>, pr\u00e9sidente de Solidarit\u00e9 La\u00efque ;\u00a0<strong>Pierre Henry<\/strong>, pr\u00e9sident de France Fraternit\u00e9s ;\u00a0<strong>Albert Herszkowicz<\/strong>, porte-parole du RAAR (R\u00e9seau d\u2019actions contre l\u2019antis\u00e9mitisme et tous les racismes) ;\u00a0<strong>Patricia Hyvernat<\/strong>, pr\u00e9sidente de Patron.nes Solidaires ;\u00a0<strong>Kadalanga<\/strong>, Extinction R\u00e9bellion France\u00a0<strong>; Judith Krivine<\/strong>, pr\u00e9sidente du Saf (Syndicat des avocats de France) ;\u00a0<strong>Gilliane Le Gallic<\/strong>, pr\u00e9sidente d\u2019Alofa Tuvalu ;\u00a0<strong>Ana\u00efs Leweurs<\/strong>, coordinatrice asile et domiciliation de Dom\u2019Asile ;\u00a0<strong>H\u00e9l\u00e8ne Lacassagne<\/strong>, pr\u00e9sidente de la Ligue de l\u2019enseignement ;\u00a0<strong>V\u00e9ronique L\u00e9cull\u00e9e<\/strong>, co-pr\u00e9sidente du SNSP (Syndicat national des sc\u00e8nes publiques)\u00a0<strong>; Pascal Lederer<\/strong>, co-animateur de l\u2019UJRE (Union des Juifs pour la r\u00e9sistance et l\u2019entraide) ;\u00a0<strong>Jacques Lewkowicz<\/strong>, co-pr\u00e9sident d\u2019UAVJ (Une autre voix juive) ;\u00a0<strong>Yann Manzi<\/strong>, d\u00e9l\u00e9gu\u00e9 g\u00e9n\u00e9ral d\u2019Utopia 56 ;\u00a0<strong>Pierre-Charles Marais<\/strong>, co-pr\u00e9sident d\u2019Habitat participatif France ;\u00a0<strong>Laurence Marandola<\/strong>, porte-parole de la Conf\u00e9d\u00e9ration paysanne ;\u00a0<strong>Florentin Martorell<\/strong>, Secr\u00e9taire g\u00e9n\u00e9ral de la FIDL (F\u00e9d\u00e9ration ind\u00e9pendante et d\u00e9mocratique lyc\u00e9enne) ;\u00a0<strong>Henry Masson<\/strong>, pr\u00e9sident de la Cimade ;\u00a0<strong>\u00dcmit Metin<\/strong>, coordinateur g\u00e9n\u00e9ral de l\u2019Acort (Assembl\u00e9e citoyenne des originaires de Turquie) ;\u00a0<strong>Gilbert Mitterrand<\/strong>, pr\u00e9sident de la Fondation Danielle Mitterrand \u2013 France Libert\u00e9s\u00a0:\u00a0<strong>Michel Morzi\u00e8re<\/strong>, pr\u00e9sident d\u2019honneur de Revivre ;\u00a0<strong>Agathe Nadimi<\/strong>, pr\u00e9sidente des Midis du MIE ;\u00a0<strong>Ma\u00eblle Nizan<\/strong>, pr\u00e9sidente de la Fage (F\u00e9d\u00e9ration des associations g\u00e9n\u00e9rales \u00e9tudiantes) ;\u00a0<strong>Pauline Oderkerken<\/strong>, secr\u00e9taire des Enseignant.es pour la plan\u00e8te ;\u00a0<strong>Sil\u00e8ne Parisse<\/strong>, porte-parole d\u2019Alternatiba ;\u00a0<strong>C\u00e9line Piques<\/strong>, porte-parole d\u2019Osez le f\u00e9minisme ;\u00a0<strong>Suzel Prio<\/strong>, animatrice de Roya citoyenne ;\u00a0<strong>Isabelle R\u00e9ghi<\/strong>, pr\u00e9sidente de l\u2019AFJD (Association fran\u00e7aise des juristes d\u00e9mocrates) ;\u00a0<strong>Kim Reuflet<\/strong>, pr\u00e9sidente du SM (Syndicat de la Magistrature) ;\u00a0<strong>Camila Rios Armas<\/strong>, co-fondatrice et directrice d\u2019UniR (Universit\u00e9s &amp; R\u00e9fugi\u00e9.e.s) ;\u00a0<strong>Christophe Robert<\/strong>, d\u00e9l\u00e9gu\u00e9 g\u00e9n\u00e9ral de la Fap (Fondation Abb\u00e9 Pierre) ;\u00a0<strong>Vincent Roche-Lecca<\/strong>, co-pr\u00e9sident du SNSP (Syndicat national des sc\u00e8nes publiques) ;\u00a0<strong>Gilles Rouby<\/strong>, pr\u00e9sident du Cac (Collectif des associations citoyennes) ;\u00a0<strong>Sophie Roques<\/strong>, pr\u00e9sidente d\u2019Homosexualit\u00e9s et Socialismes (HES LGBTI+) ;\u00a0<strong>Maeva Roug\u00e9<\/strong>, coordinatrice f\u00e9d\u00e9rale du MAN (Mouvement pour une alternative non-violente) ;\u00a0<strong>Michel Rousseau<\/strong>, co-pr\u00e9sident de Tous migrants ;\u00a0<strong>Claude Sarcey<\/strong>, co-pr\u00e9sident d\u2019UAVJ (Une autre voix juive) ;\u00a0<strong>El\u00e9onore Schmitt<\/strong>, porte-parole de l\u2019Union \u00e9tudiante ;\u00a0<strong>Pierre Segura<\/strong>, pr\u00e9sident de la F\u00e9d\u00e9ration nationale des Francas ;\u00a0<strong>Dominique Sopo<\/strong>, pr\u00e9sident de SOS Racisme ;\u00a0<strong>Antoine Sueur<\/strong>, pr\u00e9sident d\u2019Emma\u00fcs France ;\u00a0<strong>J\u00e9r\u00e9mie Suissa<\/strong>, d\u00e9l\u00e9gu\u00e9 g\u00e9n\u00e9ral de Notre affaire \u00e0 tous ;\u00a0<strong>Gwenn Thomas-Alves<\/strong>, pr\u00e9sident de l\u2019Union syndicale lyc\u00e9enne ;\u00a0<strong>Tarik Touahria<\/strong>, pr\u00e9sident de la F\u00e9d\u00e9ration des centres sociaux et socioculturels de France ;<strong>\u00a0Anne-Sophie Trujillo-Gauchez<\/strong>, porte-parole d\u2019ANV-COP 21 (Action non-violente COP21) ;\u00a0<strong>Thomas Valle<\/strong>, coordonateur g\u00e9n\u00e9ral de la FSGT (F\u00e9d\u00e9ration sportive et gymnique du travail) ;\u00a0<strong>Marie-Pierre Vieu<\/strong>, co-pr\u00e9sidente de la Fondation Copernic<\/p>\n","protected":false},"excerpt":{"rendered":"<p>Lire la tribune sur\u00a0LIB\u00c9RATION Les extr\u00eames droites, dont la progression  [&#8230;]<\/p>\n","protected":false},"author":1,"featured_media":22560,"comment_status":"closed","ping_status":"open","sticky":false,"template":"","format":"standard","meta":{"footnotes":""},"categories":[6],"tags":[],"class_list":["post-22559","post","type-post","status-publish","format-standard","has-post-thumbnail","hentry","category-communique"],"_links":{"self":[{"href":"http:\/\/test.utopia56.org\/index.php\/wp-json\/wp\/v2\/posts\/22559","targetHints":{"allow":["GET"]}}],"collection":[{"href":"http:\/\/test.utopia56.org\/index.php\/wp-json\/wp\/v2\/posts"}],"about":[{"href":"http:\/\/test.utopia56.org\/index.php\/wp-json\/wp\/v2\/types\/post"}],"author":[{"embeddable":true,"href":"http:\/\/test.utopia56.org\/index.php\/wp-json\/wp\/v2\/users\/1"}],"replies":[{"embeddable":true,"href":"http:\/\/test.utopia56.org\/index.php\/wp-json\/wp\/v2\/comments?post=22559"}],"version-history":[{"count":0,"href":"http:\/\/test.utopia56.org\/index.php\/wp-json\/wp\/v2\/posts\/22559\/revisions"}],"wp:featuredmedia":[{"embeddable":true,"href":"http:\/\/test.utopia56.org\/index.php\/wp-json\/"}],"wp:attachment":[{"href":"http:\/\/test.utopia56.org\/index.php\/wp-json\/wp\/v2\/media?parent=22559"}],"wp:term":[{"taxonomy":"category","embeddable":true,"href":"http:\/\/test.utopia56.org\/index.php\/wp-json\/wp\/v2\/categories?post=22559"},{"taxonomy":"post_tag","embeddable":true,"href":"http:\/\/test.utopia56.org\/index.php\/wp-json\/wp\/v2\/tags?post=22559"}],"curies":[{"name":"wp","href":"https:\/\/api.w.org\/{rel}","templated":true}]}}