{"id":22346,"date":"2024-05-07T10:36:45","date_gmt":"2024-05-07T08:36:45","guid":{"rendered":"https:\/\/utopia56.org\/?p=22346"},"modified":"2024-05-07T10:36:45","modified_gmt":"2024-05-07T08:36:45","slug":"enquete-les-associations-alertent-sur-la-situation-de-precarite-extreme-de-jeunes-exile-e-s-a-paris","status":"publish","type":"post","link":"http:\/\/test.utopia56.org\/index.php\/2024\/05\/07\/enquete-les-associations-alertent-sur-la-situation-de-precarite-extreme-de-jeunes-exile-e-s-a-paris\/","title":{"rendered":"Enqu\u00eate : les associations alertent sur la situation de pr\u00e9carit\u00e9 extr\u00eame de jeunes exil\u00e9.e.s \u00e0 Paris"},"content":{"rendered":"<p><b><span data-contrast=\"auto\">Dans une enqu\u00eate men\u00e9e par les associations Action contre la Faim, Coucou Crew, La Fondation de l\u2019Arm\u00e9e du Salut et Utopia 56, le collectif d\u2019association alerte sur les conditions de vies extr\u00eamement pr\u00e9caires dans lesquelles sont plong\u00e9es les jeunes en proc\u00e9dure de reconnaissance de minorit\u00e9 \u00e0 Paris du fait de la rupture de leur protection par les autorit\u00e9s.<\/span><\/b><span data-ccp-props=\"{&quot;335551550&quot;:6,&quot;335551620&quot;:6}\">\u00a0<\/span><\/p>\n<p><span data-contrast=\"auto\">A Paris, des mineur.e.s non accompagn\u00e9.e.s saisissent le juge des enfants pour faire reconna\u00eetre leur minorit\u00e9 apr\u00e8s avoir \u00e9t\u00e9 \u00e9valu\u00e9\u00b7e\u00b7s majeur\u00b7e\u00b7s par le d\u00e9partement. Durant toute la proc\u00e9dure, qui peut s\u2019av\u00e9rer longue, ces \u00ab\u202fjeunes en recours\u2009\u00bb ne b\u00e9n\u00e9ficient d\u2019aucune protection les exposant pendant plusieurs mois \u00e0 l\u2019errance, \u00e0 la vie \u00e0 la rue, et aux risques associ\u00e9s.<\/span><span data-ccp-props=\"{&quot;335551550&quot;:6,&quot;335551620&quot;:6}\">\u00a0<\/span><\/p>\n<p><span data-contrast=\"auto\">Cette enqu\u00eate men\u00e9e aupr\u00e8s de 128 jeunes en recours \u00e0 Paris au sein de 4\u202fdispositifs<\/span><span data-contrast=\"auto\">1<\/span> <b><span data-contrast=\"auto\">pointe l\u2019absence de prise en charge et de solutions d\u2019h\u00e9bergement, les difficult\u00e9s aigu\u00ebs d\u2019acc\u00e8s \u00e0 l\u2019alimentation, aux services de sant\u00e9 m\u00e9dico-psychologiques, \u00e0 l\u2019\u00e9ducation,<\/span><\/b> <b><span data-contrast=\"auto\">ainsi que les \u00e9victions r\u00e9p\u00e9t\u00e9es et la peur des contr\u00f4les de police<\/span><\/b><span data-contrast=\"auto\"> encourus par ces jeunes quotidiennement.<\/span><span data-ccp-props=\"{&quot;335551550&quot;:6,&quot;335551620&quot;:6}\">\u00a0<\/span><\/p>\n<p><span data-contrast=\"auto\">Les jeunes en recours se voient exclu\u00b7e\u00b7s des structures d\u2019h\u00e9bergement de la protection de l\u2019enfance en attendant la d\u00e9cision du juge des enfants. La grande majorit\u00e9 des jeunes ne dispose pas de solutions d\u2019h\u00e9bergement, ce qui les plonge dans une situation de grande pr\u00e9carit\u00e9. 90% des jeunes interrog\u00e9s n\u2019ont pas dormi ailleurs qu\u2019\u00e0 la rue depuis plus de trois mois<\/span><span data-ccp-props=\"{&quot;335551550&quot;:6,&quot;335551620&quot;:6}\">\u00a0<\/span><\/p>\n<p><i><span data-contrast=\"auto\">&#8220;Au vu des cons\u00e9quences mises en lumi\u00e8re dans ce rapport, imposer la rue \u00e0 ces jeunes rel\u00e8ve de la maltraitance.\u201d <\/span><\/i><span data-contrast=\"auto\">Angelo Fiore, Charg\u00e9 de plaidoyer Utopia 56<\/span><span data-ccp-props=\"{&quot;134233117&quot;:false,&quot;134233118&quot;:false,&quot;201341983&quot;:0,&quot;335551550&quot;:6,&quot;335551620&quot;:6,&quot;335559685&quot;:0,&quot;335559737&quot;:0,&quot;335559738&quot;:0,&quot;335559739&quot;:160,&quot;335559740&quot;:259}\">\u00a0<\/span><\/p>\n<p><span data-contrast=\"auto\">Aussi, l\u2019enqu\u00eate fait \u00e9tat d\u2019une r\u00e9alit\u00e9 alarmante en ce qui concerne le niveau d\u2019ins\u00e9curit\u00e9 alimentaire, avec la grande majorit\u00e9 de jeunes (92\u2009%) en situation de faim s\u00e9v\u00e8re ou mod\u00e9r\u00e9e.\u00a0<\/span><span data-ccp-props=\"{&quot;335551550&quot;:6,&quot;335551620&quot;:6}\">\u00a0<\/span><\/p>\n<p><i><span data-contrast=\"auto\">\u00ab\u202fDe toutes les enqu\u00eates que nous avons men\u00e9es depuis 2019, jamais un niveau d\u2019ins\u00e9curit\u00e9 alimentaire n\u2019avait jamais \u00e9t\u00e9 aussi \u00e9lev\u00e9. Pr\u00e8s de la moiti\u00e9 des jeunes rencontr\u00e9s \u00e9voque le fait de se coucher le soir en ayant faim et pr\u00e8s de 10\u2009% d\u00e9clarent qu\u2019il leur est souvent arriv\u00e9 de passer 24h sans rien manger. Ces chiffres sont extr\u00eamement inqui\u00e9tants et sont r\u00e9v\u00e9lateurs du manque de protection de ces jeunes par les pouvoirs publics \u00bb,<\/span><\/i><span data-contrast=\"auto\"> d\u00e9clare H\u00e9l\u00e8ne Qu\u00e9au, directrice de la Mission France pour Action contre la Faim.<\/span><span data-ccp-props=\"{&quot;335551550&quot;:6,&quot;335551620&quot;:6}\">\u00a0<\/span><\/p>\n<p><span data-contrast=\"auto\">Depuis leur arriv\u00e9e \u00e0 Paris, 16\u2009% du public d\u00e9clare n\u2019avoir jamais consult\u00e9 un m\u00e9decin mais aimeraient le faire. Le besoin d\u2019acc\u00e8s aux soins de sant\u00e9 est confirm\u00e9 par 64\u2009% des personnes interrog\u00e9es qui d\u00e9clarent souffrir d\u2019un probl\u00e8me de sant\u00e9. Et 95\u2009% d\u2019entre eux.elles d\u00e9clarent n\u2019avoir aucune couverture maladie. La violence des situations de rue s\u2019ajoute aux violences de parcours d\u2019exil complexe. Ainsi, 41 % des jeunes aimeraient pouvoir b\u00e9n\u00e9ficier de consultations en sant\u00e9 mentale.<\/span><span data-ccp-props=\"{&quot;335551550&quot;:6,&quot;335551620&quot;:6}\">\u00a0<\/span><\/p>\n<p><i><span data-contrast=\"auto\">\u201cVivre \u00e0 la rue comme \u00e7a dans Paris, c\u2019est pire que ce qu\u2019on a travers\u00e9 dans le d\u00e9sert pour venir ici\u201d Voil\u00e0 ce que m\u2019a dit un jeune de 15 ans qui vient souvent passer la journ\u00e9e dans notre accueil de jour<\/span><\/i><span data-contrast=\"auto\"> rapporte Juliette Delestre, Psychologue clinicienne et Charg\u00e9e de coordination pour l&#8217;association Coucou Crew.<\/span><span data-ccp-props=\"{&quot;335551550&quot;:6,&quot;335551620&quot;:6}\">\u00a0<\/span><\/p>\n<p><span data-ccp-props=\"{&quot;335551550&quot;:6,&quot;335551620&quot;:6}\">\u00a0&#8212;&#8212;&#8212;&#8212;&#8212;&#8212;&#8212;&#8212;&#8212;&#8212;&#8212;&#8212;&#8212;&#8212;&#8211;<\/span><span data-ccp-props=\"{&quot;335551550&quot;:6,&quot;335551620&quot;:6}\">\u00a0<\/span><\/p>\n<p><span data-contrast=\"auto\">Nos associations demandent \u00e0 la Ville de Paris, aux d\u00e9partements d\u2019Ile-de-France, ainsi qu\u2019aux services d\u00e9concentr\u00e9s de l\u2019\u00c9tat\u202fde <\/span><b><span data-contrast=\"auto\">mettre en place des mesures concr\u00e8tes et adapt\u00e9es permettant de garantir efficacement la protection, la dignit\u00e9 et le respect des droits fondamentaux de ces jeunes.\u00a0<\/span><\/b><span data-ccp-props=\"{&quot;335551550&quot;:6,&quot;335551620&quot;:6}\">\u00a0<\/span><\/p>\n<p><span data-contrast=\"auto\">Pour cela, nous demandons \u00e0 l\u2019Etat\u202f:<\/span><span data-ccp-props=\"{&quot;335551550&quot;:6,&quot;335551620&quot;:6}\">\u00a0<\/span><\/p>\n<ul>\n<li data-leveltext=\"-\" data-font=\"Calibri\" data-listid=\"2\" data-list-defn-props=\"{&quot;335551671&quot;:4,&quot;335552541&quot;:1,&quot;335559685&quot;:720,&quot;335559991&quot;:360,&quot;469769226&quot;:&quot;Calibri&quot;,&quot;469769242&quot;:[8226],&quot;469777803&quot;:&quot;left&quot;,&quot;469777804&quot;:&quot;-&quot;,&quot;469777815&quot;:&quot;hybridMultilevel&quot;}\" aria-setsize=\"-1\" data-aria-posinset=\"4\" data-aria-level=\"1\"><span data-contrast=\"auto\">D\u2019inscrire dans la loi et garantir le respect du principe de pr\u00e9somption de minorit\u00e9 tout au long de la proc\u00e9dure en reconnaissance de minorit\u00e9 et ce jusqu\u2019\u00e0 \u00e9puisement des voies de recours par la mise en place d\u2019un recours effectif, donc suspensif, en accord avec le Comit\u00e9 des droits de l\u2019enfant des Nations Unies et la jurisprudence de la Cour europ\u00e9enne des droits de l\u2019Homme\u202f;\u00a0<\/span><span data-ccp-props=\"{&quot;335551550&quot;:6,&quot;335551620&quot;:6}\">\u00a0<\/span><\/li>\n<li data-leveltext=\"-\" data-font=\"Calibri\" data-listid=\"2\" data-list-defn-props=\"{&quot;335551671&quot;:4,&quot;335552541&quot;:1,&quot;335559685&quot;:720,&quot;335559991&quot;:360,&quot;469769226&quot;:&quot;Calibri&quot;,&quot;469769242&quot;:[8226],&quot;469777803&quot;:&quot;left&quot;,&quot;469777804&quot;:&quot;-&quot;,&quot;469777815&quot;:&quot;hybridMultilevel&quot;}\" aria-setsize=\"-1\" data-aria-posinset=\"4\" data-aria-level=\"1\"><span data-contrast=\"auto\">Doter les services d\u00e9partementaux de l\u2019Aide Sociale \u00e0 l\u2019Enfance (ASE) des moyens suffisants pour assurer l\u2019accueil digne et inconditionnel de tou\u00b7te\u00b7s les enfants en danger, y compris les jeunes se pr\u00e9sentant comme mineur\u00b7e\u00b7s non accompagn\u00e9\u00b7e\u00b7s,\u2009;\u00a0<\/span><span data-ccp-props=\"{&quot;335551550&quot;:6,&quot;335551620&quot;:6}\">\u00a0<\/span><\/li>\n<li data-leveltext=\"-\" data-font=\"Calibri\" data-listid=\"2\" data-list-defn-props=\"{&quot;335551671&quot;:4,&quot;335552541&quot;:1,&quot;335559685&quot;:720,&quot;335559991&quot;:360,&quot;469769226&quot;:&quot;Calibri&quot;,&quot;469769242&quot;:[8226],&quot;469777803&quot;:&quot;left&quot;,&quot;469777804&quot;:&quot;-&quot;,&quot;469777815&quot;:&quot;hybridMultilevel&quot;}\" aria-setsize=\"-1\" data-aria-posinset=\"4\" data-aria-level=\"1\"><span data-contrast=\"auto\">Placer le ou la juge des enfants au centre de la proc\u00e9dure d\u2019\u00e9valuation en lui laissant le soin de d\u00e9terminer, en m\u00eame temps que l\u2019existence d\u2019un danger ou d\u2019un risque de danger, si la personne est mineure ou non, avec l\u2019appui des d\u00e9partements et des services de l\u2019\u00c9tat si n\u00e9cessaire, conform\u00e9ment aux articles 375 et suivants du Code Civil et renforcer les moyens des juges des enfants afin de r\u00e9duire les d\u00e9lais de recours pour les jeunes non reconnu\u00b7e\u00b7s mineur\u00b7e\u00b7s engag\u00e9\u00b7e\u00b7s dans une proc\u00e9dure de reconnaissance de minorit\u00e9.<\/span><span data-ccp-props=\"{&quot;335551550&quot;:6,&quot;335551620&quot;:6}\">\u00a0<\/span><\/li>\n<\/ul>\n<p><span data-contrast=\"auto\">Nous demandons aux d\u00e9partements :<\/span><span data-ccp-props=\"{&quot;335551550&quot;:6,&quot;335551620&quot;:6}\">\u00a0<\/span><\/p>\n<ul>\n<li data-leveltext=\"-\" data-font=\"Calibri\" data-listid=\"1\" data-list-defn-props=\"{&quot;335552541&quot;:1,&quot;335559685&quot;:720,&quot;335559991&quot;:360,&quot;469769226&quot;:&quot;Calibri&quot;,&quot;469769242&quot;:[8226],&quot;469777803&quot;:&quot;left&quot;,&quot;469777804&quot;:&quot;-&quot;,&quot;469777815&quot;:&quot;hybridMultilevel&quot;}\" aria-setsize=\"-1\" data-aria-posinset=\"5\" data-aria-level=\"1\"><span data-contrast=\"none\">Assurer l&#8217;h\u00e9bergement et l&#8217;accompagnement des jeunes \u00e9valu\u00e9.e.s n\u00e9gativement par le d\u00e9partement dans des structures de la protection de l&#8217;enfance agr\u00e9\u00e9es et adapt\u00e9es \u00e0 leur \u00e2ge, jusqu&#8217;\u00e0 ce qu&#8217;une d\u00e9cision judiciaire d\u00e9finitive intervienne.\u00a0<\/span><span data-contrast=\"auto\">\u00a0<\/span><span data-ccp-props=\"{&quot;335551550&quot;:6,&quot;335551620&quot;:6,&quot;335559739&quot;:0}\">\u00a0<\/span><\/li>\n<li data-leveltext=\"-\" data-font=\"Calibri\" data-listid=\"1\" data-list-defn-props=\"{&quot;335552541&quot;:1,&quot;335559685&quot;:720,&quot;335559991&quot;:360,&quot;469769226&quot;:&quot;Calibri&quot;,&quot;469769242&quot;:[8226],&quot;469777803&quot;:&quot;left&quot;,&quot;469777804&quot;:&quot;-&quot;,&quot;469777815&quot;:&quot;hybridMultilevel&quot;}\" aria-setsize=\"-1\" data-aria-posinset=\"1\" data-aria-level=\"1\"><span data-contrast=\"auto\">Financer des accueils de jour permettant d\u2019accueillir l\u2019int\u00e9gralit\u00e9 des jeunes \u00e9valu\u00e9\u00b7e\u00b7s n\u00e9gativement par le d\u00e9partement et qui saisissent le juge des enfants, ainsi que les jeunes exil\u00e9\u00b7e\u00b7s en errance n\u2019ayant pas entam\u00e9 de d\u00e9marche. Ces accueils de jour doivent \u00eatre dot\u00e9s d\u2019une \u00e9quipe pluridisciplinaire \u00e0 m\u00eame de r\u00e9pondre aux besoins sp\u00e9cifiques de ce public<\/span><span data-ccp-props=\"{&quot;335551550&quot;:6,&quot;335551620&quot;:6,&quot;335559739&quot;:0}\">\u00a0<\/span><\/li>\n<li data-leveltext=\"-\" data-font=\"Calibri\" data-listid=\"1\" data-list-defn-props=\"{&quot;335552541&quot;:1,&quot;335559685&quot;:720,&quot;335559991&quot;:360,&quot;469769226&quot;:&quot;Calibri&quot;,&quot;469769242&quot;:[8226],&quot;469777803&quot;:&quot;left&quot;,&quot;469777804&quot;:&quot;-&quot;,&quot;469777815&quot;:&quot;hybridMultilevel&quot;}\" aria-setsize=\"-1\" data-aria-posinset=\"2\" data-aria-level=\"1\"><span data-contrast=\"none\">Garantir l\u2019acc\u00e8s \u00e0 l\u2019\u00e9ducation<\/span><span data-contrast=\"none\"> pour les jeunes \u00e9valu\u00e9.e.s n\u00e9gativement par le d\u00e9partement et qui saisissent le juge des enfants via le renforcement des moyens d\u00e9di\u00e9s aux dispositifs d\u00e9j\u00e0 existants (dont les cours de mise \u00e0 niveau en fran\u00e7ais, FLE&#8230;) et \u00e0 un partenariat consolid\u00e9 avec l\u2019Education Nationale favorisant l\u2019ouverture de nouveaux dispositifs (UPE2A&#8230;)<\/span><span data-ccp-props=\"{&quot;335551550&quot;:6,&quot;335551620&quot;:6,&quot;335559739&quot;:0}\">\u00a0<\/span><\/li>\n<\/ul>\n<p style=\"text-align: center;\"><div class=\"fusion-button-wrapper\"><a class=\"fusion-button button-flat button-medium button-default fusion-button-default button-1 fusion-button-default-span fusion-button-default-type\" target=\"_self\" href=\"https:\/\/utopia56.org\/wp-content\/uploads\/2024\/05\/Rapport-Interasso-Jeunes-en-recours-VF.pdf\"><span class=\"fusion-button-text awb-button__text awb-button__text--default\">Lire notre enqu\u00eate<\/span><\/a><\/div><\/p>\n","protected":false},"excerpt":{"rendered":"<p>Dans une enqu\u00eate men\u00e9e par les associations Action contre la  [&#8230;]<\/p>\n","protected":false},"author":1,"featured_media":22349,"comment_status":"closed","ping_status":"open","sticky":false,"template":"","format":"standard","meta":{"footnotes":""},"categories":[6,7],"tags":[],"class_list":["post-22346","post","type-post","status-publish","format-standard","has-post-thumbnail","hentry","category-communique","category-paris"],"_links":{"self":[{"href":"http:\/\/test.utopia56.org\/index.php\/wp-json\/wp\/v2\/posts\/22346","targetHints":{"allow":["GET"]}}],"collection":[{"href":"http:\/\/test.utopia56.org\/index.php\/wp-json\/wp\/v2\/posts"}],"about":[{"href":"http:\/\/test.utopia56.org\/index.php\/wp-json\/wp\/v2\/types\/post"}],"author":[{"embeddable":true,"href":"http:\/\/test.utopia56.org\/index.php\/wp-json\/wp\/v2\/users\/1"}],"replies":[{"embeddable":true,"href":"http:\/\/test.utopia56.org\/index.php\/wp-json\/wp\/v2\/comments?post=22346"}],"version-history":[{"count":0,"href":"http:\/\/test.utopia56.org\/index.php\/wp-json\/wp\/v2\/posts\/22346\/revisions"}],"wp:featuredmedia":[{"embeddable":true,"href":"http:\/\/test.utopia56.org\/index.php\/wp-json\/"}],"wp:attachment":[{"href":"http:\/\/test.utopia56.org\/index.php\/wp-json\/wp\/v2\/media?parent=22346"}],"wp:term":[{"taxonomy":"category","embeddable":true,"href":"http:\/\/test.utopia56.org\/index.php\/wp-json\/wp\/v2\/categories?post=22346"},{"taxonomy":"post_tag","embeddable":true,"href":"http:\/\/test.utopia56.org\/index.php\/wp-json\/wp\/v2\/tags?post=22346"}],"curies":[{"name":"wp","href":"https:\/\/api.w.org\/{rel}","templated":true}]}}