{"id":21965,"date":"2024-04-19T16:22:39","date_gmt":"2024-04-19T14:22:39","guid":{"rendered":"https:\/\/utopia56.org\/?p=21965"},"modified":"2024-04-19T16:22:39","modified_gmt":"2024-04-19T14:22:39","slug":"paris-volontaire-en-service-civique-pole-accueil-et-accompagnement-benevoles","status":"publish","type":"post","link":"http:\/\/test.utopia56.org\/index.php\/2024\/04\/19\/paris-volontaire-en-service-civique-pole-accueil-et-accompagnement-benevoles\/","title":{"rendered":"Paris &#8211; Volontaire en service civique : P\u00f4le Accueil et  Accompagnement B\u00e9n\u00e9voles"},"content":{"rendered":"<p><b><i>Employeur :<\/i><\/b><span style=\"font-weight: 400;\"> Utopia 56<br \/>\n<\/span><b><i>Type de contrat : <\/i><\/b>Service civique (6 mois)<br \/>\n<b><i>Lieu de travail : <\/i><\/b><span style=\"font-weight: 400;\">Paris<br \/>\n<\/span><b><i>Prise de poste : d\u00e8s que possible<\/i><\/b><\/p>\n<p><span style=\"font-weight: 400;\">Utopia 56 est une association cr\u00e9\u00e9e en novembre 2015 en Bretagne pour encadrer le b\u00e9n\u00e9volat qui se d\u00e9ployait alors sur la jungle de Calais. Avec des actions 24h\/24 et 7j\/7 sur le terrain, plus de 200 b\u00e9n\u00e9voles sont mobilis\u00e9\u00b7es chaque jour pour des maraudes de distributions, des maraudes d\u2019informations et de l\u2019h\u00e9bergement solidaire, \u00e0 Calais, Dijon, Grande-Synthe, Lille, Paris, Rennes, Toulouse et Tours. Utopia 56 est une association citoyenne et financ\u00e9e \u00e0 moiti\u00e9 par des dons de particuliers et \u00e0 moiti\u00e9 par des dons d\u2019autres associations, entreprises et fondations soumises \u00e0 charte \u00e9thique. Utopia 56 n\u2019accepte ni ne re\u00e7oit d\u2019argent de l\u2019Etat.\u00a0<\/span><\/p>\n<p><b><br \/>\nPr\u00e9sentation de l\u2019antenne de Paris<\/b><\/p>\n<p><span style=\"font-weight: 400;\">\u00c0 Utopia 56 Paris, prises dans les d\u00e9marches administratives complexes et \u00e9crasantes, des centaines de personnes exil\u00e9es sont aujourd\u2019hui \u00e0 la rue \u00e0 Paris et en Ile-de-France. Nous leur apportons une aide d\u2019urgence \u00e0 travers de nombreuses missions organis\u00e9es via 6 p\u00f4les d\u2019activit\u00e9s.<\/span><\/p>\n<p><span style=\"font-weight: 400;\">Nous intervenons 7 jours sur 7 avec environ 120 b\u00e9n\u00e9voles actifs par semaine. Nos missions : maraudes de nuit afin de distribuer du mat\u00e9riel de survie, maraudes d\u2019information et d\u2019orientation en journ\u00e9e, soutien aux mineur.e.s isol\u00e9.es et jeunes en recours de minorit\u00e9, soutien de familles et femmes seules, h\u00e9bergement chez des particuliers ou en collectif, tri de dons dans notre entrep\u00f4t \u00e0 Fontenay et collectes de dons et mat\u00e9riel dans des magasins ou lors d\u2019\u00e9v\u00e9nements.<\/span><\/p>\n<p>&nbsp;<\/p>\n<p><b>Les missions :<\/b><\/p>\n<p><span style=\"font-weight: 400;\">En lien avec les coordinateur\u00b7ice\u00b7s de l\u2019antenne de Paris, la charg\u00e9e du p\u00f4le et les autres r\u00e9f\u00e9rents du p\u00f4le, le service civique du p\u00f4le Accueil et Accompagnement B\u00e9n\u00e9vole aura notamment pour actions au quotidien :\u00a0<\/span><\/p>\n<ol>\n<li><i><span style=\"font-weight: 400;\"> Accueil et orientation :<\/span><\/i><span style=\"font-weight: 400;\"> Organisez des r\u00e9unions accueillantes pour les nouveaux b\u00e9n\u00e9voles, expliquant notre mission et aiguillez-les vers les p\u00f4les o\u00f9 ils peuvent le mieux contribuer.<\/span><\/li>\n<li><i><span style=\"font-weight: 400;\"> Coordination et gestion des plannings :<\/span><\/i><span style=\"font-weight: 400;\"> R\u00e9partissez efficacement les b\u00e9n\u00e9voles selon les besoins, \u00e9tablissez des groupes de missions (fonctionnement via Whatsapp) et assurez-vous que chaque mission est couverte par une \u00e9quipe comp\u00e9tente.<\/span><\/li>\n<li><i><span style=\"font-weight: 400;\">Expertise terrain et communication : <\/span><\/i><span style=\"font-weight: 400;\">Avec une connaissance approfondie des besoins du terrain, guidez les nouveaux b\u00e9n\u00e9voles et r\u00e9pondez aux demandes par mail et t\u00e9l\u00e9phone pour une int\u00e9gration fluide.<\/span><\/li>\n<li><i><span style=\"font-weight: 400;\"> Mobilisation :<\/span><\/i><span style=\"font-weight: 400;\"> Contribuez \u00e0 la cr\u00e9ation de contenus pour les r\u00e9seaux sociaux, participez \u00e0 des \u00e9v\u00e9nements de mobilisation.<\/span><\/li>\n<li><i><span style=\"font-weight: 400;\"> Identification des comp\u00e9tences :<\/span><\/i><span style=\"font-weight: 400;\"> Identifiez les b\u00e9n\u00e9voles les plus actifs pour les former \u00e0 des responsabilit\u00e9s plus importantes.<\/span><\/li>\n<li><i><span style=\"font-weight: 400;\"> Soutien et suivi :<\/span><\/i><span style=\"font-weight: 400;\"> Maintenez un contact r\u00e9gulier avec les b\u00e9n\u00e9voles, assurez leur bien-\u00eatre, proposez des formations et des moments conviviaux tout en mettant \u00e0 jour nos outils de suivi.<\/span><\/li>\n<li><i><span style=\"font-weight: 400;\"> Engagement actif :<\/span><\/i><span style=\"font-weight: 400;\"> Participez activement aux missions des p\u00f4les, au moins deux fois par mois, pour rester en phase avec nos actions et renforcer votre compr\u00e9hension des besoins.<\/span><\/li>\n<\/ol>\n<p><b>Particularit\u00e9s :\u00a0<\/b><\/p>\n<p><span style=\"font-weight: 400;\">Ce poste demande d\u2019aller sur les diff\u00e9rentes missions terrain r\u00e9guli\u00e8rement. Il y a donc une partie terrain et non seulement au bureau \u00e0 pr\u00e9voir. Un investissement sur les trois p\u00f4les terrain est demand\u00e9 : Familles, Mineurs non accompagn\u00e9s et hommes isol\u00e9s. Du temps est lib\u00e9r\u00e9 deux fois par semaine pour se faire.\u00a0<\/span><\/p>\n<p><b>Qualit\u00e9s souhait\u00e9es :\u00a0<\/b><\/p>\n<p><span style=\"font-weight: 400;\">&#8211; Excellentes capacit\u00e9s relationnelles et de communication<br \/>\n<\/span>&#8211; Capacit\u00e9 d\u2019analyse et de synth\u00e8se, facilit\u00e9 \u00e0 pr\u00e9senter un projet clairement<br \/>\n<span style=\"font-weight: 400;\">&#8211; Organisation et rigueur<br \/>\n<\/span><span style=\"font-weight: 400;\">&#8211; Excellente autonomie et prise d\u2019initiative\u00a0<\/span><\/p>\n<p><b>Formations durant le contrat :<\/b><\/p>\n<p><span style=\"font-weight: 400;\">Nous n\u2019attendons pas des personnes volontaires qu\u2019elles soient form\u00e9es sur les questions de mobilisation citoyenne. Les premiers temps du service civique sont d\u00e9di\u00e9s \u00e0 la formation et \u00e0 la passation des informations dans les locaux et sur le terrain.\u00a0<\/span><\/p>\n<p><span style=\"font-weight: 400;\">Pendant sa mission, la personne volontaire b\u00e9n\u00e9ficie de la formation certifiante PSC1 pour acqu\u00e9rir les gestes de premiers secours et deux formations civiques et citoyennes (contenu et format variables selon l\u2019organisme d\u2019accueil : conf\u00e9rence, d\u00e9bat\u2026). Ces trois formations sont obligatoires et doivent \u00eatre r\u00e9alis\u00e9es pendant la p\u00e9riode d\u2019engagement en Service Civique.\u00a0<\/span><\/p>\n<p><b>Info sur les horaires : <\/b><span style=\"font-weight: 400;\">35h par semaine.<\/span><span style=\"font-weight: 400;\"><br \/>\n<\/span><span style=\"font-weight: 400;\">Travail ponctuel \u00e0 pr\u00e9voir les soirs et week-ends.<\/span><span style=\"font-weight: 400;\"><br \/>\n<\/span><span style=\"font-weight: 400;\">Une semaine de r\u00e9cup\u00e9ration par mois + 2 jours de cong\u00e9s officiels par mois<\/span><\/p>\n<p><b>Indemnisation :<\/b><span style=\"font-weight: 400;\"> sur la base l\u00e9gale de <\/span><b>619,83<\/b><span style=\"font-weight: 400;\">\u20ac par mois<br \/>\n<\/span><b>Conditions administratives :<\/b><span style=\"font-weight: 400;\"> Avoir moins de 26 ans, \u00eatre d\u00e9tenteur.ice d\u2019un passeport europ\u00e9en, d\u2019une carte d\u2019identit\u00e9 europ\u00e9enne, d\u2019une carte de s\u00e9jour europ\u00e9enne ou d\u2019un titre de s\u00e9jour fran\u00e7ais.<br \/>\n<\/span><b>Pour postuler :<\/b><span style=\"font-weight: 400;\"> par email \u00e0 paris@utopia56.org avec en sujet \u201cService civique Mobilisation citoyenne\u201d+ Pr\u00e9nom Nom\u201d\u00a0<\/span><\/p>\n<p><span style=\"font-weight: 400;\">Les candidatures seront examin\u00e9es d\u00e8s leur r\u00e9ception.<\/span><\/p>\n","protected":false},"excerpt":{"rendered":"<p>Employeur : Utopia 56 Type de contrat : Service civique  [&#8230;]<\/p>\n","protected":false},"author":1,"featured_media":21966,"comment_status":"closed","ping_status":"open","sticky":false,"template":"","format":"standard","meta":{"footnotes":""},"categories":[7,8],"tags":[],"class_list":["post-21965","post","type-post","status-publish","format-standard","has-post-thumbnail","hentry","category-paris","category-recrutement"],"_links":{"self":[{"href":"http:\/\/test.utopia56.org\/index.php\/wp-json\/wp\/v2\/posts\/21965","targetHints":{"allow":["GET"]}}],"collection":[{"href":"http:\/\/test.utopia56.org\/index.php\/wp-json\/wp\/v2\/posts"}],"about":[{"href":"http:\/\/test.utopia56.org\/index.php\/wp-json\/wp\/v2\/types\/post"}],"author":[{"embeddable":true,"href":"http:\/\/test.utopia56.org\/index.php\/wp-json\/wp\/v2\/users\/1"}],"replies":[{"embeddable":true,"href":"http:\/\/test.utopia56.org\/index.php\/wp-json\/wp\/v2\/comments?post=21965"}],"version-history":[{"count":0,"href":"http:\/\/test.utopia56.org\/index.php\/wp-json\/wp\/v2\/posts\/21965\/revisions"}],"wp:featuredmedia":[{"embeddable":true,"href":"http:\/\/test.utopia56.org\/index.php\/wp-json\/"}],"wp:attachment":[{"href":"http:\/\/test.utopia56.org\/index.php\/wp-json\/wp\/v2\/media?parent=21965"}],"wp:term":[{"taxonomy":"category","embeddable":true,"href":"http:\/\/test.utopia56.org\/index.php\/wp-json\/wp\/v2\/categories?post=21965"},{"taxonomy":"post_tag","embeddable":true,"href":"http:\/\/test.utopia56.org\/index.php\/wp-json\/wp\/v2\/tags?post=21965"}],"curies":[{"name":"wp","href":"https:\/\/api.w.org\/{rel}","templated":true}]}}