{"id":21554,"date":"2024-04-09T09:43:58","date_gmt":"2024-04-09T07:43:58","guid":{"rendered":"https:\/\/utopia56.org\/?p=21554"},"modified":"2024-04-09T09:43:58","modified_gmt":"2024-04-09T07:43:58","slug":"enquete-au-moins-3-477-jeunes-isoles-presumes-mineurs-au-regard-du-droit-international-vivent-en-errance-en-france-metropolitaine","status":"publish","type":"post","link":"http:\/\/test.utopia56.org\/index.php\/2024\/04\/09\/enquete-au-moins-3-477-jeunes-isoles-presumes-mineurs-au-regard-du-droit-international-vivent-en-errance-en-france-metropolitaine\/","title":{"rendered":"[Enqu\u00eate] Au moins 3 477 jeunes isol\u00e9s, pr\u00e9sum\u00e9s mineurs au regard du droit international, vivent en errance en France m\u00e9tropolitaine."},"content":{"rendered":"<p class=\"p1\"><span class=\"s1\">Pour la premi\u00e8re fois en France, <a href=\"https:\/\/utopia56.org\/wp-content\/uploads\/2024\/04\/Recensement-national-MNA-refuses-ou-en-recours-CNJED-090424.pdf\">une enqu\u00eate<\/a> vise \u00e0 <\/span><strong>recenser le nombre de jeunes isol\u00e9s \u00e9trangers, en cours de proc\u00e9dure pour faire reconna\u00eetre leur minorit\u00e9 : ils seraient au moins 3 477<span class=\"s1\">, dont 3 239 jeunes gar\u00e7ons (94,02%) et 208 jeunes filles (5,98%).<\/span><\/strong><\/p>\n<p class=\"p3\"><span class=\"s2\">Cette enqu\u00eate a \u00e9t\u00e9 men\u00e9e par la <\/span><strong><span class=\"s3\">Coordination Nationale Jeunes Exil\u00e9s en Danger <\/span><\/strong><span class=\"s2\">(CNJED), aupr\u00e8s d\u2019une centaine d\u2019associations et collectifs actifs dans 83 d\u00e9partements. Les donn\u00e9es ont \u00e9t\u00e9 collect\u00e9es via un questionnaire d\u00e9claratif accompagn\u00e9 d\u2019entretiens t\u00e9l\u00e9phoniques r\u00e9alis\u00e9s le 20 mars 2024. Cette initiative r\u00e9pond \u00e0 <\/span><span class=\"s3\">un <strong>besoin urgent de dresser un \u00e9tat des lieux de la situation<\/strong><\/span><span class=\"s2\">, face au manque de donn\u00e9es fournies par les organismes \u00e9tatiques.<\/span><\/p>\n<p class=\"p3\"><span class=\"s2\">Parmi ces jeunes, 1 223 b\u00e9n\u00e9ficient d\u2019un h\u00e9bergement temporaire par la soci\u00e9t\u00e9 civile (associations non mandat\u00e9es et h\u00e9bergement citoyen), 1 067 vivent \u00e0 la rue, 204 sont dans des dispositifs d\u2019urgence pour adultes de type 115 et 820 sont dans des dispositifs d\u2019urgence d\u00e9di\u00e9s.<\/span><\/p>\n<p class=\"p1\"><span class=\"s1\">L\u2019enqu\u00eate r\u00e9v\u00e8le une grande variabilit\u00e9 des r\u00e9sultats des recours port\u00e9s par ces jeunes devant le juge des enfants ou la cour d\u2019appel. <\/span><strong>Si en moyenne, 57% de ces proc\u00e9dures d\u00e9bouchent \u00e0 une reconnaissance de la minorit\u00e9, d\u2019un d\u00e9partement \u00e0 l\u2019autre, et selon le niveau d\u2019accompagnement associatif, les taux de reconnaissance s\u2019\u00e9talent de 0% \u00e0 100%.<\/strong><\/p>\n<p class=\"p1\"><strong>Conform\u00e9ment au droit international, tous ces jeunes devraient b\u00e9n\u00e9ficier de la protection accord\u00e9e aux mineurs et \u00eatre pris en charge par l\u2019aide sociale \u00e0 l\u2019enfance en attendant la d\u00e9cision d\u2019un juge<\/strong><span class=\"s1\"><strong>.<\/strong> Cette recommandation, notamment rappel\u00e9e par le Comit\u00e9 des droits de l\u2019enfant de l\u2019ONU en 2023 et la D\u00e9fenseure des Droits en 2022, est pourtant n\u00e9glig\u00e9e par la France.<\/span><\/p>\n<p class=\"p3\"><span class=\"s2\">Bien que le chiffre de 3 477 soit une estimation basse de la r\u00e9alit\u00e9, il donne une id\u00e9e des moyens n\u00e9cessaires \u00e0 mobiliser pour prot\u00e9ger ces jeunes pendant leur proc\u00e9dure afin de faire reconna\u00eetre leur minorit\u00e9. \u00c0 titre de comparaison, 176 857 enfants sont plac\u00e9s \u00e0 l\u2019aide sociale \u00e0 l\u2019enfance, dont environ 13% sont des mineurs non accompagn\u00e9s.<\/span><\/p>\n<p class=\"p1\"><strong>La Coordination Nationale Jeunes Exil\u00e9s en Danger en appelle au gouvernement et aux d\u00e9partements fran\u00e7ais pour une action imm\u00e9diate afin de renforcer la protection de ces jeunes. Il est urgent d\u2019agir, la France en a les moyens.<\/strong><\/p>\n<p>&nbsp;<\/p>\n<div class=\"page\" title=\"Page 1\">\n<div class=\"section\">\n<div class=\"layoutArea\">\n<div class=\"column\">\n<p><strong><a href=\"https:\/\/utopia56.org\/wp-content\/uploads\/2024\/04\/Recensement-national-MNA-refuses-ou-en-recours-CNJED-090424.pdf\">Acce\u0301der au rapport complet : <em>Mineur\u00b7es Non Accompagn\u00e9\u00b7es refus\u00e9\u00b7es ou en recours de minorit\u00e9 : recensement national du 20\/03\/2024<\/em>\u00a0<\/a><\/strong><\/p>\n<\/div>\n<\/div>\n<\/div>\n<\/div>\n<p class=\"p1\"><strong>\u00a0<\/strong><\/p>\n","protected":false},"excerpt":{"rendered":"<p>Pour la premi\u00e8re fois en France, une enqu\u00eate vise \u00e0  [&#8230;]<\/p>\n","protected":false},"author":1,"featured_media":21583,"comment_status":"closed","ping_status":"open","sticky":false,"template":"","format":"standard","meta":{"footnotes":""},"categories":[6,25],"tags":[],"class_list":["post-21554","post","type-post","status-publish","format-standard","has-post-thumbnail","hentry","category-communique","category-rapport"],"_links":{"self":[{"href":"http:\/\/test.utopia56.org\/index.php\/wp-json\/wp\/v2\/posts\/21554","targetHints":{"allow":["GET"]}}],"collection":[{"href":"http:\/\/test.utopia56.org\/index.php\/wp-json\/wp\/v2\/posts"}],"about":[{"href":"http:\/\/test.utopia56.org\/index.php\/wp-json\/wp\/v2\/types\/post"}],"author":[{"embeddable":true,"href":"http:\/\/test.utopia56.org\/index.php\/wp-json\/wp\/v2\/users\/1"}],"replies":[{"embeddable":true,"href":"http:\/\/test.utopia56.org\/index.php\/wp-json\/wp\/v2\/comments?post=21554"}],"version-history":[{"count":0,"href":"http:\/\/test.utopia56.org\/index.php\/wp-json\/wp\/v2\/posts\/21554\/revisions"}],"wp:featuredmedia":[{"embeddable":true,"href":"http:\/\/test.utopia56.org\/index.php\/wp-json\/"}],"wp:attachment":[{"href":"http:\/\/test.utopia56.org\/index.php\/wp-json\/wp\/v2\/media?parent=21554"}],"wp:term":[{"taxonomy":"category","embeddable":true,"href":"http:\/\/test.utopia56.org\/index.php\/wp-json\/wp\/v2\/categories?post=21554"},{"taxonomy":"post_tag","embeddable":true,"href":"http:\/\/test.utopia56.org\/index.php\/wp-json\/wp\/v2\/tags?post=21554"}],"curies":[{"name":"wp","href":"https:\/\/api.w.org\/{rel}","templated":true}]}}