{"id":2089,"date":"2021-08-16T07:15:58","date_gmt":"2021-08-16T05:15:58","guid":{"rendered":"https:\/\/utopia56.net\/?p=2089"},"modified":"2021-08-16T07:15:58","modified_gmt":"2021-08-16T05:15:58","slug":"pour-les-demandeurs-dasile-dafghanistan-et-dailleurs-laccueil-deplorable-de-la-france-doit-changer","status":"publish","type":"post","link":"http:\/\/test.utopia56.org\/index.php\/2021\/08\/16\/pour-les-demandeurs-dasile-dafghanistan-et-dailleurs-laccueil-deplorable-de-la-france-doit-changer\/","title":{"rendered":"POUR LES DEMANDEURS D\u2019ASILE D\u2019AFGHANISTAN ET D\u2019AILLEURS, L\u2019ACCUEIL D\u00c9PLORABLE DE LA FRANCE DOIT CHANGER"},"content":{"rendered":"<p>Alors que des demandeurs d\u2019asile d\u2019Afghanistan tentent de trouver refuge depuis plusieurs d\u00e9cennies,\u00a0<strong>nous d\u00e9non\u00e7ons l\u2019accueil d\u00e9plorable de la France et de l\u2019Europe \u00e0 leur encontre ces derni\u00e8res\u00a0ann\u00e9es.<\/strong><\/p>\n<p>Chaque jour, les \u00e9quipes d\u2019Utopia 56 et Enfants d\u2019Afghanistan et d\u2019ailleurs rencontrent des personnes en exil originaires d\u2019Afghanistan. Elles survivent dans les campements de Calais ou Grande-Synthe \u00e0 la fronti\u00e8re franco-britannique, ou cach\u00e9es dans des tentes sous les ponts de Paris, partout, jour et nuit, harcel\u00e9es par la police.\u00a0<strong>Depuis une semaine \u00e0 Paris, des t\u00e9moignages nous font part au quotidien\u00a0<a class=\"ext\" href=\"https:\/\/twitter.com\/Utopia_56\/status\/1426854271505547264?s=20\" target=\"_blank\" rel=\"noopener\">d\u2019expulsions sommaires et de nuit. <\/a><\/strong>Les forces de l\u2019ordre, sous ordre de la pr\u00e9fecture de police, utilisent du gaz lacrymog\u00e8ne et violentent des personnes couch\u00e9es \u00e0 m\u00eame le sol, dans le but de les d\u00e9placer et de les\u00a0invisibiliser.<\/p>\n<p>Une r\u00e9alit\u00e9 qui vient rappeler les images des\u00a0<a class=\"ext\" href=\"https:\/\/www.franceinter.fr\/societe\/lacrymos-malaises-traques-des-videos-montrent-la-journee-d-enfer-de-migrants-expulses-a-saint-denis\" target=\"_blank\" rel=\"noopener\">\u00e9vacuations de Saint-Denis <\/a>et de\u00a0<a class=\"ext\" href=\"https:\/\/www.lemonde.fr\/societe\/video\/2020\/11\/24\/video-demantelement-sous-tension-d-un-camp-de-migrants-place-de-la-republique-a-paris_6060927_3224.html\" target=\"_blank\" rel=\"noopener\">place de la R\u00e9publique<\/a>\u00a0le 17 et 23 novembre 2020, o\u00f9 des centaines de personnes, dont de nombreux Afghans, avaient \u00e9t\u00e9 brutalis\u00e9es par la police, sous les ordres du ministre de l\u2019Int\u00e9rieur G\u00e9rald\u00a0Darmanin.<\/p>\n<p><strong>Faute d\u2019une structure de premier accueil et d\u2019un h\u00e9bergement le temps de l\u2019examen de leur demande d\u2019asile,<\/strong>\u00a0comme pour de nombreux demandeurs d\u2019asile en France et en opposition \u00e0 la loi, ces personnes sont laiss\u00e9es \u00e0 la rue. Leurs droits fondamentaux, tels que l\u2019acc\u00e8s \u00e0 l\u2019eau, \u00e0 la nourriture et \u00e0 des sanitaires, sont r\u00e9guli\u00e8rement\u00a0entrav\u00e9s.<\/p>\n<p>Ces derniers mois, la CNDA estimait que les violences \u00e0 Kaboul ne pouvaient plus justifier l\u2019arr\u00eat des renvois et attribuait beaucoup plus difficilement le statut de r\u00e9fugi\u00e9 ou m\u00eame de protection subsidiaire. Les \u00e9quipes d\u2019Utopia 56 confirme\u00a0<strong>qu\u2019un homme a \u00e9t\u00e9 expuls\u00e9 vers Kaboul depuis le Centre de R\u00e9tention de Massy Palaiseau le 22 mai dernier<\/strong>. Apr\u00e8s un dernier \u00e9change avec nos \u00e9quipes le 24 juin depuis Kaboul, nous n\u2019avons plus eu de\u00a0nouvelles.<\/p>\n<p>En France comme ailleurs en Europe de nombreux m\u00e9canismes sont en place afin de d\u00e9courager et entraver le d\u00e9p\u00f4t de demande d\u2019asile. Refoulement aux fronti\u00e8res, externalisation de la demande, campements surcharg\u00e9es, r\u00e8glement Dublin, militarisation des fronti\u00e8res aux travers de l\u2019agence Frontex, labyrinthe administratif, criminalisation des aidants, constructions de murs, violences polici\u00e8res, enfermement en centres de r\u00e9tention. Les personnes afghanes \u00e9tant depuis plusieurs ann\u00e9es les plus repr\u00e9sent\u00e9es parmi les demandeurs d\u2019asile en France (<a class=\"ext\" href=\"https:\/\/www.ofii.fr\/wp-content\/uploads\/2021\/01\/RAPPORT-DACTIVITE-OFII-2019-min.pdf\" target=\"_blank\" rel=\"noopener\">16,4% en 2019<\/a>,\u00a0<a class=\"ext\" href=\"https:\/\/www.ofii.fr\/wp-content\/uploads\/2021\/07\/Rapport-annuel-2020-1.pdf\" target=\"_blank\" rel=\"noopener\">19.1% en 2020<\/a>),\u00a0<strong>elles en sont les premi\u00e8res\u00a0victimes.<\/strong><\/p>\n<p><a class=\"ext\" href=\"https:\/\/ofpra.gouv.fr\/sites\/default\/files\/atoms\/files\/rapport_dactivite_de_lofpra_-_2020.pdf\" target=\"_blank\" rel=\"noopener\">Selon le rapport de l\u2019OFPRA<\/a>,\u00a0<strong>plus d\u2019un tiers des demandeurs d\u2019asile de nationalit\u00e9 afghane ont vu leur demande refus\u00e9e en 2020.<\/strong>\u00a0Laiss\u00e9s \u00e0 l\u2019abandon, un dernier espoir en pousse certains dans les campements de Grande-Synthe et de Calais, aux portes du\u00a0Royaume-Uni.<\/p>\n<p>Enfants d\u2019Afghanistan et d\u2019ailleurs et Utopia 56 appellent les responsables politiques sensibles au sort des femmes, hommes et enfants afghans \u00e0 se prononcer pour l\u2019ouverture de couloirs humanitaires imm\u00e9diats, pour la mise en place de passages s\u00fbrs, pour un accueil digne, ainsi que pour le respect des droits fondamentaux de toute personne en situation d\u2019exil en\u00a0France.<\/p>\n","protected":false},"excerpt":{"rendered":"<p>Alors que des demandeurs d\u2019asile d\u2019Afghanistan tentent de trouver refuge  [&#8230;]<\/p>\n","protected":false},"author":1,"featured_media":2265,"comment_status":"open","ping_status":"open","sticky":false,"template":"","format":"standard","meta":{"footnotes":""},"categories":[19,18,12,14,27],"tags":[],"class_list":["post-2089","post","type-post","status-publish","format-standard","has-post-thumbnail","hentry","category-acces-aux-droits-fondamentaux","category-article","category-calais","category-grande-synthe","category-loi-asile-immigration"],"_links":{"self":[{"href":"http:\/\/test.utopia56.org\/index.php\/wp-json\/wp\/v2\/posts\/2089","targetHints":{"allow":["GET"]}}],"collection":[{"href":"http:\/\/test.utopia56.org\/index.php\/wp-json\/wp\/v2\/posts"}],"about":[{"href":"http:\/\/test.utopia56.org\/index.php\/wp-json\/wp\/v2\/types\/post"}],"author":[{"embeddable":true,"href":"http:\/\/test.utopia56.org\/index.php\/wp-json\/wp\/v2\/users\/1"}],"replies":[{"embeddable":true,"href":"http:\/\/test.utopia56.org\/index.php\/wp-json\/wp\/v2\/comments?post=2089"}],"version-history":[{"count":0,"href":"http:\/\/test.utopia56.org\/index.php\/wp-json\/wp\/v2\/posts\/2089\/revisions"}],"wp:featuredmedia":[{"embeddable":true,"href":"http:\/\/test.utopia56.org\/index.php\/wp-json\/"}],"wp:attachment":[{"href":"http:\/\/test.utopia56.org\/index.php\/wp-json\/wp\/v2\/media?parent=2089"}],"wp:term":[{"taxonomy":"category","embeddable":true,"href":"http:\/\/test.utopia56.org\/index.php\/wp-json\/wp\/v2\/categories?post=2089"},{"taxonomy":"post_tag","embeddable":true,"href":"http:\/\/test.utopia56.org\/index.php\/wp-json\/wp\/v2\/tags?post=2089"}],"curies":[{"name":"wp","href":"https:\/\/api.w.org\/{rel}","templated":true}]}}