{"id":2085,"date":"2021-09-01T07:12:39","date_gmt":"2021-09-01T05:12:39","guid":{"rendered":"https:\/\/utopia56.net\/?p=2085"},"modified":"2021-09-01T07:12:39","modified_gmt":"2021-09-01T05:12:39","slug":"en-cours-600-personnes-sans-abris-sous-tentes-devant-la-prefecture-dile-de-france","status":"publish","type":"post","link":"http:\/\/test.utopia56.org\/index.php\/2021\/09\/01\/en-cours-600-personnes-sans-abris-sous-tentes-devant-la-prefecture-dile-de-france\/","title":{"rendered":"[EN COURS] 600 PERSONNES SANS ABRIS SOUS TENTES DEVANT LA PR\u00c9FECTURE D\u2019ILE-DE-FRANCE"},"content":{"rendered":"<p><strong>Cette nuit une cinquantaine d\u2019enfants ont dormi \u00e0 la rue \u00e0 Paris<\/strong>, dans des tentes fournies par nos associations et collectifs. Certains y sont depuis plusieurs mois. Leur place n\u2019est pas \u00e0 la rue, mais dans un logement stable et \u00e0\u00a0l\u2019\u00e9cole.<\/p>\n<p>Depuis 13h ce mercredi 1er septembre au parc Andr\u00e9-Citro\u00ebn \u00e0 Paris,\u00a0<strong>plus de 600 personnes sont install\u00e9es au pied de pr\u00e9fecture de Paris et d\u2019\u00cele-de-France<\/strong>, qui a en charge leur h\u00e9bergement, conform\u00e9ment \u00e0 la loi. Accompagn\u00e9es par le Collectif R\u00e9quisitions, elles appellent \u00e0 l\u2019aide et demandent le respect d\u2019un de leurs droits fondamentaux\u00a0: un\u00a0h\u00e9bergement.<\/p>\n<p>Originaires d\u2019Afghanistan, C\u00f4te d\u2019Ivoire, \u00c9rythr\u00e9e, \u00c9thiopie, France, Guin\u00e9e, Maroc, Russie, Soudan et d\u2019ailleurs, ces personnes survivent \u00e0 la rue depuis des jours, des semaines, voire des mois.<strong>\u00a0Il y a urgence \u00e0 les prendre en charge tout comme les personnes arriv\u00e9es d\u2019Afghanistan ces derniers jours en\u00a0France.<\/strong><\/p>\n<p>Il s\u2019agit de la 10e action du collectif R\u00e9quisitions qui depuis d\u00e9cembre 2020 a permis \u00e0 plus de 3600 personnes de sortir de la rue ou d\u2019un abri de fortune. Devoir mener pour la 10e fois un tel type d\u2019action traduit le manque de volont\u00e9 politique de mettre en place un accueil digne et de respecter les lois, les\u00a0droits.<\/p>\n<p>Lors de la derni\u00e8re action du collectif \u00e0 la place des Vosges, 150 hommes ont \u00e9t\u00e9 arbitrairement laiss\u00e9s sans solution. Nous demandons \u00e0 ce que toute personne puisse acc\u00e9der \u00e0 un h\u00e9bergement et \u00e0 ce que l\u2019\u00c9tat cesse de faire peser sur les personnes pr\u00e9caris\u00e9es un rapport de force pu\u00e9ril et d\u00e9l\u00e9t\u00e8re. Si la justification est un r\u00e9el manque de place, nous demandons \u00e0 l\u2019\u00c9tat d\u2019en ouvrir, un outil est \u00e0 sa disposition\u00a0: la r\u00e9quisition de logements\u00a0vides.<\/p>\n<p>La France, selon l\u2019Insee, compte plus de\u00a0<strong>3 millions de logements vacants dont 400 000 en IDF<\/strong>. Selon les articles L 641 et L-642 du code de la construction et de l\u2019habitation, l\u2019\u00c9tat a le pouvoir et le devoir de r\u00e9quisitionner les logements de grands propri\u00e9taires priv\u00e9s et publics, dans le cas de crise du logement comme celle que nous connaissons. La r\u00e9quisition permet de loger \u2013 plut\u00f4t que d\u2019h\u00e9berger, parfois dans des conditions indignes \u2013 et elle est moins\u00a0co\u00fbteuse.<\/p>\n<p><strong>Les personnes sans-abri et le collectif R\u00e9quisitions resteront sur place jusqu\u2019\u00e0 l\u2019obtention pour tous\u00b7tes d\u2019un h\u00e9bergement\u00a0digne.<\/strong><\/p>\n","protected":false},"excerpt":{"rendered":"<p>Cette nuit une cinquantaine d\u2019enfants ont dormi \u00e0 la rue  [&#8230;]<\/p>\n","protected":false},"author":1,"featured_media":2255,"comment_status":"open","ping_status":"open","sticky":false,"template":"","format":"standard","meta":{"footnotes":""},"categories":[19,18,27,7],"tags":[],"class_list":["post-2085","post","type-post","status-publish","format-standard","has-post-thumbnail","hentry","category-acces-aux-droits-fondamentaux","category-article","category-loi-asile-immigration","category-paris"],"_links":{"self":[{"href":"http:\/\/test.utopia56.org\/index.php\/wp-json\/wp\/v2\/posts\/2085","targetHints":{"allow":["GET"]}}],"collection":[{"href":"http:\/\/test.utopia56.org\/index.php\/wp-json\/wp\/v2\/posts"}],"about":[{"href":"http:\/\/test.utopia56.org\/index.php\/wp-json\/wp\/v2\/types\/post"}],"author":[{"embeddable":true,"href":"http:\/\/test.utopia56.org\/index.php\/wp-json\/wp\/v2\/users\/1"}],"replies":[{"embeddable":true,"href":"http:\/\/test.utopia56.org\/index.php\/wp-json\/wp\/v2\/comments?post=2085"}],"version-history":[{"count":0,"href":"http:\/\/test.utopia56.org\/index.php\/wp-json\/wp\/v2\/posts\/2085\/revisions"}],"wp:featuredmedia":[{"embeddable":true,"href":"http:\/\/test.utopia56.org\/index.php\/wp-json\/"}],"wp:attachment":[{"href":"http:\/\/test.utopia56.org\/index.php\/wp-json\/wp\/v2\/media?parent=2085"}],"wp:term":[{"taxonomy":"category","embeddable":true,"href":"http:\/\/test.utopia56.org\/index.php\/wp-json\/wp\/v2\/categories?post=2085"},{"taxonomy":"post_tag","embeddable":true,"href":"http:\/\/test.utopia56.org\/index.php\/wp-json\/wp\/v2\/tags?post=2085"}],"curies":[{"name":"wp","href":"https:\/\/api.w.org\/{rel}","templated":true}]}}