{"id":2081,"date":"2021-09-04T07:08:50","date_gmt":"2021-09-04T05:08:50","guid":{"rendered":"https:\/\/utopia56.net\/?p=2081"},"modified":"2021-09-04T07:08:50","modified_gmt":"2021-09-04T05:08:50","slug":"requisitions-scene-de-fin-au-parc-andre-citroen","status":"publish","type":"post","link":"http:\/\/test.utopia56.org\/index.php\/2021\/09\/04\/requisitions-scene-de-fin-au-parc-andre-citroen\/","title":{"rendered":"R\u00c9QUISITIONS : SC\u00c8NE DE FIN AU PARC ANDR\u00c9-CITRO\u00cbN"},"content":{"rendered":"<p><strong>Mise \u00e0 l\u2019abri en cours pour plus de 1 000 personnes, dont plus de 200 enfants,<\/strong>\u00a0pr\u00e9sents sous tente depuis trois jours et trois nuits, au parc Andr\u00e9-Citro\u00ebn \u00e0 Paris. Alors que la pr\u00e9fecture sera rest\u00e9e silencieuse pendant toute la dur\u00e9e du campement, des solutions d\u2019h\u00e9bergement pour tous semblent\u00a0apparaitre.<\/p>\n<p>Install\u00e9e au pied de la pr\u00e9fecture d\u2019\u00cele-de-France, l\u2019objectif de cette mobilisation \u00e9tait de rendre visible la situation de ces femmes, hommes et enfants afin qu\u2019ils puissent acc\u00e9der \u00e0 terme, \u00e0 un h\u00e9bergement digne et\u00a0p\u00e9renne.<\/p>\n<p>Originaires d\u2019Afghanistan, C\u00f4te d\u2019Ivoire, \u00c9rythr\u00e9e, \u00c9thiopie, Guin\u00e9e, Maroc, Soudan et d\u2019ailleurs,\u00a0<strong>la plupart vivaient \u00e0 la rue depuis des semaines, des mois, voir des ann\u00e9es<\/strong>. D\u2019autres souhaitent sortir d\u2019h\u00e9bergements insalubres, pour qui, en fonction de leur situations administratives, de leurs origines,\u00a0<strong>l\u2019\u00c9tat leur a attribu\u00e9 des dispositifs d\u2019h\u00e9bergement au\u00a0rabais.<\/strong><\/p>\n<p><em>\u00ab J\u2019ai des devoirs, mais je n\u2019ai aucun droit. Depuis la fermeture du foyer Bara \u00e0 Montreuil, je suis \u00e0 la rue \u00bb<\/em>\u00a0Mody est sans papier, originaire du Mali, il est en France depuis 3 ans, il a notamment travaill\u00e9 7 mois \u00e0 la r\u00e9alisation de la ligne 14 \u00e0 l\u2019a\u00e9roport\u00a0d\u2019Orly.<\/p>\n<p>De nombreuses personnes pr\u00e9sentent sur place devraient normalement aller au travail ou \u00e0 l\u2019\u00e9cole. Aujourd\u2019hui, ils n\u2019iront pas afin de pouvoir acc\u00e9der \u00e0 leur mise \u00e0\u00a0l\u2019abri.<\/p>\n<p><strong>La\u00a0mobilisation remarquable des riverains, et de dizaines de b\u00e9n\u00e9voles venant de nombreuses associations,<\/strong>\u00a0aura permis d\u2019assurer une pr\u00e9sence constante pendant ces trois jours, de rassembler du mat\u00e9riel d\u2019urgence, des produits d\u2019hygi\u00e8ne, des repas et d\u2019organiser les\u00a0distributions.<\/p>\n<p>Une fois encore, cette 10\u1d49 action du Collectif R\u00e9quisitions aura port\u00e9 ses fruits, mettant l\u2019\u00c9tat face au fait\u00a0: sortir ces personnes de la rue est le r\u00e9sultat de choix politiques.\u00a0<strong>Plus de 4600 personnes auront pu acc\u00e9der \u00e0 un h\u00e9bergement \u00e0 l\u2019issue de ces\u00a0actions.<\/strong><\/p>\n<p>\u00ab L\u2019acc\u00e8s \u00e0 un h\u00e9bergement digne inconditionnel est un imp\u00e9ratif de soci\u00e9t\u00e9. La rue est g\u00e9n\u00e9ratrice de toutes les violences et est une entrave \u00e9vidente au bon d\u00e9veloppement de chacun. \u00bb Un membre du collectif\u00a0R\u00e9quisitions.<\/p>\n<p>Tant qu\u2019aucune r\u00e9elle politique d\u2019accueil associ\u00e9e \u00e0 de l\u2019h\u00e9bergement digne et p\u00e9renne ne sera mise en place, le collectif R\u00e9quisitions restera mobilis\u00e9 et ces actions continueront.\u00a0<strong>Si la justification est un re\u0301el manque de place, nous demandons a\u0300 l\u2019E\u0301tat d\u2019en ouvrir, un outil est a\u0300 sa disposition<\/strong>\u00a0: la re\u0301quisition de logements\u00a0vides.<\/p>\n","protected":false},"excerpt":{"rendered":"<p>Mise \u00e0 l\u2019abri en cours pour plus de 1 000  [&#8230;]<\/p>\n","protected":false},"author":1,"featured_media":2249,"comment_status":"open","ping_status":"open","sticky":false,"template":"","format":"standard","meta":{"footnotes":""},"categories":[19,18,7],"tags":[],"class_list":["post-2081","post","type-post","status-publish","format-standard","has-post-thumbnail","hentry","category-acces-aux-droits-fondamentaux","category-article","category-paris"],"_links":{"self":[{"href":"http:\/\/test.utopia56.org\/index.php\/wp-json\/wp\/v2\/posts\/2081","targetHints":{"allow":["GET"]}}],"collection":[{"href":"http:\/\/test.utopia56.org\/index.php\/wp-json\/wp\/v2\/posts"}],"about":[{"href":"http:\/\/test.utopia56.org\/index.php\/wp-json\/wp\/v2\/types\/post"}],"author":[{"embeddable":true,"href":"http:\/\/test.utopia56.org\/index.php\/wp-json\/wp\/v2\/users\/1"}],"replies":[{"embeddable":true,"href":"http:\/\/test.utopia56.org\/index.php\/wp-json\/wp\/v2\/comments?post=2081"}],"version-history":[{"count":0,"href":"http:\/\/test.utopia56.org\/index.php\/wp-json\/wp\/v2\/posts\/2081\/revisions"}],"wp:featuredmedia":[{"embeddable":true,"href":"http:\/\/test.utopia56.org\/index.php\/wp-json\/"}],"wp:attachment":[{"href":"http:\/\/test.utopia56.org\/index.php\/wp-json\/wp\/v2\/media?parent=2081"}],"wp:term":[{"taxonomy":"category","embeddable":true,"href":"http:\/\/test.utopia56.org\/index.php\/wp-json\/wp\/v2\/categories?post=2081"},{"taxonomy":"post_tag","embeddable":true,"href":"http:\/\/test.utopia56.org\/index.php\/wp-json\/wp\/v2\/tags?post=2081"}],"curies":[{"name":"wp","href":"https:\/\/api.w.org\/{rel}","templated":true}]}}