{"id":2079,"date":"2021-09-07T07:07:03","date_gmt":"2021-09-07T05:07:03","guid":{"rendered":"https:\/\/utopia56.net\/?p=2079"},"modified":"2021-09-07T07:07:03","modified_gmt":"2021-09-07T05:07:03","slug":"evacuation-du-parc-andre-citroen-deplacements-forces-et-11-personnes-placees-en-centre-de-retention","status":"publish","type":"post","link":"http:\/\/test.utopia56.org\/index.php\/2021\/09\/07\/evacuation-du-parc-andre-citroen-deplacements-forces-et-11-personnes-placees-en-centre-de-retention\/","title":{"rendered":"\u00c9VACUATION DU PARC ANDR\u00c9-CITRO\u00cbN : D\u00c9PLACEMENTS FORC\u00c9S ET 11 PERSONNES PLAC\u00c9ES EN CENTRE DE R\u00c9TENTION."},"content":{"rendered":"<p><strong>D\u00e9placements forc\u00e9s et placements en centre de r\u00e9tention\u2026 Les sans-abri\u00a0r\u00e9prim\u00e9s<\/strong><\/p>\n<p>Si pr\u00e8s de 540 personnes ont \u00e9t\u00e9 h\u00e9berg\u00e9es en \u00cele-de-France, 670 ont fait l\u2019objet d\u2019un \u00ab\u00a0d\u00e9placement forc\u00e9 \u00bb, en dehors de l\u2019\u00cele-de-France, notamment \u00e0 Besan\u00e7on, Dijon, Rennes, Strasbourg, Sarrebourg, Rouen, Lille, Metz, selon les t\u00e9moignages que nous avons\u00a0recueillis.<\/p>\n<p>Ni les associations du collectif R\u00e9quisitions, ni les personnes sans-abri n\u2019ont \u00e9t\u00e9 inform\u00e9es pr\u00e9alablement, ni m\u00eame une fois \u00e0 l\u2019int\u00e9rieur du bus, qu\u2019elles seraient contr\u00f4l\u00e9es par la police et transport\u00e9es d\u2019office et autoritairement, loin de leur lieu de vie, de leur lieu de travail ou\/et des \u00e9coles de leurs\u00a0enfants.<\/p>\n<p>L\u2019\u00c9tat a menti par omission sur la destination des personnes transport\u00e9es et aurait d\u00fb au pr\u00e9alable leur demander leur accord. En \u00e9valuant la situation des personnes, et en les informant sur leur destination et les suites de leur prise en charge, sans quoi, cette orientation telle que men\u00e9e se r\u00e9v\u00e8le \u00eatre un d\u00e9placement violent et improductif. Beaucoup sont revenues \u00e0 la rue en r\u00e9gion parisienne depuis samedi soir, \u00e0 leurs frais malgr\u00e9 leur pauvret\u00e9, afin pour certains, de ne pas perdre leur emploi et maintenir la scolarit\u00e9 de leurs\u00a0enfants.<\/p>\n<p><strong>Le pi\u00e8ge se referme\u00a0: \u00a0Fouilles et interpellations \u00e0 la sortie des\u00a0bus\u00a0<\/strong><\/p>\n<p>Lorsque les personnes sont finalement descendues du bus, la police \u00e9tait pr\u00e9sente sur plusieurs destinations, contr\u00f4lant la situation de l\u2019ensemble des passagers\u00a0:<\/p>\n<p>Plusieurs personnes sans papier ont \u00e9t\u00e9 interpell\u00e9es et se sont vues notifier une OQTF (Obligation de quitter le territoire fran\u00e7ais), y compris en\u00a0\u00cele-de-France.<\/p>\n<p>Au moins 11\u00a0personnes ont \u00e9t\u00e9 plac\u00e9es en Centre de R\u00e9tention Administratif (CRA) et certaines ont \u00e9t\u00e9 s\u00e9par\u00e9es de leur conjoint\u00b7e et de leurs enfants. Ils risquent\u00a0l\u2019expulsion.<\/p>\n<p>\u201cC\u2019\u00e9tait violent\u201d, a t\u00e9moign\u00e9 N., envoy\u00e9 \u00e0 Dijon, sans information sur sa destination, sans repas et surveill\u00e9 par des militaires pour aller aux toilettes. M. a, elle, \u00e9t\u00e9 envoy\u00e9e en p\u00e9riph\u00e9rie de Lille avec ses trois enfants scolaris\u00e9s \u00e0 Paris depuis toujours. \u201cOn n\u2019est pas du b\u00e9tail, on nous met dans un car sans nous dire o\u00f9 on va. Les enfants allaient \u00e0 l\u2019\u00e9cole ce matin, on ne pouvait pas\u00a0rester\u201d.<\/p>\n<p>Des t\u00e9moignages alarmants continuent d\u2019affluer. Alors m\u00eame que la ministre du Logement communique sur une pr\u00e9tendue am\u00e9lioration des conditions d\u2019h\u00e9bergement, le collectif R\u00e9quisitions constate le tournant r\u00e9pressif de l\u2019\u00c9tat. Au lieu de mettre en place les moyens suffisants pour informer et h\u00e9berger toutes les personnes sans-abri, notamment via la r\u00e9quisition de logements et locaux vacants, l\u2019\u00c9tat fait le choix de\u00a0:<\/p>\n<ul>\n<li>Emp\u00eacher les personnes sans-papier \u00e0 faire valoir leur droit \u00e0 un h\u00e9bergement\u00a0inconditionnel<\/li>\n<li>Faire perdre aux personnes demandeuses d\u2019asile leur droit \u00e0 un\u00a0h\u00e9bergement<\/li>\n<li>D\u00e9courager les personnes sans-abri de participer \u00e0 des actions collectives, en combinant \u00e9loignement forc\u00e9, arbitraire et\u00a0r\u00e9pression<\/li>\n<\/ul>\n<p>&nbsp;<\/p>\n<p>Pour que ces orientations en h\u00e9bergement soient r\u00e9elles et pas une op\u00e9ration de communication du gouvernement, nous appelons \u00e0 une manifestation\u00a0<strong>ce vendredi \u00e0 15h,\u00a0<\/strong>au d\u00e9part du parvis des droits de l\u2019Homme \u00e0 Paris, en direction de la pr\u00e9fecture d\u2019Ile-de-France. Notamment pour une lib\u00e9ration imm\u00e9diate de ceux en centre de r\u00e9tention et pour un h\u00e9bergement dans le respect des choix de vie de tous et\u00a0toutes.<\/p>\n","protected":false},"excerpt":{"rendered":"<p>D\u00e9placements forc\u00e9s et placements en centre de r\u00e9tention\u2026 Les sans-abri\u00a0r\u00e9prim\u00e9s  [&#8230;]<\/p>\n","protected":false},"author":1,"featured_media":2247,"comment_status":"open","ping_status":"open","sticky":false,"template":"","format":"standard","meta":{"footnotes":""},"categories":[19,18,21,27,7],"tags":[],"class_list":["post-2079","post","type-post","status-publish","format-standard","has-post-thumbnail","hentry","category-acces-aux-droits-fondamentaux","category-article","category-harcelement-et-violences-policieres","category-loi-asile-immigration","category-paris"],"_links":{"self":[{"href":"http:\/\/test.utopia56.org\/index.php\/wp-json\/wp\/v2\/posts\/2079","targetHints":{"allow":["GET"]}}],"collection":[{"href":"http:\/\/test.utopia56.org\/index.php\/wp-json\/wp\/v2\/posts"}],"about":[{"href":"http:\/\/test.utopia56.org\/index.php\/wp-json\/wp\/v2\/types\/post"}],"author":[{"embeddable":true,"href":"http:\/\/test.utopia56.org\/index.php\/wp-json\/wp\/v2\/users\/1"}],"replies":[{"embeddable":true,"href":"http:\/\/test.utopia56.org\/index.php\/wp-json\/wp\/v2\/comments?post=2079"}],"version-history":[{"count":0,"href":"http:\/\/test.utopia56.org\/index.php\/wp-json\/wp\/v2\/posts\/2079\/revisions"}],"wp:featuredmedia":[{"embeddable":true,"href":"http:\/\/test.utopia56.org\/index.php\/wp-json\/"}],"wp:attachment":[{"href":"http:\/\/test.utopia56.org\/index.php\/wp-json\/wp\/v2\/media?parent=2079"}],"wp:term":[{"taxonomy":"category","embeddable":true,"href":"http:\/\/test.utopia56.org\/index.php\/wp-json\/wp\/v2\/categories?post=2079"},{"taxonomy":"post_tag","embeddable":true,"href":"http:\/\/test.utopia56.org\/index.php\/wp-json\/wp\/v2\/tags?post=2079"}],"curies":[{"name":"wp","href":"https:\/\/api.w.org\/{rel}","templated":true}]}}