{"id":2077,"date":"2021-09-22T07:05:26","date_gmt":"2021-09-22T05:05:26","guid":{"rendered":"https:\/\/utopia56.net\/?p=2077"},"modified":"2021-09-22T07:05:26","modified_gmt":"2021-09-22T05:05:26","slug":"parc-andre-citroen-politiques-maltraitantes-envers-les-mineur-e-s-isole-e-s-en-recours","status":"publish","type":"post","link":"http:\/\/test.utopia56.org\/index.php\/2021\/09\/22\/parc-andre-citroen-politiques-maltraitantes-envers-les-mineur-e-s-isole-e-s-en-recours\/","title":{"rendered":"PARC ANDR\u00c9-CITRO\u00cbN : POLITIQUES MALTRAITANTES ENVERS LES MINEUR.E.S ISOL\u00c9.E.S EN RECOURS"},"content":{"rendered":"<p>Le 1er septembre dernier, 98 mineurs isol\u00e9s en recours accompagn\u00e9s par les associations Midis du MIE, TIMMY et Utopia 56 se sont install\u00e9s dans le parc Javel Andr\u00e9 Citro\u00ebn \u00e0 Paris 15\u00e8me. Aux c\u00f4t\u00e9s de centaines de familles, femmes et hommes seuls, ils demandaient une protection et un h\u00e9bergement adapt\u00e9s \u00e0 leur \u00e2ge et situation. Deux semaines plus tard, nous tirons un bilan alarmant\u00a0<strong>d\u2019une prise en charge inadapt\u00e9e pour des mineurs isol\u00e9s, au m\u00e9pris de l\u2019int\u00e9r\u00eat sup\u00e9rieur de\u00a0l\u2019enfant.<\/strong><\/p>\n<p>Lors de cette \u201cmise \u00e0 l\u2019abri\u201d planifi\u00e9e par le minist\u00e8re de l\u2019Int\u00e9rieur, sans tenir compte de leur \u00e2ge d\u00e9clar\u00e9, de leur vuln\u00e9rabilit\u00e9, des particularit\u00e9s de leurs proc\u00e9dures, de leurs traumatismes ou leur besoin d\u2019accompagnement \u00e9ducatif et social, ils ont \u00e9t\u00e9 comme \u00e0 chaque fois dispers\u00e9s, souvent \u00e9loign\u00e9s de leurs lieux de cours, d\u2019activit\u00e9s, de rendez-vous juridiques ou m\u00e9dicaux, dans des structures au confort disparate et \u00e0 l\u2019encadrement d\u00e9sinform\u00e9 ou\u00a0inexistant.<\/p>\n<ul>\n<li>Au gymnase Gallieni de Nogent sur Marne (94), mineurs et majeurs se c\u00f4toient sous tension\u00a0: douches collectives ne respectant aucune intimit\u00e9, manque de nourriture, de repos, sanitaires sales, bagarres fr\u00e9quentes entre adultes li\u00e9es aux conditions de vie, et aucune information concernant un \u00e9ventuel\u00a0transfert.<\/li>\n<li>\u00c0 l\u2019h\u00f4tel Gallieni de Gennevilliers (92), les mineurs d\u00e9j\u00e0 en recours aupr\u00e8s du juge des enfants\u00a0<strong>ont \u00e9t\u00e9 menac\u00e9s d\u2019une remise \u00e0 la rue le 22\/09 s\u2019ils ne d\u00e9posaient pas une demande d\u2019asile<\/strong>. Au moins deux d\u2019entre eux ont c\u00e9d\u00e9 \u00e0 cette pression et sign\u00e9 la\u00a0demande.<\/li>\n<\/ul>\n<p><em>\u201cNous d\u00e9non\u00e7ons des conditions de mise \u00e0 l\u2019abri au rabais, sans distinction des situations personnelles et contribuant \u00e0 la mise en danger de ces adolescents\u201d<\/em>\u00a0&#8211; Esp\u00e9rance Minart, pr\u00e9sidente de l\u2019association\u00a0TIMMY.<\/p>\n<p><strong>Comme des centaines d\u2019autres, ces mineurs ont \u00e9t\u00e9 \u00e9valu\u00e9s majeurs sur l\u2019unique fondement d\u2019un entretien oral exp\u00e9ditif<\/strong>\u00a0men\u00e9 sous la responsabilit\u00e9 des d\u00e9partements franciliens, puis laiss\u00e9s \u00e0 rue. Des mois plus tard et apr\u00e8s analyse approfondie de tous les \u00e9l\u00e9ments, la grande majorit\u00e9 des jeunes que nous accompagnons sont pourtant reconnus mineurs par le juge des enfants et pris en charge par l\u2019Aide Sociale \u00e0\u00a0l\u2019Enfance.<\/p>\n<p>En vertu de l\u2019article 3 de la Convention Internationale des Droits de l\u2019Enfant (CIDE)\u00a0:\u00a0<em>\u201cDans toutes les d\u00e9cisions qui concernent les enfants, qu\u2019elles soient le fait des institutions publiques ou priv\u00e9es de protection sociale, des tribunaux, des autorit\u00e9s administratives ou des organes l\u00e9gislatifs, l\u2019int\u00e9r\u00eat sup\u00e9rieur de l\u2019enfant doit \u00eatre une consid\u00e9ration\u00a0primordiale.\u201c.\u00a0<\/em><\/p>\n<p><strong>Nos associations demandent que les mineurs en proc\u00e9dure de recours pr\u00e9sents au gymnase de Nogent sur Marne soient imm\u00e9diatement relog\u00e9s dans des h\u00e9bergements d\u00e9cents, avec un encadrement \u00e9ducatif et social adapt\u00e9. Elles demandent \u00e9galement la continuit\u00e9 de l\u2019h\u00e9bergement des jeunes menac\u00e9s d\u2019expulsion \u00e0 l\u2019h\u00f4tel Gallieni de Gennevilliers, et l\u2019annulation des demandes d\u2019asile faites sous la contrainte\u00a0morale.<\/strong><\/p>\n<p>Enfin, en respect des principes de \u201cpr\u00e9somption de minorit\u00e9\u201d et \u201cd\u2019int\u00e9r\u00eat sup\u00e9rieur de l\u2019enfant\u201d, nous demandons une prise en charge syst\u00e9matique des jeunes se d\u00e9clarant mineurs et isol\u00e9s, par des services comp\u00e9tents et jusqu\u2019\u00e0 la d\u00e9cision judiciaire finale statuant sur leur\u00a0situation.<\/p>\n","protected":false},"excerpt":{"rendered":"<p>Le 1er septembre dernier, 98 mineurs isol\u00e9s en recours accompagn\u00e9s  [&#8230;]<\/p>\n","protected":false},"author":1,"featured_media":2242,"comment_status":"open","ping_status":"open","sticky":false,"template":"","format":"standard","meta":{"footnotes":""},"categories":[19,18,21,27,26,7],"tags":[],"class_list":["post-2077","post","type-post","status-publish","format-standard","has-post-thumbnail","hentry","category-acces-aux-droits-fondamentaux","category-article","category-harcelement-et-violences-policieres","category-loi-asile-immigration","category-mineures-isolees","category-paris"],"_links":{"self":[{"href":"http:\/\/test.utopia56.org\/index.php\/wp-json\/wp\/v2\/posts\/2077","targetHints":{"allow":["GET"]}}],"collection":[{"href":"http:\/\/test.utopia56.org\/index.php\/wp-json\/wp\/v2\/posts"}],"about":[{"href":"http:\/\/test.utopia56.org\/index.php\/wp-json\/wp\/v2\/types\/post"}],"author":[{"embeddable":true,"href":"http:\/\/test.utopia56.org\/index.php\/wp-json\/wp\/v2\/users\/1"}],"replies":[{"embeddable":true,"href":"http:\/\/test.utopia56.org\/index.php\/wp-json\/wp\/v2\/comments?post=2077"}],"version-history":[{"count":0,"href":"http:\/\/test.utopia56.org\/index.php\/wp-json\/wp\/v2\/posts\/2077\/revisions"}],"wp:featuredmedia":[{"embeddable":true,"href":"http:\/\/test.utopia56.org\/index.php\/wp-json\/"}],"wp:attachment":[{"href":"http:\/\/test.utopia56.org\/index.php\/wp-json\/wp\/v2\/media?parent=2077"}],"wp:term":[{"taxonomy":"category","embeddable":true,"href":"http:\/\/test.utopia56.org\/index.php\/wp-json\/wp\/v2\/categories?post=2077"},{"taxonomy":"post_tag","embeddable":true,"href":"http:\/\/test.utopia56.org\/index.php\/wp-json\/wp\/v2\/tags?post=2077"}],"curies":[{"name":"wp","href":"https:\/\/api.w.org\/{rel}","templated":true}]}}