{"id":2060,"date":"2021-10-11T06:51:09","date_gmt":"2021-10-11T04:51:09","guid":{"rendered":"https:\/\/utopia56.net\/?p=2060"},"modified":"2021-10-11T06:51:09","modified_gmt":"2021-10-11T04:51:09","slug":"greve-de-la-faim-des-calaisiens-reclament-larret-de-la-maltraitance-des-personnes-exilees-dans-le-calaisis","status":"publish","type":"post","link":"http:\/\/test.utopia56.org\/index.php\/2021\/10\/11\/greve-de-la-faim-des-calaisiens-reclament-larret-de-la-maltraitance-des-personnes-exilees-dans-le-calaisis\/","title":{"rendered":"GR\u00c8VE DE LA FAIM : DES CALAISIENS R\u00c9CLAMENT L\u2019ARR\u00caT DE LA MALTRAITANCE DES PERSONNES EXIL\u00c9ES DANS LE CALAISIS"},"content":{"rendered":"<p>Depuis plusieurs ann\u00e9es, des associatifs, des militants et des personnes exil\u00e9es alertent sur la situation inhumaine qui s\u2019inscrit dans le Calaisis. Nous assistons quotidiennement \u00e0 des formes de violences psychologiques et physiques \u00e0 l\u2019encontre des personnes exil\u00e9es\u00a0: expulsions toutes les 48h voire quotidiennes\u00a0; confiscation et destruction des effets personnels\u00a0; multiplication des arr\u00eat\u00e9s anti-distribution de nourriture et d\u2019eau\u00a0; humiliations\u00a0; coups et blessures de la part des forces de\u00a0l\u2019ordre\u2026<\/p>\n<p>Et l\u2019escalade de la violence ne s\u2019arr\u00eate pas. Il y deux semaines, des nouvelles mesures ont \u00e9t\u00e9 mises en place. A quatre reprises, l\u2019\u00c9tat a pos\u00e9 des rochers sur un lieu de distribution de Coquelles emp\u00eachant tout acc\u00e8s aux associations pour distribuer des denr\u00e9es de premi\u00e8re n\u00e9cessit\u00e9 aux personnes exil\u00e9es. Des interdictions se sont multipli\u00e9es ensuite sur l\u2019ensemble des lieux de vie des personnes, rendant ill\u00e9gales toute\u00a0distribution.<\/p>\n<p>Depuis les ann\u00e9es 1990, cette politique de non-accueil a entra\u00een\u00e9 plus de 300 d\u00e9c\u00e8s. La semaine derni\u00e8re encore, Yasser est mort \u00e9cras\u00e9 par un camion. Il voulait rejoindre son r\u00eave, l\u2019Angleterre avec l\u2019espoir d\u2019une vie\u00a0meilleure.<\/p>\n<p>Face \u00e0 ce constat alarmant, l\u2019\u00c9tat a \u00e9t\u00e9 interpell\u00e9 mais aucune r\u00e9ponse satisfaisante n\u2019a \u00e9t\u00e9 apport\u00e9e. Aucun dialogue n\u2019\u00e9tant possible, 3 calaisiens ont d\u00e9cid\u00e9 d\u2019entamer une gr\u00e8ve de la faim qui prendra effet lundi 11 octobre 2021 \u00e0 16h \u00e0 l\u2019\u00e9glise Saint-Pierre de Calais avec pour attentes\u00a0:<\/p>\n<ul>\n<li>Suspension des expulsions quotidiennes et des d\u00e9mant\u00e8lements de campements durant la tr\u00eave hivernale\u00a0;<\/li>\n<li>Durant cette m\u00eame p\u00e9riode, arr\u00eat de la confiscation des tentes et des effets personnels des personnes exil\u00e9es\u00a0;<\/li>\n<li>Ouverture d\u2019un dialogue citoyen raisonn\u00e9 entre autorit\u00e9s publiques et associations non mandat\u00e9es par l\u2019\u00c9tat, portant sur l\u2019ouverture et la localisation de points de distribution de tous les biens n\u00e9cessaires au maintien de la sant\u00e9 des personnes\u00a0exil\u00e9es.<\/li>\n<\/ul>\n<p>Les consciences humaines s\u2019habituent \u00e0 tout, m\u00eame \u00e0 l\u2019intol\u00e9rable. Cette gr\u00e8ve de la faim vise \u00e0 r\u00e9veiller les intelligences, et \u00e0 faire entendre \u00e0 nouveau le caract\u00e8re scandaleux et proprement inimaginable, dans un pays comme la France, en 2021, de la condition \u00e0 laquelle sont r\u00e9duites, volontairement, les personnes exil\u00e9es par la puissance\u00a0publique.<\/p>\n","protected":false},"excerpt":{"rendered":"<p>Depuis plusieurs ann\u00e9es, des associatifs, des militants et des personnes  [&#8230;]<\/p>\n","protected":false},"author":1,"featured_media":2339,"comment_status":"closed","ping_status":"open","sticky":false,"template":"","format":"standard","meta":{"footnotes":""},"categories":[18,12,21],"tags":[],"class_list":["post-2060","post","type-post","status-publish","format-standard","has-post-thumbnail","hentry","category-article","category-calais","category-harcelement-et-violences-policieres"],"_links":{"self":[{"href":"http:\/\/test.utopia56.org\/index.php\/wp-json\/wp\/v2\/posts\/2060","targetHints":{"allow":["GET"]}}],"collection":[{"href":"http:\/\/test.utopia56.org\/index.php\/wp-json\/wp\/v2\/posts"}],"about":[{"href":"http:\/\/test.utopia56.org\/index.php\/wp-json\/wp\/v2\/types\/post"}],"author":[{"embeddable":true,"href":"http:\/\/test.utopia56.org\/index.php\/wp-json\/wp\/v2\/users\/1"}],"replies":[{"embeddable":true,"href":"http:\/\/test.utopia56.org\/index.php\/wp-json\/wp\/v2\/comments?post=2060"}],"version-history":[{"count":0,"href":"http:\/\/test.utopia56.org\/index.php\/wp-json\/wp\/v2\/posts\/2060\/revisions"}],"wp:featuredmedia":[{"embeddable":true,"href":"http:\/\/test.utopia56.org\/index.php\/wp-json\/"}],"wp:attachment":[{"href":"http:\/\/test.utopia56.org\/index.php\/wp-json\/wp\/v2\/media?parent=2060"}],"wp:term":[{"taxonomy":"category","embeddable":true,"href":"http:\/\/test.utopia56.org\/index.php\/wp-json\/wp\/v2\/categories?post=2060"},{"taxonomy":"post_tag","embeddable":true,"href":"http:\/\/test.utopia56.org\/index.php\/wp-json\/wp\/v2\/tags?post=2060"}],"curies":[{"name":"wp","href":"https:\/\/api.w.org\/{rel}","templated":true}]}}