{"id":1731,"date":"2018-02-24T19:21:22","date_gmt":"2018-02-24T18:21:22","guid":{"rendered":"https:\/\/utopia56.net\/?p=1731"},"modified":"2018-02-24T19:21:22","modified_gmt":"2018-02-24T18:21:22","slug":"utopia-56-ca-continue","status":"publish","type":"post","link":"http:\/\/test.utopia56.org\/index.php\/2018\/02\/24\/utopia-56-ca-continue\/","title":{"rendered":"Utopia 56, \u00e7a continue !"},"content":{"rendered":"<p><strong>\u00c0 Calais, <\/strong>depuis le 21\u00a0f\u00e9vrier\u00a0et jusqu&#8217;\u00e0 lundi, des abris pour les mineurs et pour les majeurs sont ouverts. Les volontaires informent les exil\u00e9s du plan d&#8217;h\u00e9bergement pendant les distributions de repas\u00a0et conduisent les mineurs aux bus les emmenant aux centres d&#8217;accueil, puisque les volontaires ne sont pas autoris\u00e9s \u00e0 conduire directement les jeunes aux centres. Pour ceux qui n&#8217;ont pas eu de place, les volontaires se chargent d&#8217;appeler le 115 apr\u00e8s 19 h 30, pour pouvoir les loger ailleurs \u00e0 travers le Samu social. Cette semaine, les volontaires vont faire des maraudes de nuit pour distribuer des packs d&#8217;urgence (contenant des chaufferettes pour les mains et pieds), du th\u00e9, et de l&#8217;aide d&#8217;urgence pour les cas suspect\u00e9s d&#8217;hypothermie. En parall\u00e8le, ils ont continuent\u00a0les distributions de 2.500 repas quotidiens et de v\u00eatements avec L&#8217;Auberge des migrants, Help Refugees et RCK. En cas de besoin, les mineurs et personnes vuln\u00e9rables sont conduits en voiture \u00e0 la permanence d&#8217;acc\u00e8s aux soins de sant\u00e9 (Pass) pour rencontrer un m\u00e9decin.\u00a0Quelque 600 \u00e0 700 personnes survivent actuellement \u00e0 Calais, avec des temp\u00e9ratures lourdement n\u00e9gatives.<\/p>\n<p><strong>\u00c0 Paris,<\/strong> le plan Grand froid a \u00e9t\u00e9 d\u00e9clench\u00e9 par la pr\u00e9fecture pendant une dizaine de jours, dont plusieurs sous la neige. Gr\u00e2ce aux lits d&#8217;urgence d\u00e9bloqu\u00e9s, \u00e0 des chambres d&#8217;h\u00f4tel financ\u00e9es par M\u00e9decins sans fronti\u00e8res et au beau r\u00e9seau d&#8217;h\u00e9bergeurs citoyens, les b\u00e9n\u00e9voles et services civiques parisiens ont mis 405 personnes \u00e0 l&#8217;abri pour une ou plusieurs nuits\u00a0du 12 f\u00e9vrier au 24\u00a0f\u00e9vrier, dont de nombreuses familles (femmes, enfants, b\u00e9b\u00e9s), mineurs isol\u00e9s et personnes vuln\u00e9rables (majeurs sortant de l&#8217;h\u00f4pital et\/ou ayant de graves probl\u00e8mes de sant\u00e9). L&#8217;\u00e9quipe est \u00e0 la recherche d&#8217;un nouveau local ou lieu de travail dans le nord de Paris ou \u00e0 proximit\u00e9\u00a0<a href=\"http:\/\/www.utopia56.com\/fr\/actualite\/paris-recherche-urgente-dun-local-ou-hangar-travail\">(plus d&#8217;infos ici)<\/a>.<\/p>\n<p><em>8\u00a0f\u00e9vrier, la neige \u00e0 Porte de La Chapelle, \u00e0 Paris.<\/em><\/p>\n<p><img decoding=\"async\" src=\"\/fr\/system\/files\/styles\/insert_moyen\/private\/file_fields\/2018\/02\/24\/img-6145.jpg?itok=AgnOOola\" alt=\"\" width=\"460\" height=\"345\" \/><\/p>\n<p><strong>\u00c0 Lille,<\/strong> une \u00e9quipe d&#8217;une quarantaine de b\u00e9n\u00e9voles aide les personnes exil\u00e9es dans leurs d\u00e9marches administratives avec des accompagnements \u00e0 la pr\u00e9fecture, aux coll\u00e8ges, lyc\u00e9es et centres m\u00e9dicaux. En partenariat avec les \u00e9tudiant.e.s lillois.es, des cours et des activit\u00e9s gratuites de sport et sorties culturelles sont organis\u00e9es pour palier l\u2019inactivit\u00e9 et l&#8217;ennui quotidiens des exil\u00e9s. Un r\u00e9seau d&#8217;h\u00e9bergement citoyen pour les mineurs isol\u00e9s et les personnes vuln\u00e9rables est en d\u00e9veloppement et des dons mat\u00e9riels sont r\u00e9cup\u00e9r\u00e9s, tri\u00e9s et redistribu\u00e9s chaque samedi depuis quelques semaines.<\/p>\n<p><em>4\u00a0f\u00e9vrier, session de sport \u00e0 Lille (<a href=\"https:\/\/www.facebook.com\/utopia56lillecollecte\/\">page Facebook Utopia 56 Lille<\/a>)<\/em><\/p>\n<p><img decoding=\"async\" src=\"\/fr\/system\/files\/styles\/insert_moyen\/private\/file_fields\/2018\/02\/24\/27624896-589418114733110-1893878644497920630-o.jpg?itok=u0geEKp8\" alt=\"\" width=\"460\" height=\"345\" \/><\/p>\n<p><strong>\u00c0 Lyon, <\/strong>de novembre jusqu&#8217;\u00e0 d\u00e9but f\u00e9vrier, une vingtaine de b\u00e9n\u00e9voles se sont relay\u00e9s pour organiser des petits-d\u00e9jeuners au camp Mandela, qui a \u00e9t\u00e9 d\u00e9mantel\u00e9 le 9 f\u00e9vrier. L&#8217;\u00e9quipe a collect\u00e9 5.000 \u20ac de dons et l&#8217;a utilis\u00e9 pour des travaux pour un h\u00e9bergement avec une dizaine de familles d&#8217;Europe de l&#8217;est. L&#8217;antenne travaille aussi avec d&#8217;autres associations et collectifs lyonnais, dont Agir migrants.<\/p>\n<p><em>9\u00a0f\u00e9vrier, d\u00e9mant\u00e8lement du camp Mandela, o\u00f9 les b\u00e9n\u00e9voles de Lyon y organisaient des petits-d\u00e9jeuners <a href=\"https:\/\/www.facebook.com\/utopia56lyon\/\">(page Facebook Utopia 56\u00a0Lyon)<\/a><\/em><\/p>\n<p><img decoding=\"async\" src=\"\/fr\/system\/files\/styles\/insert_moyen\/private\/file_fields\/2018\/02\/24\/27655211-557663114570396-4313853145401960283-n.jpg?itok=8-s9wSBC\" alt=\"\" width=\"460\" height=\"276\" \/><\/p>\n<p><strong>\u00c0 Rennes,\u00a0<\/strong>les b\u00e9n\u00e9voles ont pris part \u00e0 des\u00a0\u00e9v\u00e9nements publics pour de la sensibilisation ou des collectes de dons.\u00a0Une dizaine de points de collectes rennais permettent d&#8217;avoir et d&#8217;envoyer des produits de premi\u00e8re n\u00e9cessit\u00e9 \u00e0 Rennes, Ouistreham (collectif Camo), Calais (L&#8217;Auberge des migrants et Utopia) et Paris (Utopia).<\/p>\n<p><strong>\u00c0 Tours, <\/strong>o\u00f9 les actions sont tourn\u00e9es vers les mineurs, 31 jeunes ont \u00e9t\u00e9 sortis de la rue depuis le 1er janvier gr\u00e2ce \u00e0 des h\u00e9bergements avec une quarantaine de familles, qui se relaient, et un h\u00e9bergement lou\u00e9 \u00e0 faible co\u00fbt \u00e0 une commune. Des cours de fran\u00e7ais sont organis\u00e9s du lundi au vendredi. C\u00f4t\u00e9 juridique, 32 recours ont \u00e9t\u00e9 entam\u00e9s ou sont en cours. Cette \u00e9quipe en Indre-et-Loire recherche des b\u00e9n\u00e9voles pour de l&#8217;h\u00e9bergement urgence ou long terme, des suivis, de la collecte de fonds, des actions de sensibilisation, de la communication&#8230;<\/p>\n<p><img decoding=\"async\" src=\"\/fr\/system\/files\/styles\/insert_moyen\/private\/file_fields\/2018\/02\/24\/ecrans2018-02-24a23.13.19.png?itok=ClRSGaCD\" alt=\"\" width=\"460\" height=\"103\" \/><\/p>\n<p>Et <strong>\u00e0 Saint-Brieuc\u00a0et dans d&#8217;autres villes,<\/strong> les actions elles aussi se poursuivent avec des cours de fran\u00e7ais, des sorties culturelles, de l&#8217;h\u00e9bergement citoyen, des collectes de dons&#8230;<\/p>\n<p>Avec le projet <strong>&#8220;Au chaud les ados&#8221; <\/strong>men\u00e9 sur Ulule, deux personnes sont actuellement en CDD pour soutenir l&#8217;h\u00e9bergement citoyen des mineurs isol\u00e9s : Zo\u00e9 \u00e0 Paris et Marine \u00e0 Rennes. Les mises \u00e0 l&#8217;abri de mineurs chez des familles d&#8217;accueil se poursuivent ! <a href=\"https:\/\/fr.ulule.com\/utopia-56\/news\/trois-embauches-pour-soutenir-lhebergement-citoyen-165509\/\">Plus d&#8217;infos.<\/a><\/p>\n<h2>Assembl\u00e9e g\u00e9n\u00e9rale<\/h2>\n<p><strong>Prenez note : <\/strong>notre assembl\u00e9e g\u00e9n\u00e9rale annuelle se tiendra en avril, \u00e0 Paris, \u00e0 une date qui va \u00eatre pr\u00e9cis\u00e9e (et non le 18 mars comme annonc\u00e9 par erreur pr\u00e9c\u00e9demment).\u00a0Une convocation en bonne et due forme avec l&#8217;ordre du jour et l&#8217;adresse pr\u00e9cise sera envoy\u00e9e aux adh\u00e9rent.e.s dans les prochains jours.<br \/>\n<em>L&#8217;assembl\u00e9e g\u00e9n\u00e9rale est ouverte \u00e0 tous, mais pour y voter\u00a0un.e adh\u00e9rent.e doit \u00eatre \u00e0 jour de cotisation.<\/em>\u00a0<em>La cotisation est valable pour l&#8217;ann\u00e9e civile, \u00e9largie aux adh\u00e9sions du 15\u00a0au 31\u00a0d\u00e9cembre de l&#8217;ann\u00e9e pr\u00e9c\u00e9dente. Vous \u00eates \u00e0 jour de cotisation si\u00a0en vous connectant \u00e0 votre compte adh\u00e9rent <a href=\"http:\/\/www.utopia56.com\/fr\/user\">en cliquant ici<\/a>, votre date indiqu\u00e9e d&#8217;adh\u00e9sion est \u00e9gale ou sup\u00e9rieure au 15\u00a0d\u00e9cembre 2017.\u00a0Seuls les membres \u00e0 jour de leur cotisation pourront voter.<\/em><\/p>\n<p>Il sera propos\u00e9 dans cette convocation une <strong>organisation de covoiturage et d&#8217;h\u00e9bergement entre adh\u00e9rents<\/strong>, pour les personnes ne vivant pas \u00e0 Paris et souhaitant se rendre \u00e0 l&#8217;assembl\u00e9e g\u00e9n\u00e9rale. La possibilit\u00e9 de <strong>donner un pouvoir<\/strong> \u00e0 un.e autre adh\u00e9rent.e sera \u00e9galement propos\u00e9e.<\/p>\n<p>Apr\u00e8s la d\u00e9mission de trois des six membres du conseil d&#8217;administration (<a href=\"http:\/\/wubi.r.ca.d.sendibm2.com\/2d3f9zzkbvff.html\">voir les raisons ici<\/a>), mi-f\u00e9vrier, deux membres restants du CA se sont r\u00e9unis, hier (jeudi 23), pour r\u00e9\u00e9lire un pr\u00e9sident et un tr\u00e9sorier. <strong>La composition du bureau et conseil d\u2019administration d\u2019Utopia 56 est donc actuellement la suivante : Yann Manzi, pr\u00e9sident ; Christophe Inizan, secr\u00e9taire ;\u00a0Lo\u00efc Le Moal, tr\u00e9sorier.<\/strong><\/p>\n<p>Une r\u00e9flexion est actuellement en cours pour <strong>organiser cette assembl\u00e9e g\u00e9n\u00e9rale et appeler aux candidatures du futur conseil d&#8217;administration,<\/strong> qui devra \u00eatre \u00e9lu\u00a0par les adh\u00e9rents le dimanche 18 mars (les \u00e9lu.e.s de ce futur CA voteront ensuite pour \u00e9lire, parmi eux, les personnes aux postes de pr\u00e9sident.e, tr\u00e9sorier.e\u00a0et secr\u00e9taire qui composeront le bureau). Des nouvelles tr\u00e8s prochainement !<\/p>\n<p>Merci pour votre confiance et \u00e0 bient\u00f4t.<\/p>\n<style type=\"text\/css\">.tb_button {padding:1px;cursor:pointer;border-right: 1px solid #8b8b8b;border-left: 1px solid #FFF;border-bottom: 1px solid #fff;}.tb_button.hover {borer:2px outset #def; background-color: #f8f8f8 !important;}.ws_toolbar {z-index:100000} .ws_toolbar .ws_tb_btn {cursor:pointer;border:1px solid #555;padding:3px}   .tb_highlight{background-color:yellow} .tb_hide {visibility:hidden} .ws_toolbar img {padding:2px;margin:0px}<br \/>\n<\/style>\n","protected":false},"excerpt":{"rendered":"<p>\u00c0 Calais, depuis le 21\u00a0f\u00e9vrier\u00a0et jusqu&#8217;\u00e0 lundi, des abris pour  [&#8230;]<\/p>\n","protected":false},"author":1,"featured_media":1732,"comment_status":"open","ping_status":"open","sticky":false,"template":"","format":"standard","meta":{"footnotes":""},"categories":[12,13,7,10,9],"tags":[],"class_list":["post-1731","post","type-post","status-publish","format-standard","has-post-thumbnail","hentry","category-calais","category-lille","category-paris","category-rennes","category-tours"],"_links":{"self":[{"href":"http:\/\/test.utopia56.org\/index.php\/wp-json\/wp\/v2\/posts\/1731","targetHints":{"allow":["GET"]}}],"collection":[{"href":"http:\/\/test.utopia56.org\/index.php\/wp-json\/wp\/v2\/posts"}],"about":[{"href":"http:\/\/test.utopia56.org\/index.php\/wp-json\/wp\/v2\/types\/post"}],"author":[{"embeddable":true,"href":"http:\/\/test.utopia56.org\/index.php\/wp-json\/wp\/v2\/users\/1"}],"replies":[{"embeddable":true,"href":"http:\/\/test.utopia56.org\/index.php\/wp-json\/wp\/v2\/comments?post=1731"}],"version-history":[{"count":0,"href":"http:\/\/test.utopia56.org\/index.php\/wp-json\/wp\/v2\/posts\/1731\/revisions"}],"wp:featuredmedia":[{"embeddable":true,"href":"http:\/\/test.utopia56.org\/index.php\/wp-json\/"}],"wp:attachment":[{"href":"http:\/\/test.utopia56.org\/index.php\/wp-json\/wp\/v2\/media?parent=1731"}],"wp:term":[{"taxonomy":"category","embeddable":true,"href":"http:\/\/test.utopia56.org\/index.php\/wp-json\/wp\/v2\/categories?post=1731"},{"taxonomy":"post_tag","embeddable":true,"href":"http:\/\/test.utopia56.org\/index.php\/wp-json\/wp\/v2\/tags?post=1731"}],"curies":[{"name":"wp","href":"https:\/\/api.w.org\/{rel}","templated":true}]}}