{"id":1728,"date":"2018-02-21T19:19:37","date_gmt":"2018-02-21T18:19:37","guid":{"rendered":"https:\/\/utopia56.net\/?p=1728"},"modified":"2018-02-21T19:19:37","modified_gmt":"2018-02-21T18:19:37","slug":"non-au-projet-de-loi-asile-immigration","status":"publish","type":"post","link":"http:\/\/test.utopia56.org\/index.php\/2018\/02\/21\/non-au-projet-de-loi-asile-immigration\/","title":{"rendered":"Non au projet de loi asile-immigration"},"content":{"rendered":"<p>Ce mercredi, le projet de loi dit asile-immigration est pr\u00e9sent\u00e9. Ce projet de loi consid\u00e8re les demandeurs d\u2019asiles et r\u00e9fugi\u00e9s comme des charges, alors qu&#8217;<strong>il n&#8217;y a pas de distinction \u00e0 faire entre r\u00e9fugi\u00e9s \u00e9conomiques et de guerre, les gens ne fuient pas leur pays de gaiet\u00e9\u00a0de coeur et nous avons un devoir de les accueillir. <\/strong><\/p>\n<p>Il y est question principalement de r\u00e9pression, au lieu d\u2019int\u00e9gration, les questions relatives \u00e0 la prise en charge mineurs non accompagn\u00e9s ne sont pas abord\u00e9es\u2026 Alors que ce projet se veut la 8e loi sur l\u2019immigration depuis 2003, les propositions qui sont avanc\u00e9es vont \u00e0 l\u2019encontre des droits des exil\u00e9s que nous rencontrons tous les jours Porte de la Chapelle \u00e0 Paris et \u00e0 Calais, dans nos actions.<\/p>\n<h2>Non aux expulsions<\/h2>\n<p>Derri\u00e8re une volont\u00e9 de traiter les demandes d\u2019asile plus rapidement, nous craignons de ne faire face qu\u2019\u00e0 davantage d\u2019expulsions. Avec quelles m\u00e9thodes G\u00e9rard Collomb souhaite-il r\u00e9duire ces d\u00e9lais ? En augmentant et acc\u00e9l\u00e9rant les expulsions, notamment li\u00e9 aux accords de Dublin ? Nous le refusons.<\/p>\n<h2>Non \u00e0 la d\u00e9tention<\/h2>\n<p>En passant \u00e0 135 jours le dur\u00e9e maximum en centre de r\u00e9tention (Cra), ce sont 135 jours de trop dans ces prisons pour \u00e9trangers, o\u00f9 des enfants, des familles sont enferm\u00e9s, avant d\u2019\u00eatre expuls\u00e9s pour une grande partie d\u2019entre eux. Et ce, alors que le s\u00e9jour irr\u00e9gulier n\u2019est m\u00eame pas un d\u00e9lit !<\/p>\n<h2>Non \u00e0 l\u2019atteinte aux droits<\/h2>\n<p>Ce projet de loi pr\u00e9voit \u00e9galement de r\u00e9duire les d\u00e9lais de d\u00e9p\u00f4t de demande d\u2019asile apr\u00e8s l\u2019arriv\u00e9e en France de 120 \u00e0 90 jours et les d\u00e9tails pour exercer un recours de 30 \u00e0 15 jours. Les personnes n\u2019ayant pas acc\u00e8s \u00e0 ces informations seront p\u00e9nalis\u00e9es.<\/p>\n<h2>Non \u00e0 la garde \u00e0 vue des \u00e9trangers<\/h2>\n<p>En passant de seize heures \u00e0 vingt-quatre heures, la retenue administrative est en passe de devenir une garde \u00e0 vue des \u00e9trangers. Et ce, \u00e0 nouveau, alors que le s\u00e9jour irr\u00e9gulier n\u2019est m\u00eame pas un d\u00e9lit.<\/p>\n<h2>Non \u00e0 la cr\u00e9ation d\u2019un d\u00e9lit de franchissement des fronti\u00e8res<\/h2>\n<p>Un an d&#8217;emprisonnement et 3 750 \u20ac d\u2019amende, c\u2019est ce risqueront les personnes interpell\u00e9es \u00e0 une fronti\u00e8re fran\u00e7ais, sans autorisation de passer cette fronti\u00e8re.<\/p>\n<h2>Non aux contr\u00f4les dans les centres d\u2019h\u00e9bergement<\/h2>\n<p>Les exil\u00e9s qui dorment \u00e0 la rue doivent garder confiance dans les centres d\u2019h\u00e9bergement d\u2019urgence, des lieux de r\u00e9confort pour des personnes d\u00e9j\u00e0 durement \u00e9prouv\u00e9es par leur voyage et leur conditions de vie. Effectuer des contr\u00f4les dans ces centres ou demander \u00e0 ceux qui y travaillent de faire le \u00ab tri \u00bb, comme l\u2019imposerait la circulaire Collomb, c\u2019est perdre la confiance des h\u00e9berg\u00e9s et ne leur laisser d\u2019autres choix que la rue pour dormir.<\/p>\n<h2>Stop aux accords de Dublin<\/h2>\n<p>Le r\u00e8glement Dublin est injuste et irrationnel, un pr\u00e9texte au non-accueil, comme l\u2019explique la vid\u00e9o #StopDublin\u00a0<a href=\"http:\/\/www.stopdublin.fr\">www.stopdublin.fr<\/a><\/p>\n<p>Emmanuel Macron pr\u00f4ne <strong>\u00ab humanit\u00e9 et fermet\u00e9 \u00bb<\/strong> pour sa politique d\u2019asile. La fermet\u00e9, nous la constatons tous les jours avec les violences polici\u00e8res et encore aujourd\u2019hui avec ce projet de loi.<strong>\u00a0O\u00f9 est l\u2019humanit\u00e9 ?<\/strong><\/p>\n<p><iframe src=\"https:\/\/www.youtube.com\/embed\/f4mCR1N5HCQ\" width=\"560\" height=\"315\" frameborder=\"0\" allowfullscreen=\"allowfullscreen\"><\/iframe><\/p>\n<style type=\"text\/css\">.tb_button {padding:1px;cursor:pointer;border-right: 1px solid #8b8b8b;border-left: 1px solid #FFF;border-bottom: 1px solid #fff;}.tb_button.hover {borer:2px outset #def; background-color: #f8f8f8 !important;}.ws_toolbar {z-index:100000} .ws_toolbar .ws_tb_btn {cursor:pointer;border:1px solid #555;padding:3px}   .tb_highlight{background-color:yellow} .tb_hide {visibility:hidden} .ws_toolbar img {padding:2px;margin:0px}<br \/>\n<\/style>\n","protected":false},"excerpt":{"rendered":"<p>Ce mercredi, le projet de loi dit asile-immigration est pr\u00e9sent\u00e9.  [&#8230;]<\/p>\n","protected":false},"author":1,"featured_media":1729,"comment_status":"open","ping_status":"open","sticky":false,"template":"","format":"standard","meta":{"footnotes":""},"categories":[27,24],"tags":[],"class_list":["post-1728","post","type-post","status-publish","format-standard","has-post-thumbnail","hentry","category-loi-asile-immigration","category-plaidoyer"],"_links":{"self":[{"href":"http:\/\/test.utopia56.org\/index.php\/wp-json\/wp\/v2\/posts\/1728","targetHints":{"allow":["GET"]}}],"collection":[{"href":"http:\/\/test.utopia56.org\/index.php\/wp-json\/wp\/v2\/posts"}],"about":[{"href":"http:\/\/test.utopia56.org\/index.php\/wp-json\/wp\/v2\/types\/post"}],"author":[{"embeddable":true,"href":"http:\/\/test.utopia56.org\/index.php\/wp-json\/wp\/v2\/users\/1"}],"replies":[{"embeddable":true,"href":"http:\/\/test.utopia56.org\/index.php\/wp-json\/wp\/v2\/comments?post=1728"}],"version-history":[{"count":0,"href":"http:\/\/test.utopia56.org\/index.php\/wp-json\/wp\/v2\/posts\/1728\/revisions"}],"wp:featuredmedia":[{"embeddable":true,"href":"http:\/\/test.utopia56.org\/index.php\/wp-json\/"}],"wp:attachment":[{"href":"http:\/\/test.utopia56.org\/index.php\/wp-json\/wp\/v2\/media?parent=1728"}],"wp:term":[{"taxonomy":"category","embeddable":true,"href":"http:\/\/test.utopia56.org\/index.php\/wp-json\/wp\/v2\/categories?post=1728"},{"taxonomy":"post_tag","embeddable":true,"href":"http:\/\/test.utopia56.org\/index.php\/wp-json\/wp\/v2\/tags?post=1728"}],"curies":[{"name":"wp","href":"https:\/\/api.w.org\/{rel}","templated":true}]}}