{"id":1705,"date":"2017-11-27T19:04:06","date_gmt":"2017-11-27T18:04:06","guid":{"rendered":"https:\/\/utopia56.net\/?p=1705"},"modified":"2017-11-27T19:04:06","modified_gmt":"2017-11-27T18:04:06","slug":"etats-generaux-des-migrations-utopia-56-au-cote-de-470-associations-et-collectifs","status":"publish","type":"post","link":"http:\/\/test.utopia56.org\/index.php\/2017\/11\/27\/etats-generaux-des-migrations-utopia-56-au-cote-de-470-associations-et-collectifs\/","title":{"rendered":"\u00c9tats g\u00e9n\u00e9raux des migrations : Utopia 56 au c\u00f4t\u00e9 de 470 associations et collectifs"},"content":{"rendered":"<p>Mardi 21&nbsp;novembre, les Etats g&eacute;n&eacute;raux des migrations ont &eacute;t&eacute; lanc&eacute;s par 470 associations et collectifs de la soci&eacute;t&eacute; civile, dont Utopia 56, pour une autre politique migratoire.&nbsp;<\/p>\n<p>Parmi ces 470 associations et collectifs, on retrouve des organisations avec qui Utopia 56&nbsp;travaille quotidiennement &agrave;&nbsp;Calais et &agrave; Paris, comme L&#39;Auberge des migrants ou le&nbsp;Collectif Solidarite\u0301 Migrants Wilson.<\/p>\n<h2>Confe\u0301rence de presse de lancement des &laquo; E\u0301tats ge\u0301ne\u0301raux des Migrations &raquo;<\/h2>\n<p><strong>21 novembre 2017<\/strong><\/p>\n<p>Les &laquo; E\u0301tats Ge\u0301ne\u0301raux des Migrations &raquo; est un processus que nous lanc\u0327ons aujourd&rsquo;hui. Depuis plusieurs mois, des centaines d&#39;acteurs locaux et nationaux en France pre\u0301sents sur le terrain aux co\u0302te\u0301s des migrants, demandent :<\/p>\n<ul>\n<li><strong>un changement radical de la politique migratoire franc\u0327aise et europe\u0301enne<\/strong><\/li>\n<li><strong>la mise en place d&#39;une ve\u0301ritable concertation de la socie\u0301te\u0301 civile, <\/strong>associant l&#39;ensemble des ministe\u0300res, car il n&rsquo;est pas normal que le ministe\u0300re de l&rsquo;Inte\u0301rieur soit le seul en charge de cette question qui concerne aussi les ministe\u0300res du Travail, de la Sante\u0301, du Logement,&#8230;<\/li>\n<\/ul>\n<p>Nous avons fait ces demandes en juin par courrier adresse\u0301 a\u0300 M. Macron et signe\u0301 par 470 organisations. Nous les avons renouvele\u0301es lors d&rsquo;une rencontre avec deux conseille\u0300res de l&rsquo;E\u0301lyse\u0301e (en juillet). Aucune suite n&rsquo;y a e\u0301te\u0301 donne\u0301e.<\/p>\n<p>Dans le cadre du projet de loi &laquo; immigration et asile &raquo;, des rencontres avec quelques organisations ont eu lieu au ministe\u0300re de l&#39;Inte\u0301rieur, au niveau du cabinet ou de Mme Gourault, la ministre de\u0301le\u0301gue\u0301e. Ces re\u0301unions ne sauraient constituer le de\u0301but de la de\u0301marche de concertation que nous appelons de nos v&oelig;ux.<\/p>\n<p>Or depuis 6 mois que le nouveau gouvernement est en place, force est de constater que la politique a\u0300 l&rsquo;&oelig;uvre repose sur une volonte\u0301 de tri entre migrants, et le plus en amont possible voire me\u0302me largement en dehors des frontie\u0300res de l&rsquo;Europe. Le but e\u0301vident est d&rsquo;en exclure une grande majorite\u0301 du droit de se\u0301jour en France. <strong>Cela passe aussi, sur le territoire national, par une chasse aux migrants et un harce\u0300lement accru des citoyens et associations qui sont a\u0300 leurs co\u0302te\u0301s.<\/strong><\/p>\n<p><a href=\"http:\/\/www.utopia56.com\/fr\/actualite\/violences-policieres-a-calais\"><strong>Lire notre actu &quot;Violences polici&egrave;res &agrave; Calais&quot;<\/strong><\/a><\/p>\n<p>Face a\u0300 l&rsquo;absence de re\u0301ponse du pre\u0301sident de la Re\u0301publique et du gouvernement a\u0300 notre appel pour une concertation, nous avons de\u0301cide\u0301 de lancer les E\u0301tats Ge\u0301ne\u0301raux des Migrations pour construire la\u0300 ou\u0300 les politiques migratoires de\u0301truisent:<\/p>\n<ul>\n<li>construire un contre-pouvoir rassemblant autant d&rsquo;acteurs de la socie\u0301te\u0301 civile que possible pour de\u0301noncer les situations inacceptables qui ont cours sur le territoire franc\u0327ais et se mobiliser par rapport au prochain projet de loi du gouvernement.<\/li>\n<li>construire des propositions pour de\u0301montrer qu&rsquo;une autre politique migratoire est possible et ouvrir un espace ou\u0300 la voix des migrants soit en n e\u0301coute\u0301e<\/li>\n<li>construire un mouvement d&#39;opinion pour s&#39;opposer a\u0300 une vision errone\u0301e, culpabilisante et trop souvent xe\u0301nophobe des migrations et des migrants<\/li>\n<\/ul>\n<p>Le rassemblement large au sein des EGM de\u0301montre que des dizaines de milliers de citoyens en France pensent diff&eacute;remment la question migratoire, de fac\u0327on tout simplement humaine. Leur travail sur le terrain de\u0301montre quotidiennement la dangerosite\u0301 et l&rsquo;inhumanite\u0301 des politiques actuelles<\/p>\n<p><strong>Nous sommes des dizaines de milliers, notre voix doit e\u0302tre entendue.<\/strong><\/p>\n<p>En re\u0301sume\u0301, les acteurs engage\u0301s dans ces E\u0301tats Ge\u0301ne\u0301raux des Migrations se sont mis en ordre de marche pour :<\/p>\n<ul>\n<li><strong>de\u0301noncer l&#39;inacceptable,<\/strong> les politiques a\u0300 l&#39;&oelig;uvre aujourd&#39;hui et celle envisage\u0301e par le gouvernement avec un nouveau projet de loi immigration ; l&rsquo;impasse et le cou\u0302t humain insupportable du Re\u0300glement europe\u0301en Dublin III<\/li>\n<li><strong>exiger en urgence le respect des droits fondamentaux<\/strong> et l&rsquo;inconditionnalite\u0301 d&rsquo;un accueil dignes des personnes migrantes,<\/li>\n<li>organiser des consultations dans tous les territoires en France afin de faire remonter notre vision et nos propositions pour une politique alternative emprunte d&#39;humanite\u0301 et de respect de la dignite\u0301<\/li>\n<\/ul>\n<p>Des premie\u0300res concertations de\u0301centralise\u0301es seront organise\u0301es dans les prochaines semaines, notamment a\u0300 l&rsquo;occasion de la journe\u0301e internationale des migrants le 18 de\u0301cembre prochain.<\/p>\n<p>Nous nous retrouverons pour une premie\u0300re session nationale des E\u0301tats Ge\u0301ne\u0301raux des Migrations au printemps 2018, afin de rendre visible nos travaux.&nbsp;<\/p>\n<p>&nbsp;<\/p>\n<style type=\"text\/css\">.tb_button {padding:1px;cursor:pointer;border-right: 1px solid #8b8b8b;border-left: 1px solid #FFF;border-bottom: 1px solid #fff;}.tb_button.hover {borer:2px outset #def; background-color: #f8f8f8 !important;}.ws_toolbar {z-index:100000} .ws_toolbar .ws_tb_btn {cursor:pointer;border:1px solid #555;padding:3px}   .tb_highlight{background-color:yellow} .tb_hide {visibility:hidden} .ws_toolbar img {padding:2px;margin:0px}\n<\/style>\n","protected":false},"excerpt":{"rendered":"<p>Mardi 21&nbsp;novembre, les Etats g&eacute;n&eacute;raux des migrations ont &eacute;t&eacute; lanc&eacute;s  [&#8230;]<\/p>\n","protected":false},"author":1,"featured_media":1706,"comment_status":"open","ping_status":"open","sticky":false,"template":"","format":"standard","meta":{"footnotes":""},"categories":[1],"tags":[],"class_list":["post-1705","post","type-post","status-publish","format-standard","has-post-thumbnail","hentry","category-non-classe"],"_links":{"self":[{"href":"http:\/\/test.utopia56.org\/index.php\/wp-json\/wp\/v2\/posts\/1705","targetHints":{"allow":["GET"]}}],"collection":[{"href":"http:\/\/test.utopia56.org\/index.php\/wp-json\/wp\/v2\/posts"}],"about":[{"href":"http:\/\/test.utopia56.org\/index.php\/wp-json\/wp\/v2\/types\/post"}],"author":[{"embeddable":true,"href":"http:\/\/test.utopia56.org\/index.php\/wp-json\/wp\/v2\/users\/1"}],"replies":[{"embeddable":true,"href":"http:\/\/test.utopia56.org\/index.php\/wp-json\/wp\/v2\/comments?post=1705"}],"version-history":[{"count":0,"href":"http:\/\/test.utopia56.org\/index.php\/wp-json\/wp\/v2\/posts\/1705\/revisions"}],"wp:featuredmedia":[{"embeddable":true,"href":"http:\/\/test.utopia56.org\/index.php\/wp-json\/"}],"wp:attachment":[{"href":"http:\/\/test.utopia56.org\/index.php\/wp-json\/wp\/v2\/media?parent=1705"}],"wp:term":[{"taxonomy":"category","embeddable":true,"href":"http:\/\/test.utopia56.org\/index.php\/wp-json\/wp\/v2\/categories?post=1705"},{"taxonomy":"post_tag","embeddable":true,"href":"http:\/\/test.utopia56.org\/index.php\/wp-json\/wp\/v2\/tags?post=1705"}],"curies":[{"name":"wp","href":"https:\/\/api.w.org\/{rel}","templated":true}]}}