{"id":1680,"date":"2017-06-28T18:45:12","date_gmt":"2017-06-28T16:45:12","guid":{"rendered":"https:\/\/utopia56.net\/?p=1680"},"modified":"2017-06-28T18:45:12","modified_gmt":"2017-06-28T16:45:12","slug":"retour-sur-la-reponse-du-tribunal-administrative-de-lille-vis-a-vis-des-droits-des-exiles","status":"publish","type":"post","link":"http:\/\/test.utopia56.org\/index.php\/2017\/06\/28\/retour-sur-la-reponse-du-tribunal-administrative-de-lille-vis-a-vis-des-droits-des-exiles\/","title":{"rendered":"Retour sur la r\u00e9ponse du tribunal administrative de Lille vis-\u00e0-vis des droits des exil\u00e9s"},"content":{"rendered":"<h3>Hier soir, lundi 26 juin, le tribunal administratif de Lille a donn&eacute; sa r&eacute;ponse aux demandes qu&rsquo;ont formul&eacute;es les associations humanitaires il y a une dizaine de jours. La juge des r&eacute;f&eacute;r&eacute;s devaient se prononcer sur les droits fondamentaux des exil&eacute;s dans le Calaisis. Retour sur cette d&eacute;cision !&nbsp;<\/h3>\n<p>&nbsp;<\/p>\n<h2>Une d&eacute;cision &agrave; demi-teinte<\/h2>\n<p>Aujourd&rsquo;hui plus de 600 exil&eacute;s, dont de nombreux mineurs isol&eacute;s, survivent sur le Calaisis dans des conditions effroyables. La juridiction administrative estime qu&rsquo;un centre d&rsquo;accueil qui prendrait en charge l&rsquo;int&eacute;gralit&eacute; des besoin des exil&eacute;s, n&rsquo;est ni souhaitable ni indispensable.<\/p>\n<p>Cependant, le tribunal administratif ordonne :<\/p>\n<ul>\n<li>Une augmentation des <strong>maraudes d&rsquo;information <\/strong>pour les mineurs.<\/li>\n<li>L&rsquo;installation &#8211; en dehors du centre ville &#8211; d&rsquo;un <strong>lieu avec douches, toilettes, laverie, et eau potable<\/strong>.<\/li>\n<li>L&rsquo;organisation de d&eacute;part vers des <strong>Centres d&rsquo;Accueil et d&rsquo;Orientation<\/strong>.&nbsp;<\/li>\n<\/ul>\n<p>Et ce, en partenariat avec les associations requ&eacute;rantes.&nbsp;<\/p>\n<p>&nbsp;<\/p>\n<h2>10 jours.<\/h2>\n<p>La justice donne 10 jours &agrave; l&rsquo;Etat et &agrave; la maire de Calais pour organiser les dispositifs permettant que les r&eacute;fugi&eacute;s ne soient enfin plus &laquo; <em>expos&eacute;s &agrave; des risques de traitements inhumains et d&eacute;gradants<\/em> &raquo;. Natacha Bouchard, maire de Calais a annonc&eacute; qu&rsquo;elle allait faire appel. Utopia 56, l&rsquo;une des 11 associations &agrave; l&rsquo;initiative du r&eacute;f&eacute;r&eacute;, rappelle que cet appel n&rsquo;est pas suspensif. Nous sommes dans un <strong>Etat de droit<\/strong>, ce qui suppose les d&eacute;cisions de justice soient respect&eacute;es par tous. Sans parler de l&rsquo;exemplarit&eacute; dont devraient enfin faire preuve nos &eacute;lus et autorit&eacute;s sur ce sujet notamment.<\/p>\n<p>Dans son ordonnance publi&eacute;e lundi 26 juin 2017, le tribunal administratif, affirme qu&rsquo; &laquo;<em>&nbsp;il n&rsquo;est pas &nbsp;possible de laisser sans aide ces personnes en &eacute;tat de d&eacute;nuement total (&hellip;) en esp&eacute;rant qu&rsquo;elles finissent par se lasser <\/em>&raquo; et observe que &laquo;&nbsp;<em>la perspective d&rsquo;une atteinte &agrave; la dignit&eacute; ne dissuade pas les migrants<\/em>&nbsp;&raquo;, tout en constatant le &laquo;&nbsp;<em>souhait parfaitement l&eacute;gitime d&rsquo;assurer la meilleure aide possible &agrave; toutes les personnes qui se trouvent sur le territoire de la commune qui en ont besoin, quelles que soient les raisons de cette pr&eacute;sence.<\/em>&nbsp;&raquo;<\/p>\n<p>Les mesures ordonn&eacute;es doivent <strong>conna&icirc;tre un d&eacute;but de r&eacute;alisation dans un d&eacute;lai de 10 jours &agrave; compter de la notification de l&rsquo;ordonnance<\/strong>, sous astreinte de 100 euros par jour de retard pour chaque mesure ordonn&eacute;e et en partenariat avec les associations requ&eacute;rantes.&nbsp;Le Pr&eacute;fet du Pas-de-Calais doit faire conna&icirc;tre au tribunal les suites donn&eacute;es &agrave; ces injonctions dans un d&eacute;lai de 15 jours.<\/p>\n<style type=\"text\/css\">.tb_button {padding:1px;cursor:pointer;border-right: 1px solid #8b8b8b;border-left: 1px solid #FFF;border-bottom: 1px solid #fff;}.tb_button.hover {borer:2px outset #def; background-color: #f8f8f8 !important;}.ws_toolbar {z-index:100000} .ws_toolbar .ws_tb_btn {cursor:pointer;border:1px solid #555;padding:3px}   .tb_highlight{background-color:yellow} .tb_hide {visibility:hidden} .ws_toolbar img {padding:2px;margin:0px}\n<\/style>\n","protected":false},"excerpt":{"rendered":"<p>Hier soir, lundi 26 juin, le tribunal administratif de Lille  [&#8230;]<\/p>\n","protected":false},"author":1,"featured_media":1681,"comment_status":"open","ping_status":"open","sticky":false,"template":"","format":"standard","meta":{"footnotes":""},"categories":[19,22,12],"tags":[],"class_list":["post-1680","post","type-post","status-publish","format-standard","has-post-thumbnail","hentry","category-acces-aux-droits-fondamentaux","category-action-en-justice","category-calais"],"_links":{"self":[{"href":"http:\/\/test.utopia56.org\/index.php\/wp-json\/wp\/v2\/posts\/1680","targetHints":{"allow":["GET"]}}],"collection":[{"href":"http:\/\/test.utopia56.org\/index.php\/wp-json\/wp\/v2\/posts"}],"about":[{"href":"http:\/\/test.utopia56.org\/index.php\/wp-json\/wp\/v2\/types\/post"}],"author":[{"embeddable":true,"href":"http:\/\/test.utopia56.org\/index.php\/wp-json\/wp\/v2\/users\/1"}],"replies":[{"embeddable":true,"href":"http:\/\/test.utopia56.org\/index.php\/wp-json\/wp\/v2\/comments?post=1680"}],"version-history":[{"count":0,"href":"http:\/\/test.utopia56.org\/index.php\/wp-json\/wp\/v2\/posts\/1680\/revisions"}],"wp:featuredmedia":[{"embeddable":true,"href":"http:\/\/test.utopia56.org\/index.php\/wp-json\/wp\/v2\/media\/1681"}],"wp:attachment":[{"href":"http:\/\/test.utopia56.org\/index.php\/wp-json\/wp\/v2\/media?parent=1680"}],"wp:term":[{"taxonomy":"category","embeddable":true,"href":"http:\/\/test.utopia56.org\/index.php\/wp-json\/wp\/v2\/categories?post=1680"},{"taxonomy":"post_tag","embeddable":true,"href":"http:\/\/test.utopia56.org\/index.php\/wp-json\/wp\/v2\/tags?post=1680"}],"curies":[{"name":"wp","href":"https:\/\/api.w.org\/{rel}","templated":true}]}}