{"id":16407,"date":"2024-01-03T13:20:04","date_gmt":"2024-01-03T12:20:04","guid":{"rendered":"https:\/\/utopia56.org\/?p=16407"},"modified":"2024-01-03T13:20:04","modified_gmt":"2024-01-03T12:20:04","slug":"appel-a-la-solidarite-utopia-56-lille-recherche-de-nouveaux-locaux","status":"publish","type":"post","link":"http:\/\/test.utopia56.org\/index.php\/2024\/01\/03\/appel-a-la-solidarite-utopia-56-lille-recherche-de-nouveaux-locaux\/","title":{"rendered":"Appel \u00e0 la solidarit\u00e9 : Utopia 56 Lille recherche de nouveaux locaux"},"content":{"rendered":"<p dir=\"ltr\"><b>Cher\u00b7es partenaires, entreprises engag\u00e9es, citoyens et citoyennes solidaires,<\/b><\/p>\n<p dir=\"ltr\">En cette fin d&#8217;ann\u00e9e 2023,\u00a0<b>Utopia 56<\/b>, association humanitaire r\u00e9gie par la loi 1901, s\u2019est trouv\u00e9e confront\u00e9e \u00e0 une\u00a0<b>augmentation g\u00e9n\u00e9ralis\u00e9e de ses co\u00fbts<\/b>\u00a0ainsi qu\u2019\u00e0 une\u00a0<b>augmentation des demandes sur tout le territoire<\/b>, nous obligeant \u00e0 revoir nos conditions de d\u00e9ploiement sur l&#8217;ensemble de nos \u00e9tablissements. C\u2019est la raison pour laquelle, en ce d\u00e9but d\u2019ann\u00e9e, nous souhaitons solliciter votre soutien.\u00a0<b>Nous faisons appel \u00e0 votre solidarit\u00e9, ainsi que votre r\u00e9seau, pour nous aider \u00e0 trouver de nouveaux locaux dans la m\u00e9tropole lilloise, afin d\u2019y accueillir nos activit\u00e9s.\u00a0<\/b><\/p>\n<p dir=\"ltr\"><b>\u00c0 Lille,<\/b>\u00a0notre engagement porte en particulier sur les\u00a0<b>mineurs non accompagn\u00e9s, non pris en charge par l&#8217;aide sociale \u00e0 l&#8217;enfance.<\/b>\u00a0<b>Nous les accompagnons\u00a0<\/b>dans toutes leurs d\u00e9marches li\u00e9es \u00e0 l&#8217;h\u00e9bergement, la sant\u00e9, la scolarisation, tout en leur fournissant une aide mat\u00e9rielle essentielle, couvrant les besoins fondamentaux, tels que la nourriture et l&#8217;hygi\u00e8ne.<\/p>\n<p dir=\"ltr\"><b>Actuellement \u00e0 Lille<\/b>, environ\u00a0<b>110 jeunes vivent dans la pr\u00e9carit\u00e9, sans domicile fixe et sans b\u00e9n\u00e9ficier de l&#8217;aide de l&#8217;\u00c9tat.<\/b>\u00a0Aucune solution ne leur est propos\u00e9e, et leurs droits ne sont pas clairement expliqu\u00e9s. Ces jeunes doivent\u00a0<b>attendre plusieurs mois avant que leur recours ne soit \u00e9valu\u00e9<\/b>\u00a0et que leur statut de Mineur Non Accompagn\u00e9 (MNA) ne soit reconnu. En 2021, il a \u00e9t\u00e9 constat\u00e9 que pr\u00e8s de\u00a0<b>80% des jeunes que nous avons suivis ont \u00e9t\u00e9 ult\u00e9rieurement reconnus comme mineurs\u00a0<\/b>\u00e0 l&#8217;issue de la proc\u00e9dure. Pendant cette p\u00e9riode d&#8217;attente, ces jeunes se retrouvent sans rep\u00e8res, ne connaissant personne et ignorant tout de leurs droits.\u00a0<b>Utopia 56 intervient dans ce cadre pour combler la d\u00e9faillance de prise en charge par l\u2019\u00c9tat.<\/b>\u00a0La mise en place d&#8217;un local d&#8217;accompagnement nous permet de guider ces jeunes et de leur pr\u00e9senter leurs droits de mani\u00e8re claire et accessible.<\/p>\n<p dir=\"ltr\">Malheureusement, en 2024,\u00a0<b>nos budgets ne nous permettent plus d&#8217;envisager la location d&#8217;un espace assez grand<\/b>\u00a0et accessible aux jeunes de la m\u00e9tropole lilloise pour accueillir en toute s\u00e9r\u00e9nit\u00e9, leur offrir une \u00e9coute attentive, les guider dans leurs d\u00e9marches et leur procurer un moment de r\u00e9pit n\u00e9cessaire.<\/p>\n<p dir=\"ltr\"><b>Ainsi, nous sommes \u00e0 la recherche d&#8217;une location \u00e0 bas co\u00fbt, d&#8217;une mise \u00e0 disposition gracieuse ou de toute autre alternative viable<\/b>, afin de pr\u00e9server nos activit\u00e9s vitales d&#8217;aide et d&#8217;accompagnement des jeunes \u00e0 la rue.<\/p>\n<p>En ce qui concerne nos besoins en termes de locaux, nous cherchons id\u00e9alement un <strong>espace d&#8217;une superficie d&#8217;au moins 100m2<\/strong>, voire plus, am\u00e9nag\u00e9 de mani\u00e8re \u00e0 r\u00e9pondre \u00e0 diverses fonctions. Nous envisageons la cr\u00e9ation de <strong>plusieurs zones distinctes<\/strong> pour optimiser notre efficacit\u00e9 :<\/p>\n<p><strong>Espace d&#8217;accueil :<\/strong> Un lieu d\u00e9di\u00e9 o\u00f9 nous pourrons non seulement recevoir les jeunes en entretien, mais \u00e9galement travailler de mani\u00e8re collaborative.<br \/>\n<strong>Espace de stockage :<\/strong> Une zone d\u00e9di\u00e9e au stockage efficace de notre mat\u00e9riel. Nous souhaitons mettre en place une infrastructure bien organis\u00e9e pour optimiser l&#8217;acc\u00e8s au mat\u00e9riel tout en assurant sa s\u00e9curit\u00e9.<br \/>\n<strong>Espace de vie :<\/strong> Un lieu convivial destin\u00e9 \u00e0 rassembler les jeunes. Cet espace sera am\u00e9nag\u00e9 de mani\u00e8re \u00e0 favoriser les interactions sociales et \u00e0 cr\u00e9er une atmosph\u00e8re propice \u00e0 l&#8217;\u00e9change d&#8217;id\u00e9es.<\/p>\n<p>Chaque zone sera am\u00e9nag\u00e9e avec soin, en tenant compte des besoins sp\u00e9cifiques de chaque fonction, afin de cr\u00e9er un environnement de travail adapt\u00e9 \u00e0 nos missions.<\/p>\n<p dir=\"ltr\"><strong>C&#8217;est donc vers vous, entreprises solidaires, partenaires associatifs, citoyens et citoyennes engag\u00e9\u00b7es, que nous lan\u00e7ons un appel \u00e0 la solidarit\u00e9 pour trouver une solution collaborative.<\/strong><\/p>\n<p dir=\"ltr\">Par exemple, la\u00a0<b>mise \u00e0 disposition d&#8217;un lieu temporairement vacant<\/b>\u00a0en attente de travaux de r\u00e9novation, de r\u00e9habilitation, ou de d\u00e9molition, pour une p\u00e9riode minimale de 6 mois. Cette mise \u00e0 disposition temporaire gratuite peut prendre la forme d&#8217;un\u00a0<b>pr\u00eat \u00e0 usage conventionn\u00e9<\/b>\u00a0avec notre association, dont les d\u00e9tails pourront \u00eatre pr\u00e9cis\u00e9s ensemble.\u00a0<b>Cette d\u00e9marche permet aux propri\u00e9taires des lieux d&#8217;occuper leur bien immobilier vacant sans aucune charge, en \u00e9conomisant sur le gardiennage, tout en contribuant \u00e0 un projet solidaire.<\/b><\/p>\n<p dir=\"ltr\"><b>Pour les entreprises<\/b><span style=\"color: #000000;\">, la collaboration avec Utopia 56 offre \u00e9galement\u00a0<\/span><b>l&#8217;opportunit\u00e9 de r\u00e9pondre aux crit\u00e8res ESG<\/b><span style=\"color: #000000;\">\u00a0(environnementaux, sociaux et de gouvernance), ouvrant la voie \u00e0 des\u00a0<\/span><b>investissements socialement responsables<\/b><span style=\"color: #000000;\">\u00a0(ISR). Pour de plus amples informations, nous vous invitons \u00e0 consulter\u00a0<a href=\"https:\/\/www.lelabelisr.fr\/\" target=\"_blank\" rel=\"noopener\" data-saferedirecturl=\"https:\/\/www.google.com\/url?q=https:\/\/www.lelabelisr.fr\/&amp;source=gmail&amp;ust=1704365619962000&amp;usg=AOvVaw1WlmUIb7iuIget8mXHFC6r\">le site<\/a><a href=\"https:\/\/www.lelabelisr.fr\/\" target=\"_blank\" rel=\"noopener\" data-saferedirecturl=\"https:\/\/www.google.com\/url?q=https:\/\/www.lelabelisr.fr\/&amp;source=gmail&amp;ust=1704365619962000&amp;usg=AOvVaw1WlmUIb7iuIget8mXHFC6r\">\u00a0du label ISR<\/a>.<\/span><\/p>\n<p dir=\"ltr\"><b>Nous vous prions de bien vouloir partager cet appel autour de vous afin d&#8217;\u00e9largir notre r\u00e9seau de recherche de solutions.<\/b><\/p>\n<p dir=\"ltr\">Ensemble, faisons de 2024 une ann\u00e9e o\u00f9\u00a0<b>la solidarit\u00e9 l&#8217;emporte sur toutes les difficult\u00e9s<\/b>. Nous vous remercions chaleureusement pour votre soutien.<\/p>\n<p dir=\"ltr\">Bien \u00e0 vous,<\/p>\n<p dir=\"ltr\">Laura, Lucille et Younes, coordinateur\u00b7rices d&#8217;Utopia 56 Lille<\/p>\n<p>Contact : lille@utopia56.org<\/p>\n","protected":false},"excerpt":{"rendered":"<p>Cher\u00b7es partenaires, entreprises engag\u00e9es, citoyens et citoyennes solidaires, En cette  [&#8230;]<\/p>\n","protected":false},"author":1,"featured_media":16408,"comment_status":"closed","ping_status":"open","sticky":false,"template":"","format":"standard","meta":{"footnotes":""},"categories":[13,32],"tags":[],"class_list":["post-16407","post","type-post","status-publish","format-standard","has-post-thumbnail","hentry","category-lille","category-recherche-de-lieu"],"_links":{"self":[{"href":"http:\/\/test.utopia56.org\/index.php\/wp-json\/wp\/v2\/posts\/16407","targetHints":{"allow":["GET"]}}],"collection":[{"href":"http:\/\/test.utopia56.org\/index.php\/wp-json\/wp\/v2\/posts"}],"about":[{"href":"http:\/\/test.utopia56.org\/index.php\/wp-json\/wp\/v2\/types\/post"}],"author":[{"embeddable":true,"href":"http:\/\/test.utopia56.org\/index.php\/wp-json\/wp\/v2\/users\/1"}],"replies":[{"embeddable":true,"href":"http:\/\/test.utopia56.org\/index.php\/wp-json\/wp\/v2\/comments?post=16407"}],"version-history":[{"count":0,"href":"http:\/\/test.utopia56.org\/index.php\/wp-json\/wp\/v2\/posts\/16407\/revisions"}],"wp:featuredmedia":[{"embeddable":true,"href":"http:\/\/test.utopia56.org\/index.php\/wp-json\/"}],"wp:attachment":[{"href":"http:\/\/test.utopia56.org\/index.php\/wp-json\/wp\/v2\/media?parent=16407"}],"wp:term":[{"taxonomy":"category","embeddable":true,"href":"http:\/\/test.utopia56.org\/index.php\/wp-json\/wp\/v2\/categories?post=16407"},{"taxonomy":"post_tag","embeddable":true,"href":"http:\/\/test.utopia56.org\/index.php\/wp-json\/wp\/v2\/tags?post=16407"}],"curies":[{"name":"wp","href":"https:\/\/api.w.org\/{rel}","templated":true}]}}