{"id":15393,"date":"2023-12-21T19:30:49","date_gmt":"2023-12-21T18:30:49","guid":{"rendered":"https:\/\/utopia56.org\/?p=15393"},"modified":"2023-12-21T19:30:49","modified_gmt":"2023-12-21T18:30:49","slug":"nous-syndicats-associations-appelons-a-ne-pas-promulguer-la-loi-immigration-et-a-continuer-la-mobilisation","status":"publish","type":"post","link":"http:\/\/test.utopia56.org\/index.php\/2023\/12\/21\/nous-syndicats-associations-appelons-a-ne-pas-promulguer-la-loi-immigration-et-a-continuer-la-mobilisation\/","title":{"rendered":"NOUS, SYNDICATS, ASSOCIATIONS, APPELONS \u00c0 NE PAS PROMULGUER LA LOI IMMIGRATION ET \u00c0 CONTINUER LA MOBILISATION"},"content":{"rendered":"<p class=\"simple-text\">Nous, associations, syndicats, membres de la soci\u00e9t\u00e9 civile, nous sommes r\u00e9uni\u00b7es mercredi 20 d\u00e9cembre au lendemain du vote de la loi pour \u201ccontr\u00f4ler l&#8217;immigration, am\u00e9liorer l&#8217;int\u00e9gration\u201d face au point de bascule qu\u2019elle constitue pour nos principes r\u00e9publicains comme pour la vie des personnes \u00e9trang\u00e8res et de l\u2019ensemble des habitants de notre pays, salari\u00e9\u00b7es, travailleuses et travailleurs sociaux, agent\u00b7es du service public, b\u00e9n\u00e9voles, universit\u00e9s et entreprises qui seraient confront\u00e9\u00b7es aux d\u00e9sordres provoqu\u00e9s par cette loi.<\/p>\n<section class=\"advanced-content\">Rassembl\u00e9\u00b7es par nos valeurs communes de solidarit\u00e9, de fraternit\u00e9 et d\u2019\u00e9galit\u00e9, nous ne pouvons accepter de voir le gouvernement et le Pr\u00e9sident de la R\u00e9publique endosser une part cons\u00e9quente<strong>\u00a0du programme historique de l\u2019extr\u00eame-droite<\/strong>\u00a0: pr\u00e9f\u00e9rence nationale, remise en cause du droit du sol, d\u00e9ch\u00e9ance de nationalit\u00e9, criminalisation des personnes sans-papiers, limitations du droit \u00e0 vivre en famille\u2026 Nous sommes constern\u00e9\u00b7es qu\u2019une id\u00e9ologie funeste l\u2019ait emport\u00e9 sur les faits, que les fantasmes aient triomph\u00e9 sur la r\u00e9alit\u00e9 des dynamiques migratoires.Alors que notre pays est travers\u00e9 de multiples fractures, nous d\u00e9non\u00e7ons un texte qui tourne le dos aux forces de la soci\u00e9t\u00e9 et va remettre en cause<strong>\u00a0la garantie de droits fondamentaux et les libert\u00e9s publiques<\/strong>, appauvrir des personnes d\u00e9j\u00e0 vuln\u00e9rables, en les privant notamment d\u2019aides au logement, \u00e0 l\u2019autonomie ou d\u2019allocations familiales, remettre en question l\u2019inconditionnalit\u00e9 de l\u2019h\u00e9bergement d\u2019urgence, durcir l\u2019acc\u00e8s aux titres de s\u00e9jour, refuser un cadre clair de r\u00e9gularisation des travailleurs et travailleuses sans papiers et qui contribuera \u00e0 stigmatiser davantage toute personnes d\u2019origine immigr\u00e9e et toute personne \u00e9trang\u00e8re.<\/p>\n<p>Nous ne sommes pas dupes des discours qui n\u2019assument pas la r\u00e9alit\u00e9 du contenu de cette loi et qui visent \u00e0 en maquiller les cons\u00e9quences pour les \u00e9trangers en France, mais aussi pour toute la population.<\/p>\n<p>C\u2019est bien un tournant que conna\u00eet notre R\u00e9publique depuis mardi 19 d\u00e9cembre au soir. Mais le Pr\u00e9sident de la R\u00e9publique a encore, entre ses mains, la capacit\u00e9 d\u2019interrompre cette marche funeste. C\u2019est pourquoi nous lui demandons solennellement de prendre\u00a0<strong>la mesure de l\u2019ampleur du d\u00e9sordre et de la crise sociale et d\u00e9mocratique<\/strong>\u00a0que cette loi viendrait aggraver et de surseoir \u00e0 sa promulgation.<\/p>\n<p><strong>Nous sommes et resterons d\u00e9termin\u00e9s \u00e0 d\u00e9fendre un autre mod\u00e8le de soci\u00e9t\u00e9, loin du rejet et de la haine de l\u2019autre.<\/strong>\u00a0Nous entendons poursuivre cette mobilisation avec toutes les forces de la soci\u00e9t\u00e9 qui s\u2019expriment d\u2019ores et d\u00e9j\u00e0 dans les collectivit\u00e9s locales, les universit\u00e9s, les entreprises et dans toute la soci\u00e9t\u00e9 civile.<\/p>\n<p>Nous nous retrouverons \u00e0 nouveau d\u00e8s la rentr\u00e9e, le 11 janvier, pour poursuivre cette dynamique de rassemblement, demander au Pr\u00e9sident de la R\u00e9publique de surseoir \u00e0 la promulgation de la loi, intensifier et \u00e9largir la mobilisation contre ce texte et son id\u00e9ologie.<\/p>\n<h3><span class=\"highlighting\"><br \/>\nSIGNATURES<\/span><\/h3>\n<p>ATTAC<br \/>\nAnaf\u00e9<br \/>\nANVITA<br \/>\nBiblioth\u00e8ques Sans Fronti\u00e8res<br \/>\nCEMEA France<br \/>\nCimade<br \/>\nCFDT<br \/>\nCGT<br \/>\nCNAJEP<br \/>\nDroits d\u2019urgence<br \/>\nEmma\u00fcs France<br \/>\nEmma\u00fcs Solidarit\u00e9<br \/>\nF\u00e9d\u00e9ration des Acteurs de la Solidarit\u00e9<br \/>\nF\u00e9d\u00e9ration de l\u2019entraide protestante<br \/>\nFemmes de la Terre<br \/>\nFemmes Egalit\u00e9<br \/>\nFondation Abb\u00e9 Pierre<br \/>\nFrance Terre d\u2019Asile<br \/>\nFutbol Mas France<br \/>\nFSU<br \/>\nGroupe Accueil et Solidarit\u00e9<br \/>\nJRS France<br \/>\nLigue des Droits de l\u2019Homme<br \/>\nLigue de l\u2019Enseignement<br \/>\nMADERA<br \/>\nM\u00e9decins du Monde<br \/>\nMRAP<br \/>\nObservatoire international des prisons<br \/>\nOxfam France<br \/>\nPantin solidaire<br \/>\nParis d\u2019Exil<br \/>\nPolaris 14<br \/>\nSamu Social de Paris<br \/>\nSecours Catholique<br \/>\nSINGA<br \/>\nSolidarit\u00e9 La\u00efque<br \/>\nSolidaires<br \/>\nSolidarit\u00e9s Asie France<br \/>\nSOS Racisme<br \/>\nThot<br \/>\nUnion des Etudiants Exil\u00e9s<br \/>\nUNIR \u2013 Universit\u00e9s &amp; R\u00e9fugi\u00e9.e.s<br \/>\nUNSA<br \/>\nUtopia 56<br \/>\nUNIOPSS<\/p>\n<\/section>\n<div class=\"ct ct--social-network-share\" data-component=\"social-network-share\">\n<ul class=\"ct--social-network-share__list\">\n<li class=\"ct--social-network-share__item\"><\/li>\n<\/ul>\n<\/div>\n","protected":false},"excerpt":{"rendered":"<p>Nous, associations, syndicats, membres de la soci\u00e9t\u00e9 civile, nous sommes  [&#8230;]<\/p>\n","protected":false},"author":1,"featured_media":15396,"comment_status":"closed","ping_status":"open","sticky":false,"template":"","format":"standard","meta":{"footnotes":""},"categories":[6,27],"tags":[],"class_list":["post-15393","post","type-post","status-publish","format-standard","has-post-thumbnail","hentry","category-communique","category-loi-asile-immigration"],"_links":{"self":[{"href":"http:\/\/test.utopia56.org\/index.php\/wp-json\/wp\/v2\/posts\/15393","targetHints":{"allow":["GET"]}}],"collection":[{"href":"http:\/\/test.utopia56.org\/index.php\/wp-json\/wp\/v2\/posts"}],"about":[{"href":"http:\/\/test.utopia56.org\/index.php\/wp-json\/wp\/v2\/types\/post"}],"author":[{"embeddable":true,"href":"http:\/\/test.utopia56.org\/index.php\/wp-json\/wp\/v2\/users\/1"}],"replies":[{"embeddable":true,"href":"http:\/\/test.utopia56.org\/index.php\/wp-json\/wp\/v2\/comments?post=15393"}],"version-history":[{"count":0,"href":"http:\/\/test.utopia56.org\/index.php\/wp-json\/wp\/v2\/posts\/15393\/revisions"}],"wp:featuredmedia":[{"embeddable":true,"href":"http:\/\/test.utopia56.org\/index.php\/wp-json\/"}],"wp:attachment":[{"href":"http:\/\/test.utopia56.org\/index.php\/wp-json\/wp\/v2\/media?parent=15393"}],"wp:term":[{"taxonomy":"category","embeddable":true,"href":"http:\/\/test.utopia56.org\/index.php\/wp-json\/wp\/v2\/categories?post=15393"},{"taxonomy":"post_tag","embeddable":true,"href":"http:\/\/test.utopia56.org\/index.php\/wp-json\/wp\/v2\/tags?post=15393"}],"curies":[{"name":"wp","href":"https:\/\/api.w.org\/{rel}","templated":true}]}}