{"id":14682,"date":"2023-12-14T17:39:05","date_gmt":"2023-12-14T16:39:05","guid":{"rendered":"https:\/\/utopia56.org\/?p=14682"},"modified":"2023-12-14T17:39:05","modified_gmt":"2023-12-14T16:39:05","slug":"plus-de-300-enfants-pousses-a-la-rue-par-la-prefecture-de-toulouse","status":"publish","type":"post","link":"http:\/\/test.utopia56.org\/index.php\/2023\/12\/14\/plus-de-300-enfants-pousses-a-la-rue-par-la-prefecture-de-toulouse\/","title":{"rendered":"Plus de 300 enfants pouss\u00e9s \u00e0 la rue par la pr\u00e9fecture de Toulouse"},"content":{"rendered":"<p><span style=\"font-weight: 400;\">\u00c0 Toulouse, plusieurs associations (FAS Occitanie, FNSF, MDM, Secours catholique Caritas France, Fondation Abb\u00e9 Pierre et le DAL 31) dont Utopia 56, repr\u00e9sent\u00e9es par Ma\u00eetre Laspalles, ont d\u00e9pos\u00e9 une requ\u00eate aupr\u00e8s du Tribunal administratif. <\/span><span style=\"font-weight: 400;\"><br \/>\n<\/span><span style=\"font-weight: 400;\"><br \/>\n<\/span><span style=\"font-weight: 400;\">Cette requ\u00eate demandait :\u00a0<\/span><\/p>\n<ul>\n<li style=\"font-weight: 400;\" aria-level=\"1\"><span style=\"font-weight: 400;\">\u201c<\/span><i><span style=\"font-weight: 400;\">La suspension de l\u2019ex\u00e9cution de la d\u00e9cision du pr\u00e9fet de la Haute-Garonne cr\u00e9ant un nouveau r\u00e9gime juridique de la sortie d\u2019h\u00e9bergement d\u2019urgence en h\u00f4tel, fond\u00e9 sur la dur\u00e9e de prise en charge, la vuln\u00e9rabilit\u00e9 des personnes et sur leur situation administrative<\/span><\/i><span style=\"font-weight: 400;\">\u201d.\u00a0<\/span><\/li>\n<\/ul>\n<p><span style=\"font-weight: 400;\">En effet, depuis mai 2023, 311 m\u00e9nages, soit 944 personnes dont 439 enfants, ont re\u00e7u une lettre de fin de prise en charge \u00e0 l\u2019h\u00f4tel. Parmi elles, 658 personnes dont 311 enfants ont \u00e9t\u00e9 remis.e.s \u00e0 la rue sans solutions. Ces d\u00e9cisions de fin de prise en charge ont \u00e9t\u00e9 prises par la Pr\u00e9fecture de Haute-Garonne sans clarification des crit\u00e8res motivant ces d\u00e9cisions.\u00a0<\/span><\/p>\n<p><span style=\"font-weight: 400;\">Depuis mai, nos \u00e9quipes vont sur le terrain en maraudes d\u2019urgence \u00e0 la rencontre de ces familles. Lors de ces maraudes, nous avons pu constater les effets d\u00e9sastreux de ces violentes d\u00e9cisions administratives sur la sant\u00e9 mentale et physique de ces personnes.<\/span><\/p>\n<p><span style=\"font-weight: 400;\">Cet \u00e9t\u00e9, un collectif de famille a d\u00e9cid\u00e9 de faire une action de mobilisation en installant un campement dans le parc de Saint Sernin. Cette action \u00e9tait soutenue par M\u00e9decins du monde, le DAL 31 et Utopia 56. Tr\u00e8s vite expuls\u00e9s par les forces de l\u2019ordre, nous avons cependant pu rencontrer des repr\u00e9sentants de la pr\u00e9fecture, ult\u00e9rieurement. Leur discours :\u00a0 \u201cnous devons fluidifier l&#8217;h\u00e9bergement d\u2019urgence h\u00f4telier, nous avons une obligation de moyen et donc nous ne pouvons pas h\u00e9berger tout le monde\u201d.\u00a0<\/span><\/p>\n<p><span style=\"font-weight: 400;\">Aucune solution n\u2019a \u00e9t\u00e9 propos\u00e9e suite \u00e0 cet entretien et les remises \u00e0 la rue ont continu\u00e9.\u00a0<\/span><\/p>\n<p><span style=\"font-weight: 400;\">C\u2019est pourquoi nous avons d\u00e9pos\u00e9 <\/span><b>cette requ\u00eate le 4 octobre<\/b><span style=\"font-weight: 400;\">.\u00a0<\/span><\/p>\n<p><span style=\"font-weight: 400;\">Cependant, lors de l\u2019audience, nous avons retrouv\u00e9 le m\u00eame discours. Encore mieux, Madame la sous-pr\u00e9f\u00e8te a, sans \u00e9quivoque possible, prononc\u00e9 cette phrase : \u201cCes personnes n\u2019ont pas de solution, la seule solution, c&#8217;est qu\u2019ils rentrent chez eux\u201d.\u00a0 Les intentions de la pr\u00e9fecture sont alors tr\u00e8s claires : interdire aux personnes sans papiers d\u2019avoir acc\u00e8s \u00e0 leur droit : un h\u00e9bergement.\u00a0<\/span><\/p>\n<p><span style=\"font-weight: 400;\">Cette requ\u00eate a \u00e9t\u00e9 rejet\u00e9e par le juge du tribunal administratif. En effet, selon son jugement, le crit\u00e8re d\u2019urgence n\u2019est pas \u00e9tabli. Cette requ\u00eate ne peut donc \u00eatre jug\u00e9e en r\u00e9f\u00e9r\u00e9. Cela veut dire que le fond n\u2019a pas \u00e9t\u00e9 jug\u00e9 et donc la pr\u00e9fecture n\u2019a pas \u201cgagn\u00e9\u201d.\u00a0 Cependant, <strong>le jugement au fond peut prendre des ann\u00e9es.\u00a0<\/strong><\/span><\/p>\n<p><span style=\"font-weight: 400;\">Aujourd\u2019hui, <strong>nous voyons \u00e0 peu pr\u00e8s 10 familles vivant dans la rue par maraude.<\/strong> Il fait actuellement 6 degr\u00e9s la nuit \u00e0 Toulouse. Aucun plan hiver a \u00e9t\u00e9 annonc\u00e9 par la pr\u00e9fecture de la Haute-Garonne.\u00a0<\/span><\/p>\n<p><span style=\"font-weight: 400;\">Aujourd\u2019hui,<strong> des professeur.e.s et des parents d\u2019\u00e9l\u00e8ves se mobilisent pour r\u00e9quisitionner des \u00e9coles<\/strong> afin que les familles puissent dormir au chaud.<\/span><\/p>\n<p><span style=\"font-weight: 400;\">Depuis la rentr\u00e9e scolaire 2023-2024, plusieurs syndicats des instituteurs, dont Jamais sans Toit, et des collectifs de parents d\u2019\u00e9l\u00e8ves se sont mobilis\u00e9s pour d\u00e9noncer cette situation. Ces remises \u00e0 la rue poussent alors des enfants scolaris\u00e9s, \u00e0 la rue, sans solution. Apr\u00e8s avoir d\u00e9nonc\u00e9 cette situation insoutenable, sans r\u00e9ponse de la pr\u00e9fecture,\u00a0 les diff\u00e9rents collectifs ont r\u00e9quisitionn\u00e9 plusieurs \u00e9coles, pour y loger les familles et les enfants \u00e0 la rue.\u00a0<\/span><\/p>\n<p><span style=\"font-weight: 400;\">Il nous semble important de lier cette actualit\u00e9 au climat politique actuel. En effet, en ce moment, la loi immigration du ministre G\u00e9rald Darmanin est en train d\u2019\u00eatre vot\u00e9e. En cette nouvelle p\u00e9riode de d\u00e9bat l\u00e9gislatif sur l\u2019immigration, nous exhortons toutes et tous, \u00e0 rejeter ces m\u00e9thodes pr\u00e9fectorales, dangereuses, et\u00a0 d\u00e9shumanisantes. Qui plus est, des m\u00e9thodes prouv\u00e9es, inefficaces, pour reprendre leur vocabulaire. Ils ne cherchent qu&#8217;\u00e0 d\u00e9grader un peu plus le quotidien d\u2019enfants, de femmes, d\u2019hommes et de familles vuln\u00e9rables et pr\u00e9caires.<\/span><span style=\"font-weight: 400;\"><br \/>\n<\/span><span style=\"font-weight: 400;\"><br \/>\n<\/span><span style=\"font-weight: 400;\">Le d\u00e9bat se focalise autour d\u2019id\u00e9aux naus\u00e9abonds et profond\u00e9ment indignes de toutes valeurs r\u00e9publicaines et humaines.<\/span><\/p>\n<p><span style=\"font-weight: 400;\">N\u2019ayons pas peur des mots, la loi immigration n\u2019est pas une loi visant \u00e0 encadrer et int\u00e9grer dignement les personnes en exil, mais plut\u00f4t la cr\u00e9ation d\u2019un cadre permettant la chasse et l&#8217;errance permanente et syst\u00e9matique des personnes sans-papiers. <\/span><span style=\"font-weight: 400;\"><br \/>\n<\/span><span style=\"font-weight: 400;\"><br \/>\n<\/span><span style=\"font-weight: 400;\">On cherche \u00e0 les chasser des h\u00f4pitaux, en d\u00e9truisant l\u2019AME, ou \u00e0 d\u00e9faut en retardant son obtention. <\/span><span style=\"font-weight: 400;\">Les exclure des logements d\u2019urgence, n\u2019est qu\u2019une de ces m\u00e9thodes d&#8217;intimidation, de violences physiques et psychologiques pens\u00e9es et r\u00e9fl\u00e9chies sciemment pour nuire \u00e0 des personnes vuln\u00e9rables et esp\u00e9rer dissuader les personnes de chercher refuge en France.<\/span><\/p>\n","protected":false},"excerpt":{"rendered":"<p>\u00c0 Toulouse, plusieurs associations (FAS Occitanie, FNSF, MDM, Secours catholique  [&#8230;]<\/p>\n","protected":false},"author":1,"featured_media":14683,"comment_status":"closed","ping_status":"open","sticky":false,"template":"","format":"standard","meta":{"footnotes":""},"categories":[11],"tags":[],"class_list":["post-14682","post","type-post","status-publish","format-standard","has-post-thumbnail","hentry","category-toulouse"],"_links":{"self":[{"href":"http:\/\/test.utopia56.org\/index.php\/wp-json\/wp\/v2\/posts\/14682","targetHints":{"allow":["GET"]}}],"collection":[{"href":"http:\/\/test.utopia56.org\/index.php\/wp-json\/wp\/v2\/posts"}],"about":[{"href":"http:\/\/test.utopia56.org\/index.php\/wp-json\/wp\/v2\/types\/post"}],"author":[{"embeddable":true,"href":"http:\/\/test.utopia56.org\/index.php\/wp-json\/wp\/v2\/users\/1"}],"replies":[{"embeddable":true,"href":"http:\/\/test.utopia56.org\/index.php\/wp-json\/wp\/v2\/comments?post=14682"}],"version-history":[{"count":0,"href":"http:\/\/test.utopia56.org\/index.php\/wp-json\/wp\/v2\/posts\/14682\/revisions"}],"wp:featuredmedia":[{"embeddable":true,"href":"http:\/\/test.utopia56.org\/index.php\/wp-json\/"}],"wp:attachment":[{"href":"http:\/\/test.utopia56.org\/index.php\/wp-json\/wp\/v2\/media?parent=14682"}],"wp:term":[{"taxonomy":"category","embeddable":true,"href":"http:\/\/test.utopia56.org\/index.php\/wp-json\/wp\/v2\/categories?post=14682"},{"taxonomy":"post_tag","embeddable":true,"href":"http:\/\/test.utopia56.org\/index.php\/wp-json\/wp\/v2\/tags?post=14682"}],"curies":[{"name":"wp","href":"https:\/\/api.w.org\/{rel}","templated":true}]}}