{"id":13906,"date":"2023-11-14T15:48:23","date_gmt":"2023-11-14T14:48:23","guid":{"rendered":"https:\/\/utopia56.org\/?p=13906"},"modified":"2023-11-14T15:48:23","modified_gmt":"2023-11-14T14:48:23","slug":"projet-de-loi-asile-et-immigration-la-palme-de-linhumanite-et-de-la-deraison-revient-a-la-majorite-senatoriale","status":"publish","type":"post","link":"http:\/\/test.utopia56.org\/index.php\/2023\/11\/14\/projet-de-loi-asile-et-immigration-la-palme-de-linhumanite-et-de-la-deraison-revient-a-la-majorite-senatoriale\/","title":{"rendered":"Projet de loi asile et immigration : la palme de l\u2019inhumanit\u00e9 et de la d\u00e9raison revient \u00e0 la majorit\u00e9 s\u00e9natoriale"},"content":{"rendered":"<p>Le projet de loi \u00ab <i>Pour contr\u00f4ler l\u2019immigration, am\u00e9liorer l\u2019int\u00e9gration <\/i>\u00bb sera adopt\u00e9 en premi\u00e8re lecture par un vote solennel du S\u00e9nat ce mardi 14 novembre avant sa transmission \u00e0 l\u2019Assembl\u00e9e nationale dans les prochains jours. Alors que la majorit\u00e9 s\u00e9natoriale a consid\u00e9rablement accentu\u00e9 la gravit\u00e9 d&#8217;un texte d\u00e9j\u00e0 tr\u00e8s pr\u00e9occupant, plus de 30 associations, collectifs et syndicats appellent \u00e0 un sursaut g\u00e9n\u00e9ral des forces citoyennes et politiques pour la d\u00e9fense de l\u2019\u00c9tat de droit et de la dignit\u00e9 humaine.<\/p>\n<p>Engag\u00e9es depuis plus d\u2019un an dans le suivi de cet \u00e9ni\u00e8me projet de loi \u00ab <i>asile et immigration <\/i>\u00bb, nos organisations redoutaient fortement l\u2019examen de ce texte par le S\u00e9nat. Alors que nous avions compris depuis longtemps que ce texte n\u2019avait plus de prise avec la r\u00e9alit\u00e9 du fait migratoire et des conditions de vie des personnes exil\u00e9es dans notre pays, un nouveau pallier de la d\u00e9raison a \u00e9t\u00e9 franchi lors de l\u2019examen par le S\u00e9nat.<\/p>\n<p>La majorit\u00e9 \u00e0 la chambre haute a d\u00e9pos\u00e9 et adopt\u00e9 un grand nombre d\u2019amendements, tous plus r\u00e9pressifs les uns que les autres, tout en multipliant les outrances et propos stigmatisants \u00e0 l\u2019\u00e9gard des personnes migrantes. Aucune mesure pouvant \u00ab <i>rendre la vie impossible <\/i>\u00bb aux personnes exil\u00e9es n\u2019a \u00e9t\u00e9 \u00e9pargn\u00e9e, conform\u00e9ment aux ambitions de longue date du ministre de l&#8217;Int\u00e9rieur.<\/p>\n<p>La suppression de l\u2019aide m\u00e9dicale d\u2019Etat (AME), l&#8217;une des maigres aides sociales \u00e0 laquelle les personnes \u00ab sans-papiers \u00bb ont droit, en est bien s\u00fbr un des exemples les plus aberrants et consternants. Mais l\u2019exclusion des personnes sans titre de s\u00e9jour du droit \u00e0 l\u2019h\u00e9bergement d\u2019urgence et du droit \u00e0 la r\u00e9duction tarifaire des transports est tout aussi brutale. Bien d\u2019autres barri\u00e8res rendant plus difficiles l\u2019acc\u00e8s \u00e0 un s\u00e9jour digne dans notre pays ont \u00e9t\u00e9 m\u00e9ticuleusement \u00e9difi\u00e9es : attaques contre le droit \u00e0 la vie familiale via le regroupement, la r\u00e9unification ou les titres de s\u00e9jour pour ce motif ; contr\u00f4le accru de l\u2019immigration \u00e9tudiante ; nouveaux motifs pour refuser ou retirer un titre de s\u00e9jour ; instauration de quotas migratoires ; r\u00e9tablissement du d\u00e9lit de \u00ab s\u00e9jour irr\u00e9gulier \u00bb. M\u00eame chose pour le passage \u00e0 cinq ans de r\u00e9sidence stable et r\u00e9guli\u00e8re pour l\u2019obtention de prestations sociales, qui ne fera que freiner l\u2019insertion, en particulier des familles et des femmes.<\/p>\n<p>La droite s\u00e9natoriale, avec le soutien des centristes, a augment\u00e9 de mani\u00e8re draconienne les exigences pour acc\u00e9der au s\u00e9jour et \u00e0 la nationalit\u00e9 : niveau de ma\u00eetrise de la langue fran\u00e7aise accru, \u00abassimilation \u00e0 la communaut\u00e9 fran\u00e7aise\u00bb, respect des principes de la R\u00e9publique, limitation des renouvellements de carte de s\u00e9jour temporaire, etc. M\u00eame les arguments les plus utilitaristes, tels que les besoins de main d\u2019\u0153uvre dans les m\u00e9tiers dits en tension, n\u2019auront pas suffi \u00e0 faire flancher leurs positions.<\/p>\n<p>Leur acharnement, ainsi que celui du gouvernement, a \u00e9t\u00e9 sans pareil concernant l\u2019enfermement et l\u2019expulsion des personnes exil\u00e9es, pourtant d\u00e9j\u00e0 largement facilit\u00e9s par le projet de loi initial. L&#8217;intervention du juge des libert\u00e9s et de la d\u00e9tention a ainsi \u00e9t\u00e9 recul\u00e9e de deux \u00e0 quatre jours en r\u00e9tention, permettant d\u00e8s lors l\u2019expulsion de personnes sans une d\u00e9cision judiciaire sur la l\u00e9galit\u00e9 d<s>e<\/s> l&#8217;interpellation et le respect des droits. Le texte a sanctuaris\u00e9 &#8220;la double peine&#8221;, poursuivi le travail de mise \u00e0 mal des cat\u00e9gories prot\u00e9g\u00e9es contre les mesures d&#8217;expulsion et est m\u00eame all\u00e9 jusqu&#8217;\u00e0 mettre fin aux protections contre les obligations de quitter le territoire fran\u00e7ais.\u00a0Les\u00a0demandeurs d\u2019asile pourront eux aussi se retrouver en r\u00e9tention avant l\u2019enregistrement de leur demande selon ce texte.<i>\u00a0<\/i><\/p>\n<p>Malgr\u00e9 une minorit\u00e9 parlementaire soucieuse du respect de la dignit\u00e9 des personnes exil\u00e9es dans notre pays, l\u2019examen du S\u00e9nat a fait sauter des digues que nous pensions jusque-l\u00e0 infranchissables. Loin d\u2019emp\u00eacher ce d\u00e9fouloir r\u00e9pressif, le gouvernement l\u2019a tant\u00f4t encourag\u00e9 en d\u00e9posant lui-m\u00eame certains amendements d\u00e9shumanisants, tant\u00f4t laiss\u00e9 faire par des mal-nomm\u00e9s avis de \u00ab <i>sagesse <\/i>\u00bb qui ont permis un d\u00e9ferlement de restrictions des droits existants.<\/p>\n<p>Nos associations, collectifs et syndicats ne peuvent se r\u00e9soudre \u00e0 ce qu\u2019une partie de la repr\u00e9sentation nationale se pr\u00eate \u00e0 un acharnement aussi d\u00e9raisonn\u00e9 que dangereux pour les personnes exil\u00e9es. Face aux fantasmes auxquels une majorit\u00e9 de s\u00e9nateurs et s\u00e9natrices a donn\u00e9 libre cours, nous appelons les citoyens et citoyennes \u00e0 se mobiliser et les d\u00e9put\u00e9\u00b7es \u00e0 un sursaut de lucidit\u00e9 pour que le seul cap \u00e0 tenir soit celui de l\u2019humanit\u00e9, de la dignit\u00e9 et de l\u2019\u00e9galit\u00e9 des droits.<\/p>\n<p><a href=\"https:\/\/utopia56.org\/wp-content\/uploads\/2023\/11\/Banniere-logos-propre-compact.png\"><img decoding=\"async\" class=\"alignnone size-full wp-image-13740\" src=\"https:\/\/utopia56.org\/wp-content\/uploads\/2023\/11\/Banniere-logos-propre-compact.png\" alt=\"\" width=\"1889\" height=\"934\" \/><\/a><\/p>\n","protected":false},"excerpt":{"rendered":"<p>Le projet de loi \u00ab Pour contr\u00f4ler l\u2019immigration, am\u00e9liorer l\u2019int\u00e9gration  [&#8230;]<\/p>\n","protected":false},"author":1,"featured_media":13740,"comment_status":"closed","ping_status":"open","sticky":false,"template":"","format":"standard","meta":{"footnotes":""},"categories":[6,27],"tags":[],"class_list":["post-13906","post","type-post","status-publish","format-standard","has-post-thumbnail","hentry","category-communique","category-loi-asile-immigration"],"_links":{"self":[{"href":"http:\/\/test.utopia56.org\/index.php\/wp-json\/wp\/v2\/posts\/13906","targetHints":{"allow":["GET"]}}],"collection":[{"href":"http:\/\/test.utopia56.org\/index.php\/wp-json\/wp\/v2\/posts"}],"about":[{"href":"http:\/\/test.utopia56.org\/index.php\/wp-json\/wp\/v2\/types\/post"}],"author":[{"embeddable":true,"href":"http:\/\/test.utopia56.org\/index.php\/wp-json\/wp\/v2\/users\/1"}],"replies":[{"embeddable":true,"href":"http:\/\/test.utopia56.org\/index.php\/wp-json\/wp\/v2\/comments?post=13906"}],"version-history":[{"count":0,"href":"http:\/\/test.utopia56.org\/index.php\/wp-json\/wp\/v2\/posts\/13906\/revisions"}],"wp:featuredmedia":[{"embeddable":true,"href":"http:\/\/test.utopia56.org\/index.php\/wp-json\/"}],"wp:attachment":[{"href":"http:\/\/test.utopia56.org\/index.php\/wp-json\/wp\/v2\/media?parent=13906"}],"wp:term":[{"taxonomy":"category","embeddable":true,"href":"http:\/\/test.utopia56.org\/index.php\/wp-json\/wp\/v2\/categories?post=13906"},{"taxonomy":"post_tag","embeddable":true,"href":"http:\/\/test.utopia56.org\/index.php\/wp-json\/wp\/v2\/tags?post=13906"}],"curies":[{"name":"wp","href":"https:\/\/api.w.org\/{rel}","templated":true}]}}