{"id":13852,"date":"2023-11-12T09:46:30","date_gmt":"2023-11-12T08:46:30","guid":{"rendered":"https:\/\/utopia56.org\/?p=13852"},"modified":"2023-11-12T09:46:30","modified_gmt":"2023-11-12T08:46:30","slug":"mon-kwatta-de-douala-a-la-bastille","status":"publish","type":"post","link":"http:\/\/test.utopia56.org\/index.php\/2023\/11\/12\/mon-kwatta-de-douala-a-la-bastille\/","title":{"rendered":"&#8220;Mon Kwatta&#8221; &#8211; De Douala \u00e0 La Bastille"},"content":{"rendered":"<div><span class=\"OYPEnA text-decoration-none text-strikethrough-none\">Ce grand sourire au premier plan, c\u2019est Adam, 17 ans. Il vient de remporter le Grand Prix du concours \u00ab Filme ton quartier \u00bb organis\u00e9 par France T\u00e9l\u00e9vision gr\u00e2ce \u00e0 son court m\u00e9trage intitul\u00e9 &#8220;Mon Kwatta&#8221;.<\/span><\/div>\n<div><\/div>\n<div><iframe title=\"YouTube video player\" src=\"https:\/\/www.youtube.com\/embed\/5XDoZqD8DpA?si=rYprjjhtEbN_SujP\" width=\"560\" height=\"315\" frameborder=\"0\" allowfullscreen=\"allowfullscreen\"><\/iframe><\/div>\n<div><\/div>\n<div><span class=\"OYPEnA text-decoration-none text-strikethrough-none\">Adam fait partie de ces milliers d\u2019ados qui chaque ann\u00e9e d\u00e9cident de quitter leur famille, leur maison, leur quartier pour esp\u00e9rer se construire un avenir.\u00a0<\/span>\u00c0 travers sa musique et ses images, il nous raconte sa vie d\u2019avant, son quotidien et les r\u00eaves pour demain.<\/div>\n<div><\/div>\n<div>\n<div><span class=\"OYPEnA text-decoration-none text-strikethrough-none\">Au quartier, Adam traine le plus souvent, il suit les plus grands et fait ce qu\u2019on lui demande. Dans cet espace, il n\u2019y a ni r\u00eave ni ambition, on survit la col\u00e8re au ventre. <strong>\u00c0 14 ans, il d\u00e9cide de prendre la fuite.<\/strong><\/span><\/div>\n<div><\/div>\n<div>\n<div>Adam arrive \u00e0 Paris en juin 2022. Comme les autres, le service d\u2019\u00e9valuation refuse de reconnaitre sa minorit\u00e9 : <em>\u00ab votre posture et votre maturit\u00e9 ne correspondent pas \u00e0 l\u2019\u00e2ge que vous avancez \u00bb.<\/em><\/div>\n<div><\/div>\n<div>Adam se retrouver \u00e0 la rue et rejoint notre mobilisation place de la Bastille o\u00f9 il commence \u00e0 \u00ab passer au s\u00e9rieux \u00bb et \u00e0 \u00e9crire ses premiers textes. Petit \u00e0 petit, la col\u00e8re disparait.<\/div>\n<div><\/div>\n<div>Bless\u00e9 aux jambes pendant son parcours et oblig\u00e9 de se d\u00e9placer en b\u00e9quille, Adam int\u00e8gre notre maison de Sevran en partenariat avec M\u00e9decins Sans Fronti\u00e8re.\u00a0Le 10 d\u00e9cembre 2022, <strong>Adam est finalement reconnu mineur par le juge des enfants.<\/strong><\/div>\n<div><\/div>\n<\/div>\n<\/div>\n<div>\n<div>Adam suit un Bac Pro m\u00e9canique et vit maintenant en collocation dans un petit appartement du 19\u1d49 arrondissement de Paris.<\/div>\n<div><\/div>\n<div><em>\u201cAvec la musique, je la fais d&#8217;abord pour me sentir bien. Mais j\u2019ai aussi envie de faire passer des messages, de raconter la triste r\u00e9alit\u00e9 v\u00e9cue par les mineurs isol\u00e9s, mais pas seulement. Quand j\u2019aurai fini ma formation et que j\u2019aurai des papiers, j\u2019aimerais voyager et voir comment les gens vivent dans les autres pays. J\u2019aimerais ramener un plus dans la soci\u00e9t\u00e9.\u201d<\/em><\/div>\n<div><\/div>\n<div><strong>L\u2019histoire d\u2019Adam, c\u2019est la sienne, mais c\u2019est aussi l\u2019histoire de tous.<\/strong><\/div>\n<div><\/div>\n<div>En 2023, les \u00e9quipes d&#8217;Utopia 56 partout en France ont d\u00e9j\u00e0 rencontr\u00e9 plus de 3 000 jeunes.<\/div>\n<\/div>\n","protected":false},"excerpt":{"rendered":"<p>Ce grand sourire au premier plan, c\u2019est Adam, 17 ans.  [&#8230;]<\/p>\n","protected":false},"author":1,"featured_media":13853,"comment_status":"closed","ping_status":"open","sticky":false,"template":"","format":"standard","meta":{"footnotes":""},"categories":[20],"tags":[],"class_list":["post-13852","post","type-post","status-publish","format-standard","has-post-thumbnail","hentry","category-temoignage"],"_links":{"self":[{"href":"http:\/\/test.utopia56.org\/index.php\/wp-json\/wp\/v2\/posts\/13852","targetHints":{"allow":["GET"]}}],"collection":[{"href":"http:\/\/test.utopia56.org\/index.php\/wp-json\/wp\/v2\/posts"}],"about":[{"href":"http:\/\/test.utopia56.org\/index.php\/wp-json\/wp\/v2\/types\/post"}],"author":[{"embeddable":true,"href":"http:\/\/test.utopia56.org\/index.php\/wp-json\/wp\/v2\/users\/1"}],"replies":[{"embeddable":true,"href":"http:\/\/test.utopia56.org\/index.php\/wp-json\/wp\/v2\/comments?post=13852"}],"version-history":[{"count":0,"href":"http:\/\/test.utopia56.org\/index.php\/wp-json\/wp\/v2\/posts\/13852\/revisions"}],"wp:featuredmedia":[{"embeddable":true,"href":"http:\/\/test.utopia56.org\/index.php\/wp-json\/"}],"wp:attachment":[{"href":"http:\/\/test.utopia56.org\/index.php\/wp-json\/wp\/v2\/media?parent=13852"}],"wp:term":[{"taxonomy":"category","embeddable":true,"href":"http:\/\/test.utopia56.org\/index.php\/wp-json\/wp\/v2\/categories?post=13852"},{"taxonomy":"post_tag","embeddable":true,"href":"http:\/\/test.utopia56.org\/index.php\/wp-json\/wp\/v2\/tags?post=13852"}],"curies":[{"name":"wp","href":"https:\/\/api.w.org\/{rel}","templated":true}]}}