{"id":12778,"date":"2023-09-06T17:50:06","date_gmt":"2023-09-06T15:50:06","guid":{"rendered":"https:\/\/utopia56.org\/?p=12778"},"modified":"2023-09-06T17:50:06","modified_gmt":"2023-09-06T15:50:06","slug":"assemblee-generale-utopia-56-le-21-septembre-2023","status":"publish","type":"post","link":"http:\/\/test.utopia56.org\/index.php\/2023\/09\/06\/assemblee-generale-utopia-56-le-21-septembre-2023\/","title":{"rendered":"Assembl\u00e9e g\u00e9n\u00e9rale Utopia 56 le 21 septembre 2023"},"content":{"rendered":"<div class=\"fusion-fullwidth fullwidth-box fusion-builder-row-1 fusion-flex-container nonhundred-percent-fullwidth non-hundred-percent-height-scrolling\" style=\"--awb-border-radius-top-left:0px;--awb-border-radius-top-right:0px;--awb-border-radius-bottom-right:0px;--awb-border-radius-bottom-left:0px;--awb-flex-wrap:wrap;\" ><div class=\"fusion-builder-row fusion-row fusion-flex-align-items-flex-start fusion-flex-content-wrap\" style=\"max-width:1248px;margin-left: calc(-4% \/ 2 );margin-right: calc(-4% \/ 2 );\"><div class=\"fusion-layout-column fusion_builder_column fusion-builder-column-0 fusion_builder_column_1_1 1_1 fusion-flex-column\" style=\"--awb-bg-size:cover;--awb-width-large:100%;--awb-margin-top-large:0px;--awb-spacing-right-large:1.92%;--awb-margin-bottom-large:0px;--awb-spacing-left-large:1.92%;--awb-width-medium:100%;--awb-spacing-right-medium:1.92%;--awb-spacing-left-medium:1.92%;--awb-width-small:100%;--awb-spacing-right-small:1.92%;--awb-spacing-left-small:1.92%;\"><div class=\"fusion-column-wrapper fusion-flex-justify-content-flex-start fusion-content-layout-column\"><div class=\"fusion-text fusion-text-1\"><p style=\"text-align: justify;\">Cher\u00b7e ami\u00b7e de l&#8217;association Utopia 56,<\/p>\n<p style=\"text-align: justify;\">Nous avons le plaisir de vous convier \u00e0 notre assembl\u00e9e g\u00e9n\u00e9rale annuelle qui se tiendra le jeudi 21 septembre \u00e0 18h30, en visio-conf\u00e9rence. Cette r\u00e9union rev\u00eat une importance capitale pour notre association et notre vie d\u00e9mocratique, car elle nous permettra de nous rassembler inter-antennes et inter-maisons pour discuter de nos actions et de l&#8217;avenir de notre association.<\/p>\n<p style=\"text-align: justify;\"><b>Voici l&#8217;ordre du jour de cette assembl\u00e9e g\u00e9n\u00e9rale :<\/b><\/p>\n<ul>\n<li style=\"text-align: justify;\">Accueil en ligne \u00e0 partir de 18h20<\/li>\n<li style=\"text-align: justify;\">Explication des modalit\u00e9s de vote<\/li>\n<\/ul>\n<p style=\"text-align: justify;\"><b>Assembl\u00e9e g\u00e9n\u00e9rale extraordinaire (\u00e0 partir de 18h30) :<\/b><\/p>\n<ul>\n<li style=\"text-align: justify;\">Modifications des statuts (vote)<\/li>\n<\/ul>\n<p style=\"text-align: justify;\"><b>Assembl\u00e9e g\u00e9n\u00e9rale ordinaire (\u00e0 partir de 18h45) :<\/b><\/p>\n<ul>\n<li><span style=\"background-color: var(--awb-bg-color); color: var(--awb-text-color); font-family: var(--awb-text-font-family); font-size: var(--awb-font-size); font-style: var(--awb-text-font-style); font-weight: var(--awb-text-font-weight); letter-spacing: var(--awb-letter-spacing); text-align: justify; text-transform: var(--awb-text-transform);\">Validation du proc\u00e8s-verbal de la derni\u00e8re assembl\u00e9e g\u00e9n\u00e9rale (vote)<\/span><\/li>\n<li><span style=\"background-color: var(--awb-bg-color); color: var(--awb-text-color); font-family: var(--awb-text-font-family); font-size: var(--awb-font-size); font-style: var(--awb-text-font-style); font-weight: var(--awb-text-font-weight); letter-spacing: var(--awb-letter-spacing); text-align: justify; text-transform: var(--awb-text-transform);\">Pr\u00e9sentation du rapport moral et bilan d&#8217;activit\u00e9 de l\u2019association (vote)<\/span><\/li>\n<li><span style=\"background-color: var(--awb-bg-color); color: var(--awb-text-color); font-family: var(--awb-text-font-family); font-size: var(--awb-font-size); font-style: var(--awb-text-font-style); font-weight: var(--awb-text-font-weight); letter-spacing: var(--awb-letter-spacing); text-align: justify; text-transform: var(--awb-text-transform);\">Pr\u00e9sentation du rapport financier (vote)<\/span><\/li>\n<li><span style=\"background-color: var(--awb-bg-color); color: var(--awb-text-color); font-family: var(--awb-text-font-family); font-size: var(--awb-font-size); font-style: var(--awb-text-font-style); font-weight: var(--awb-text-font-weight); letter-spacing: var(--awb-letter-spacing); text-align: justify; text-transform: var(--awb-text-transform);\">Information sur la vie des antennes et pr\u00e9sentation du projet 2023\/2024<\/span><\/li>\n<li><span style=\"background-color: var(--awb-bg-color); color: var(--awb-text-color); font-family: var(--awb-text-font-family); font-size: var(--awb-font-size); font-style: var(--awb-text-font-style); font-weight: var(--awb-text-font-weight); letter-spacing: var(--awb-letter-spacing); text-align: justify; text-transform: var(--awb-text-transform);\">Pr\u00e9sentation des modifications du r\u00e8glement int\u00e9rieur \u00e0 venir<\/span><\/li>\n<li><span style=\"background-color: var(--awb-bg-color); color: var(--awb-text-color); font-family: var(--awb-text-font-family); font-size: var(--awb-font-size); font-style: var(--awb-text-font-style); font-weight: var(--awb-text-font-weight); letter-spacing: var(--awb-letter-spacing); text-align: justify; text-transform: var(--awb-text-transform);\">Pr\u00e9sentation du budget pr\u00e9visionnel<\/span><\/li>\n<li><span style=\"background-color: var(--awb-bg-color); color: var(--awb-text-color); font-family: var(--awb-text-font-family); font-size: var(--awb-font-size); font-style: var(--awb-text-font-style); font-weight: var(--awb-text-font-weight); letter-spacing: var(--awb-letter-spacing); text-align: justify; text-transform: var(--awb-text-transform);\">D\u00e9signation d\u2019un nouveau commissaire aux comptes (vote)<\/span><\/li>\n<li><span style=\"background-color: var(--awb-bg-color); color: var(--awb-text-color); font-family: var(--awb-text-font-family); font-size: var(--awb-font-size); font-style: var(--awb-text-font-style); font-weight: var(--awb-text-font-weight); letter-spacing: var(--awb-letter-spacing); text-align: justify; text-transform: var(--awb-text-transform);\">Pr\u00e9sentation et \u00e9lection des candidat\u00b7es au conseil d\u2019administration pour le tiers renouvelable (vote)<\/span><\/li>\n<li><span style=\"background-color: var(--awb-bg-color); color: var(--awb-text-color); font-family: var(--awb-text-font-family); font-size: var(--awb-font-size); font-style: var(--awb-text-font-style); font-weight: var(--awb-text-font-weight); letter-spacing: var(--awb-letter-spacing); text-align: justify; text-transform: var(--awb-text-transform);\">Questions diverses<\/span><\/li>\n<\/ul>\n<p style=\"text-align: justify;\">Il sera possible de poser des questions en ligne tout du long. Nous pr\u00e9voyons que la r\u00e9union se termine vers 21h.<\/p>\n<p style=\"text-align: justify;\">Veuillez noter que seul\u00b7es les adh\u00e9rent\u00b7es \u00e0 jour de leur cotisation pour l&#8217;ann\u00e9e 2023 auront le droit de voter.<\/p>\n<p style=\"text-align: justify;\">Pour prendre part \u00e0 l&#8217;assembl\u00e9e g\u00e9n\u00e9rale, veuillez vous inscrire en remplissant le formulaire ci-dessous. Vous recevrez ensuite un lien pour acc\u00e9der aux documents pr\u00e9paratoires. Le lien de connexion pour la visio-conf\u00e9rence vous sera envoy\u00e9 en amont de l&#8217;AG et un syst\u00e8me s\u00e9curis\u00e9 de vote en ligne sera mis en place pour faciliter le processus.<\/p>\n<p style=\"text-align: justify;\">Nous sommes impatientes de vous retrouver lors de cette assembl\u00e9e g\u00e9n\u00e9rale pour discuter, d\u00e9lib\u00e9rer et prendre des d\u00e9cisions importantes pour l&#8217;avenir de notre association.<\/p>\n<p style=\"text-align: justify;\">Bien sinc\u00e8rement,<\/p>\n<div style=\"text-align: justify;\"><span style=\"color: var(--awb-text-color); font-family: var(--awb-text-font-family); font-size: var(--awb-font-size); font-style: var(--awb-text-font-style); font-weight: var(--awb-text-font-weight); letter-spacing: var(--awb-letter-spacing); text-align: var(--awb-content-alignment); text-transform: var(--awb-text-transform); background-color: var(--awb-bg-color);\">Fanny Haddad et Loan Chau,<\/span><\/div>\n<p><span style=\"background-color: var(--awb-bg-color); color: var(--awb-text-color); font-family: var(--awb-text-font-family); font-size: var(--awb-font-size); font-style: var(--awb-text-font-style); font-weight: var(--awb-text-font-weight); letter-spacing: var(--awb-letter-spacing); text-align: var(--awb-content-alignment); text-transform: var(--awb-text-transform);\">Co-pr\u00e9sidentes de l&#8217;association Utopia 56<\/span><\/p>\n<h2 style=\"text-align: justify;\">Inscription<\/h2>\n<\/p>\n\n<h2 style=\"text-align: justify;\">Documents<\/h2>\n<p style=\"text-align: justify;\">Pour vous pr\u00e9parer \u00e0 notre prochaine assembl\u00e9e g\u00e9n\u00e9rale, nous vous encourageons \u00e0 consulter <b>les documents pr\u00e9paratoires envoy\u00e9s par e-mail suite \u00e0 votre inscription. <\/b><\/p>\n<p style=\"text-align: justify;\">Nous ne les lirons pas lors de l&#8217;assembl\u00e9e g\u00e9n\u00e9rale pour gagner du temps. Nous vous invitons donc \u00e0 prendre connaissance de ces informations afin d&#8217;\u00eatre bien pr\u00e9par\u00e9\u00b7e pour la r\u00e9union et de pouvoir participer activement aux discussions.<\/p>\n<p style=\"text-align: justify;\">Quelques documents sont par ailleurs en acc\u00e8s libre sur notre site internet, comme :<\/p>\n<ul>\n<li style=\"text-align: justify;\"><a href=\"https:\/\/utopia56.org\/wp-content\/uploads\/2023\/09\/PV-AG-2022-Vdef-1.pdf\" target=\"_blank\" rel=\"noopener noreferrer\">Le proc\u00e8s-verbal de l&#8217;assembl\u00e9e g\u00e9n\u00e9rale 2022<\/a><\/li>\n<li style=\"text-align: justify;\"><a href=\"https:\/\/utopia56.org\/sortie-de-notre-rapport-dactivite-2022\/\" target=\"_blank\" rel=\"noopener noreferrer\">Le rapport d&#8217;activit\u00e9 2022<\/a><\/li>\n<\/ul>\n<\/div><\/div><\/div><\/div><\/div>\n","protected":false},"excerpt":{"rendered":"","protected":false},"author":1,"featured_media":12808,"comment_status":"closed","ping_status":"open","sticky":false,"template":"","format":"standard","meta":{"footnotes":""},"categories":[28,12,29,14,13,16,7,10,11,9],"tags":[],"class_list":["post-12778","post","type-post","status-publish","format-standard","has-post-thumbnail","hentry","category-antenne","category-calais","category-dijon","category-grande-synthe","category-lille","category-lorient","category-paris","category-rennes","category-toulouse","category-tours"],"_links":{"self":[{"href":"http:\/\/test.utopia56.org\/index.php\/wp-json\/wp\/v2\/posts\/12778","targetHints":{"allow":["GET"]}}],"collection":[{"href":"http:\/\/test.utopia56.org\/index.php\/wp-json\/wp\/v2\/posts"}],"about":[{"href":"http:\/\/test.utopia56.org\/index.php\/wp-json\/wp\/v2\/types\/post"}],"author":[{"embeddable":true,"href":"http:\/\/test.utopia56.org\/index.php\/wp-json\/wp\/v2\/users\/1"}],"replies":[{"embeddable":true,"href":"http:\/\/test.utopia56.org\/index.php\/wp-json\/wp\/v2\/comments?post=12778"}],"version-history":[{"count":0,"href":"http:\/\/test.utopia56.org\/index.php\/wp-json\/wp\/v2\/posts\/12778\/revisions"}],"wp:featuredmedia":[{"embeddable":true,"href":"http:\/\/test.utopia56.org\/index.php\/wp-json\/"}],"wp:attachment":[{"href":"http:\/\/test.utopia56.org\/index.php\/wp-json\/wp\/v2\/media?parent=12778"}],"wp:term":[{"taxonomy":"category","embeddable":true,"href":"http:\/\/test.utopia56.org\/index.php\/wp-json\/wp\/v2\/categories?post=12778"},{"taxonomy":"post_tag","embeddable":true,"href":"http:\/\/test.utopia56.org\/index.php\/wp-json\/wp\/v2\/tags?post=12778"}],"curies":[{"name":"wp","href":"https:\/\/api.w.org\/{rel}","templated":true}]}}