{"id":12370,"date":"2023-08-03T17:11:02","date_gmt":"2023-08-03T15:11:02","guid":{"rendered":"https:\/\/utopia56.org\/?p=12370"},"modified":"2023-08-03T17:11:02","modified_gmt":"2023-08-03T15:11:02","slug":"toulouse-296-personnes-renvoyees-a-la-rue","status":"publish","type":"post","link":"http:\/\/test.utopia56.org\/index.php\/2023\/08\/03\/toulouse-296-personnes-renvoyees-a-la-rue\/","title":{"rendered":"Toulouse : 296 personnes renvoy\u00e9es \u00e0 la rue"},"content":{"rendered":"<p><strong>La pr\u00e9fecture de Haute-Garonne, soutenue par la M\u00e9tropole et la mairie de Toulouse, a entam\u00e9 ses d\u00e9marches de remise \u00e0 la rue d\u2019un grand nombre de familles, de femmes isol\u00e9es et\/ou victimes de violences, de personnes \u00e2g\u00e9es et d\u2019enfants.<\/strong><\/p>\n<p><span style=\"font-weight: 400;\">Cela fait deux semaines que les signalements se font de plus en plus nombreux, aupr\u00e8s de toutes les associations. Nous recevons beaucoup de messages d\u2019alertes concernant des personnes \u00e0 la rue dans des situations extr\u00eamement pr\u00e9occupantes et dangereuses.<\/span><\/p>\n<p>Au 27 juillet 2023, ce sont 166 m\u00e9nages, soit 371 personnes, dont 136 enfants qui ont re\u00e7u une lettre de fin de prise en charge de l&#8217;h\u00f4tel. Parmi ces personnes, <strong>296 ont \u00e9t\u00e9 remises \u00e0 la rue, dont 131 enfants &#8211; sans aucune autre proposition de solution.\u00a0<\/strong><\/p>\n<p><span style=\"font-weight: 400;\">Parmi eux, il y a des femmes enceintes de sept mois et plus, des nourrissons de moins d\u2019un an, des personnes \u00e2g\u00e9es malades et en cours de traitement, des femmes victimes de violences et des familles enti\u00e8res. Cette liste non exhaustive t\u00e9moigne de la violence des choix de la Pr\u00e9fecture de Haute-Garonne.<\/span><\/p>\n<p>&nbsp;<\/p>\n<p><strong>Cette m\u00eame pr\u00e9fecture pr\u00e9f\u00e8re bafouer le droit fran\u00e7ais, europ\u00e9en et international, plut\u00f4t que de prendre ses responsabilit\u00e9s politiques et d\u2019assumer la n\u00e9cessit\u00e9 d\u2019une politique sociale d\u2019accueil d\u00e9cente, inclusive et humaine. Ces services sont cens\u00e9s garantir le minimum de s\u00e9curit\u00e9 et de dignit\u00e9 pour les personnes.<\/strong><\/p>\n<p><span style=\"font-weight: 400;\">Elle aurait d\u00fb s\u2019appuyer sur les articles L345-2-2 et L345-2-3 du Code de l\u2019Action Sociale et des Familles, qui disposent de l\u2019inconditionnalite\u0301 et de la continuite\u0301 de la prise en charge. Il n&#8217;y a aucune limite de se\u0301jour sans solution propos\u00e9e. Toute autre orientation adapte\u0301e a\u0300 la situation de la personne doit e\u0302tre privil\u00e9gi\u00e9e a\u0300 l\u2019accueil en h\u00f4tel, cependant, ici \u00e0 Toulouse, aucun autre type de logement n\u2019est mis \u00e0 disposition.<\/span><\/p>\n<p><span style=\"font-weight: 400;\">Nous souhaitons aussi rappeler que l&#8217;\u00c9tat fran\u00e7ais est signataire de la Convention Internationale des Droits de l\u2019Enfant (CIDE) depuis bient\u00f4t 33 ans. Aujourd\u2019hui, \u00e0 Toulouse, la pr\u00e9fecture et la mairie bafouent l\u2019Article 2, alin\u00e9a 1 et 2\u202f; l\u2019Article 3, alin\u00e9a 1,2 et 3 ; l\u2019Article 27, alin\u00e9a 1 et 3 ; et l\u2019article 28, alin\u00e9a 1c. Ces articles engagent la responsabilit\u00e9 de l\u2019\u00c9tat, dans la pr\u00e9servation et l&#8217;entretien du droit sup\u00e9rieur de l\u2019enfant \u00e0 vivre d\u00e9cemment et \u00e0 son d\u00e9veloppement en toute s\u00e9curit\u00e9.\u00a0<\/span><\/p>\n<p><span style=\"font-weight: 400;\">Enfin, nous aimerions rappeler les diff\u00e9rents engagements politiques prononc\u00e9s, entre autres, par le Pr\u00e9sident de la R\u00e9publique, Emmanuel Macron et l\u2019ancien Ministre d\u00e9l\u00e9gu\u00e9 de la Ville et du Logement, Olivier Klein :\u00a0<\/span><\/p>\n<ul>\n<li style=\"font-weight: 400;\" aria-level=\"1\"><span style=\"font-weight: 400;\">\u201c<em>Je ne veux plus, d&#8217;ici \u00e0 la fin de l\u2019anne\u0301e, avoir des femmes et des hommes dans les rues, dans les bois. Je veux partout des h\u00e9bergements d\u2019urgence<\/em>\u201d\u202f; \u201c<em>La premi\u00e8re bataille, c&#8217;est de loger tout le monde dignement<\/em>\u201d ; Emmanuel Macron, 27\/07\/2017, Orl\u00e9ans.<\/span><\/li>\n<li style=\"font-weight: 400;\" aria-level=\"1\"><span style=\"font-weight: 400;\">\u201c<em>Un enfant qui dort \u00e0 la rue avec sa famille, c&#8217;est insupportable [&#8230;]. J\u2019ai demand\u00e9 aux pr\u00e9fets d\u2019e\u0302tre extr\u00eamement attentifs aux appels au 115, aux familles\u2026<\/em> \u201d Olivier Klein, RTL Matin, 17\/11\/2022.\u00a0<\/span><\/li>\n<\/ul>\n<p><span style=\"font-weight: 400;\">Qu\u2019en est-il de toutes ces d\u00e9clarations ?\u00a0<\/span><\/p>\n<p>&nbsp;<\/p>\n<p><strong>Certaines familles se sont mont\u00e9es en collectif afin d&#8217;essayer d\u2019obtenir des r\u00e9ponses et des solutions de la part de la pr\u00e9fecture. Ce collectif avait ainsi d\u00e9cid\u00e9 d\u2019une premi\u00e8re action : installer un campement dans le parc de la Basilique Saint Sernin. Nous les avons accompagn\u00e9es dans cette d\u00e9marche autant que possible, et continuons \u00e0 le faire aujourd\u2019hui encore.<\/strong><\/p>\n<p><span style=\"font-weight: 400;\">Moins de 24h apr\u00e8s l\u2019installation, la police a encercl\u00e9 le parc et interdit toute entr\u00e9e dans celui-ci. Apr\u00e8s de vaines n\u00e9gociations, les ordres de la pr\u00e9fecture sont tomb\u00e9s : \u201cVous partez tous ou on contr\u00f4le et on arr\u00eate les gens\u201d. De nouveau, aucune solution n\u2019a \u00e9t\u00e9 propos\u00e9e pour pallier l\u2019urgence de la situation.<\/span><\/p>\n<p><span style=\"font-weight: 400;\">Le collectif, \u00e0 d\u00e9faut d\u2019avoir pu s&#8217;installer, a pu obtenir un rendez-vous avec la pr\u00e9fecture ce lundi 31\/07\/2023. Rendez-vous auquel nous avons accompagn\u00e9 le porte-parole du collectif, et durant lequel nous avons \u00e9t\u00e9 re\u00e7us par la Directrice adjointe de la DDETS, C\u00e9line De Bideran, et la d\u00e9l\u00e9gu\u00e9e du Pr\u00e9fet, <\/span><span style=\"font-weight: 400;\">No\u00e9mie Vanherse<\/span><span style=\"font-weight: 400;\">. Apr\u00e8s leur avoir expos\u00e9 les diff\u00e9rentes situations et vuln\u00e9rabilit\u00e9s, les repr\u00e9sentantes de la pr\u00e9fecture nous ont expliqu\u00e9 avoir pour objectif de vouloir fluidifier le dispositif d\u2019he\u0301bergement d\u2019urgence. Cependant, encore aujourd\u2019hui, nous avons rencontr\u00e9 une famille avec un b\u00e9b\u00e9 de deux mois en demande d\u2019asile et pourtant \u00e0 la rue.\u00a0<\/span><\/p>\n<p><span style=\"font-weight: 400;\">La pr\u00e9fecture s\u2019est cach\u00e9e derri\u00e8re son criant manque de moyens, et le dilemme entre l\u2019accueil de nouvelles familles vuln\u00e9rables \u00e0 prot\u00e9ger et les familles b\u00e9n\u00e9ficiant d\u00e9j\u00e0 de cet accueil d\u2019urgence, en attente d\u2019une solution plus p\u00e9renne.\u00a0<\/span><\/p>\n<p><strong>Pour la pr\u00e9fecture, il n\u2019est plus question de loi, ni de droit au sens le plus juridique du terme, mais bien de savoir laquelle de ces femmes victimes de violence m\u00e9rite le plus d\u2019e\u0302tre prot\u00e9g\u00e9e\u202f? Lequel de ces enfants ne m\u00e9rite pas l&#8217;h\u00f4tel, mais plut\u00f4t la rue\u202f? Quelle famille n\u2019a pas besoin de protection ?\u00a0<\/strong><\/p>\n<p>&nbsp;<\/p>\n<p>Cr\u00e9dit photo : Christine Ravier<\/p>\n","protected":false},"excerpt":{"rendered":"<p>La pr\u00e9fecture de Haute-Garonne, soutenue par la M\u00e9tropole et la  [&#8230;]<\/p>\n","protected":false},"author":1,"featured_media":12374,"comment_status":"closed","ping_status":"open","sticky":false,"template":"","format":"standard","meta":{"footnotes":""},"categories":[6,11],"tags":[],"class_list":["post-12370","post","type-post","status-publish","format-standard","has-post-thumbnail","hentry","category-communique","category-toulouse"],"_links":{"self":[{"href":"http:\/\/test.utopia56.org\/index.php\/wp-json\/wp\/v2\/posts\/12370","targetHints":{"allow":["GET"]}}],"collection":[{"href":"http:\/\/test.utopia56.org\/index.php\/wp-json\/wp\/v2\/posts"}],"about":[{"href":"http:\/\/test.utopia56.org\/index.php\/wp-json\/wp\/v2\/types\/post"}],"author":[{"embeddable":true,"href":"http:\/\/test.utopia56.org\/index.php\/wp-json\/wp\/v2\/users\/1"}],"replies":[{"embeddable":true,"href":"http:\/\/test.utopia56.org\/index.php\/wp-json\/wp\/v2\/comments?post=12370"}],"version-history":[{"count":0,"href":"http:\/\/test.utopia56.org\/index.php\/wp-json\/wp\/v2\/posts\/12370\/revisions"}],"wp:featuredmedia":[{"embeddable":true,"href":"http:\/\/test.utopia56.org\/index.php\/wp-json\/"}],"wp:attachment":[{"href":"http:\/\/test.utopia56.org\/index.php\/wp-json\/wp\/v2\/media?parent=12370"}],"wp:term":[{"taxonomy":"category","embeddable":true,"href":"http:\/\/test.utopia56.org\/index.php\/wp-json\/wp\/v2\/categories?post=12370"},{"taxonomy":"post_tag","embeddable":true,"href":"http:\/\/test.utopia56.org\/index.php\/wp-json\/wp\/v2\/tags?post=12370"}],"curies":[{"name":"wp","href":"https:\/\/api.w.org\/{rel}","templated":true}]}}