{"id":11927,"date":"2023-06-21T17:31:38","date_gmt":"2023-06-21T15:31:38","guid":{"rendered":"https:\/\/utopia56.org\/?p=11927"},"modified":"2023-06-21T17:31:38","modified_gmt":"2023-06-21T15:31:38","slug":"conseil-detat-une-soiree-de-violences-une-nuit-derrance","status":"publish","type":"post","link":"http:\/\/test.utopia56.org\/index.php\/2023\/06\/21\/conseil-detat-une-soiree-de-violences-une-nuit-derrance\/","title":{"rendered":"Conseil d\u2019\u00c9tat : une soir\u00e9e de violences, une nuit d\u2019errance"},"content":{"rendered":"<p><span style=\"font-weight: 400;\">Il est 20h ce mardi 20 juin quand pr\u00e8s de 450 jeunes isol\u00e9s, accompagn\u00e9s d\u2019une centaine de b\u00e9n\u00e9voles, s\u2019installent sous tentes devant le Conseil d\u2019\u00c9tat \u00e0 Paris. Cette action avait pour but de visibiliser la d\u00e9tresse de ces jeunes qui survivaient depuis plus de deux mois dans une \u00e9cole d\u00e9saffect\u00e9e et d\u2019ouvrir un dialogue avec l\u2019\u00c9tat jusque-l\u00e0 inexistant. La r\u00e9action du minist\u00e8re de l\u2019Int\u00e9rieur a \u00e9t\u00e9 un d\u00e9versement de violences par la pr\u00e9fecture de police. <strong>66 jeunes et b\u00e9n\u00e9voles ont \u00e9t\u00e9 interpell\u00e9s, six autres ont d\u00fb \u00eatre hospitalis\u00e9s.<\/strong><\/span><\/p>\n<p><span style=\"font-weight: 400;\">Les jeunes dont nous parlons ici ont quitt\u00e9 leur famille, leurs amis, leur maison, leur pays avec l\u2019espoir de trouver une soci\u00e9t\u00e9 d\u2019accueil. Ils ont travers\u00e9 le d\u00e9sert, les montagnes et la mer M\u00e9diterran\u00e9e avant d\u2019arriver ici \u00e0 Paris, seul et sans ressource. <strong>Beaucoup ont endur\u00e9 la violence, la discrimination, certains, la torture et la traite.\u00a0<\/strong><\/span><\/p>\n<p><span style=\"font-weight: 400;\">Selon le droit international, tous ces jeunes devraient \u00eatre consid\u00e9r\u00e9s mineurs par l\u2019\u00c9tat avant une \u00e9ventuelle d\u00e9cision contraire d\u2019un juge des enfants.<\/span><\/p>\n<p><span style=\"font-weight: 400;\">Aux alentours de 21h hier soir, en r\u00e9ponse \u00e0 la mise en place d\u2019une nasse polici\u00e8re autour de la place, une cha\u00eene de solidarit\u00e9 s\u2019est form\u00e9e autour des jeunes aux appels de \u201cLibert\u00e9, \u00c9galit\u00e9\u201d. Au fil des heures, <strong>des fonctionnaires de la BRAV-M et de la police nationale ont fait usage de la violence afin d\u2019extraire en plusieurs phases certains jeunes et b\u00e9n\u00e9voles de la nasse,<\/strong> conduisant \u00e0 la destruction d\u2019une trentaine de tentes donn\u00e9es par les associations. Environ 200 policiers \u00e9taient mobilis\u00e9s.<\/span><\/p>\n<p><span style=\"font-weight: 400;\">Les violences n\u2019ont cess\u00e9 de s&#8217;encha\u00eener contre ces participants pacifiques : <strong>des jeunes isol\u00e9s ont \u00e9t\u00e9 frapp\u00e9s et tra\u00een\u00e9s sur le sol, des b\u00e9n\u00e9voles ont \u00e9t\u00e9 \u00e9trangl\u00e9s et asperg\u00e9s de gaz lacrymog\u00e8ne, des avocats et d\u00e9put\u00e9s ont \u00e9t\u00e9 violent\u00e9s et pouss\u00e9s \u00e0 terre.<\/strong> De nombreux policiers ont \u00e9t\u00e9 entendus prononcer une dialectique d\u2019extr\u00eame-droite : \u00ab qu\u2019ils rentrent chez eux \u00bb, \u00ab Prenez-les chez vous \u00bb. Les num\u00e9ros d\u2019identification RIO de bon nombre de fonctionnaires n\u2019\u00e9taient pas visibles.<\/span><\/p>\n<p><span style=\"font-weight: 400;\">Au cours de la soir\u00e9e, la pr\u00e9fecture de police a interpell\u00e9 une trentaine de jeunes et une dizaine de b\u00e9n\u00e9voles sans motif. <strong>Une grande majorit\u00e9 a finalement \u00e9t\u00e9 lib\u00e9r\u00e9e dans la nuit sans aucune poursuite.<\/strong><\/span><\/p>\n<p><span style=\"font-weight: 400;\">Aux alentours de 3h, apr\u00e8s une escorte forc\u00e9e sur pr\u00e8s de 5 km jusqu\u2019au square Jules-Ferry du 11\u1d49 arrondissement de Paris, une distribution alimentaire a pu \u00eatre organis\u00e9e par les associations et les jeunes ont pu se reposer quelques heures, \u00e0 m\u00eame le sol, sans tente ni couvertures, <strong>avant d\u2019\u00eatre de nouveau pouss\u00e9s \u00e0 l\u2019errance par la police municipale.<\/strong><\/span><\/p>\n<p><span style=\"font-weight: 400;\">Au vu d\u2019une situation de crise humanitaire pass\u00e9e sous silence par l\u2019\u00c9tat, les associations et les jeunes ont pris la d\u00e9cision de ne pas retourner dans l\u2019\u00e9cole d\u00e9saffect\u00e9e du 16\u1d49 arrondissement, un huissier est venu attester notre d\u00e9part. <strong>Nous d\u00e9non\u00e7ons un d\u00e9ferlement de violence inou\u00ef et continuons de demander simplement la mise en place d\u2019un dialogue constructif avec les autorit\u00e9s comp\u00e9tentes.<\/strong><\/span><\/p>\n<p><span style=\"font-weight: 400;\">D\u00e8s ce mercredi soir, les associations seront <strong>de nouveau aupr\u00e8s des jeunes afin de les accompagner au mieux et continueront \u00e0 se mobiliser pour le respect du droit et de la dignit\u00e9 humaine.<\/strong><\/span><\/p>\n<p><span style=\"font-weight: 400;\">Plusieurs signalements seront d\u00e9pos\u00e9s aujourd\u2019hui aupr\u00e8s de la D\u00e9fenseure des Droits. Des plaintes au p\u00e9nal sont \u00e9galement en r\u00e9flexion.<\/span><\/p>\n<p><span style=\"font-weight: 400;\">Ce mardi 20 juin symbolisait pourtant la journ\u00e9e mondiale des r\u00e9fugi\u00e9s.<\/span><\/p>\n","protected":false},"excerpt":{"rendered":"<p>Il est 20h ce mardi 20 juin quand pr\u00e8s de  [&#8230;]<\/p>\n","protected":false},"author":1,"featured_media":11946,"comment_status":"closed","ping_status":"open","sticky":false,"template":"","format":"standard","meta":{"footnotes":""},"categories":[6,7],"tags":[],"class_list":["post-11927","post","type-post","status-publish","format-standard","has-post-thumbnail","hentry","category-communique","category-paris"],"_links":{"self":[{"href":"http:\/\/test.utopia56.org\/index.php\/wp-json\/wp\/v2\/posts\/11927","targetHints":{"allow":["GET"]}}],"collection":[{"href":"http:\/\/test.utopia56.org\/index.php\/wp-json\/wp\/v2\/posts"}],"about":[{"href":"http:\/\/test.utopia56.org\/index.php\/wp-json\/wp\/v2\/types\/post"}],"author":[{"embeddable":true,"href":"http:\/\/test.utopia56.org\/index.php\/wp-json\/wp\/v2\/users\/1"}],"replies":[{"embeddable":true,"href":"http:\/\/test.utopia56.org\/index.php\/wp-json\/wp\/v2\/comments?post=11927"}],"version-history":[{"count":0,"href":"http:\/\/test.utopia56.org\/index.php\/wp-json\/wp\/v2\/posts\/11927\/revisions"}],"wp:featuredmedia":[{"embeddable":true,"href":"http:\/\/test.utopia56.org\/index.php\/wp-json\/"}],"wp:attachment":[{"href":"http:\/\/test.utopia56.org\/index.php\/wp-json\/wp\/v2\/media?parent=11927"}],"wp:term":[{"taxonomy":"category","embeddable":true,"href":"http:\/\/test.utopia56.org\/index.php\/wp-json\/wp\/v2\/categories?post=11927"},{"taxonomy":"post_tag","embeddable":true,"href":"http:\/\/test.utopia56.org\/index.php\/wp-json\/wp\/v2\/tags?post=11927"}],"curies":[{"name":"wp","href":"https:\/\/api.w.org\/{rel}","templated":true}]}}