{"id":11908,"date":"2023-06-20T20:13:52","date_gmt":"2023-06-20T18:13:52","guid":{"rendered":"https:\/\/utopia56.org\/?p=11908"},"modified":"2023-06-20T20:13:52","modified_gmt":"2023-06-20T18:13:52","slug":"en-cours-plus-de-450-adolescents-en-detresse-occupent-pacifiquement-la-place-du-palais-royal-a-paris-pour-rompre-le-silence-de-letat-et-demander-une-mise-a-labri-immediate","status":"publish","type":"post","link":"http:\/\/test.utopia56.org\/index.php\/2023\/06\/20\/en-cours-plus-de-450-adolescents-en-detresse-occupent-pacifiquement-la-place-du-palais-royal-a-paris-pour-rompre-le-silence-de-letat-et-demander-une-mise-a-labri-immediate\/","title":{"rendered":"[En cours] &#8211; Plus de 450 adolescents en d\u00e9tresse occupent pacifiquement  la place du Palais Royal \u00e0 Paris pour rompre le silence de l\u2019\u00c9tat et demander une mise \u00e0 l\u2019abri imm\u00e9diate."},"content":{"rendered":"<p><b>Depuis 77 jours,<\/b><span style=\"font-weight: 400;\"> plus de 700 jeunes venus trouver refuge en France, survivent \u00e0 m\u00eame le sol, sans eau courante ni \u00e9lectricit\u00e9, dans une \u00e9cole d\u00e9saffect\u00e9e du XVI\u1d49 arrondissement de Paris. Malgr\u00e9 l\u2019urgence de la situation, malgr\u00e9 la menace de groupuscules d\u2019extr\u00eame-droite<\/span><span style=\"font-weight: 400;\">, <\/span><span style=\"font-weight: 400;\">une demande d&#8217;\u00e9vacuation sanitaire par l&#8217;Agence r\u00e9gionale de sant\u00e9 et plus d\u2019une trentaine d\u2019alertes faites aux institutions, <\/span><b>ni le Gouvernement, ni la pr\u00e9fecture d\u2019\u00cele-de-France, ni la mairie de Paris<\/b><span style=\"font-weight: 400;\"> n\u2019ont r\u00e9pondu aux appels au secours de ces jeunes. <\/span><span style=\"font-weight: 400;\">C\u2019est pourquoi, associations et jeunes ont d\u00e9cid\u00e9 de se d\u00e9placer <\/span><b>sur la place du Palais Royal, en face du Conseil d\u2019\u00c9tat et d\u2019y rester jusqu\u2019\u00e0 ce que des solutions d\u2019h\u00e9bergement dignes leur soient propos\u00e9es.<\/b><\/p>\n<p>&nbsp;<\/p>\n<p><span style=\"font-weight: 400;\">Le 4 avril 2023, 160 mineurs en recours, accompagn\u00e9s de quatre associations, ont investi l\u2019\u00e9cole Erlanger, inoccup\u00e9e depuis quatre ans. Ces adolescents, arriv\u00e9s en France sans leurs parents, se sont vus refuser une prise en charge en tant que mineurs par les d\u00e9partements d\u2019\u00cele-de-France, et tous ont lanc\u00e9 un recours devant le juge des enfants. Mais, en attente de leur audience, ils n\u2019ont d\u2019autre soutien que celui fourni par les associations citoyennes. Cette occupation avait pour but de <\/span><b>mettre fin \u00e0 l\u2019errance<\/b><span style=\"font-weight: 400;\"> et <\/span><b>d\u2019interpeller les institutions<\/b><span style=\"font-weight: 400;\"> sur la situation de ces jeunes, contraints de survivre \u00e0 la rue sans pouvoir m\u00eame y poser une tente.<\/span><\/p>\n<p><span style=\"font-weight: 400;\">\u00a0<\/span><\/p>\n<p><span style=\"font-weight: 400;\">Ils sont aujourd\u2019hui plus de 700 dans l\u2019enceinte de l\u2019\u00e9cole, et chaque jour une dizaine d\u2019autres jeunes sans protection rejoignent le lieu pourtant d\u00e9j\u00e0 largement satur\u00e9. Les associations M\u00e9decins du Monde et la Croix Rouge assurent r\u00e9guli\u00e8rement des permanences m\u00e9dicales sur place, et constatent de nombreux<\/span><b> probl\u00e8mes de sant\u00e9<\/b><span style=\"font-weight: 400;\"> en lien direct avec des parcours migratoires souvent traumatisants, mais aussi avec la situation de <\/span><b>pr\u00e9carit\u00e9 extr\u00eame<\/b><span style=\"font-weight: 400;\"> de ces jeunes : <\/span><span style=\"font-weight: 400;\">plusieurs d&#8217;entre eux ont d\u00e9j\u00e0 d\u00fb \u00eatre hospitalis\u00e9s, et certains sont dans un \u00e9tat physique ou psychologique tr\u00e8s inqui\u00e9tant<\/span><span style=\"font-weight: 400;\">. Mardi 13 juin dernier, le directeur de l\u2019Agence R\u00e9gionale de Sant\u00e9 s\u2019est rendu sur place, et a alert\u00e9 la Pr\u00e9fecture d\u2019Ile-de-France sur la <\/span><b>n\u00e9cessit\u00e9 d\u2019une mise \u00e0 l\u2019abri imm\u00e9diate,<\/b><span style=\"font-weight: 400;\"> car au vu des conditions sanitaires et globales, aucun suivi m\u00e9dical efficace et \u00e0 la mesure des probl\u00e8mes rencontr\u00e9s ne peut \u00eatre effectu\u00e9 sur place.<\/span><\/p>\n<p>&nbsp;<\/p>\n<p><span style=\"font-weight: 400;\">Par ailleurs, depuis le 4 avril, plusieurs manifestations rassemblant des personnes li\u00e9es \u00e0 des partis ou \u00e0 des groupuscules d\u2019extr\u00eame droite se sont tenues devant l\u2019\u00e9cole. Des groupes tels que \u00ab N\u00e9m\u00e9sis \u00bb,\u00a0 \u00ab les Natifs \u00bb, ou encore \u00ab Reconqu\u00eate \u00bb ont pris pour cible les jeunes de la rue Erlanger, <\/span><b>mena\u00e7ant d\u2019actions violentes<\/b><span style=\"font-weight: 400;\"> pouvant porter atteinte \u00e0 l\u2019int\u00e9grit\u00e9 physique des jeunes comme des b\u00e9n\u00e9voles et des citoyens intervenant dans l\u2019enceinte de l\u2019\u00e9cole.<\/span><\/p>\n<p>&nbsp;<\/p>\n<p><span style=\"font-weight: 400;\">Pourtant, malgr\u00e9 ce contexte de danger imminent, malgr\u00e9 20 courriers \u00e0 la Pr\u00e9fecture d\u2019\u00cele-de-France, 16 au gouvernement et les interpellations de nombreux d\u00e9put\u00e9s, les institutions semblent se <\/span><b>d\u00e9sint\u00e9resser compl\u00e8tement<\/b><span style=\"font-weight: 400;\"> de la situation de ces jeunes. La seule r\u00e9ponse donn\u00e9e \u00e0 cette occupation a \u00e9t\u00e9 une proc\u00e9dure d&#8217;expulsion demand\u00e9e par la mairie de Paris, sans proposition de mise \u00e0 l&#8217;abri. L&#8217;audience a eu lieu le 12 juin dernier, et la d\u00e9cision d&#8217;expulsion rendue le 30 juin prochain. Mais, les conditions de survie sont aujourd\u2019hui telles qu\u2019un d\u00e9lai si long n\u2019est plus tenable, car<\/span><b> \u00e0 tout moment un drame peut arriver.<\/b><\/p>\n<p>&nbsp;<\/p>\n<p><b>En cette journ\u00e9e mondiale des r\u00e9fugi\u00e9s<\/b><span style=\"font-weight: 400;\">, il est temps que le gouvernement ouvre les yeux et <\/span><b>prenne en consid\u00e9ration la souffrance de ces adolescents<\/b><span style=\"font-weight: 400;\"> qui, au-del\u00e0 de leur statut administratif, sont venus, au p\u00e9ril de leur vie pour la plupart, chercher refuge et protection en France. L\u2019actualit\u00e9 l\u2019a encore prouv\u00e9, le non-accueil et l\u2019abandon tuent. Comme l\u2019a rappel\u00e9 le comit\u00e9 des droits de l\u2019Enfant de l\u2019ONU le 2 juin dernier, la France doit appliquer <\/span><b>le principe de pr\u00e9somption de minorit\u00e9<\/b><span style=\"font-weight: 400;\"> jusqu\u2019\u00e0 d\u00e9cision du juge des enfants.\u00a0<\/span><\/p>\n<p>&nbsp;<\/p>\n<p><span style=\"font-weight: 400;\">C\u2019est pourquoi, en d\u00e9sespoir de cause et afin d&#8217;\u00eatre entendus, ces jeunes accompagn\u00e9s des associations n\u2019ont eu d\u2019autre choix que de sortir pour partie de l\u2019\u00e9cole et <\/span><span style=\"font-weight: 400;\">d\u2019occuper pacifiquement <\/span><b>la place du Palais Royal, face au conseil d\u2019\u00c9tat<\/b><span style=\"font-weight: 400;\">. Tous resteront devant ce lieu \u201cgarant des droits et des libert\u00e9s\u201d, pour appeler le gouvernement <\/span><b>\u00e0 ouvrir le dialogue, \u00e0 respecter le droit international<\/b><span style=\"font-weight: 400;\"> et \u00e0 proposer un h\u00e9bergement ainsi qu\u2019un accompagnement adapt\u00e9 \u00e0 leur situation ainsi qu\u2019\u00e0 leur vuln\u00e9rabilit\u00e9.<\/span><\/p>\n","protected":false},"excerpt":{"rendered":"<p>Depuis 77 jours, plus de 700 jeunes venus trouver refuge  [&#8230;]<\/p>\n","protected":false},"author":1,"featured_media":11910,"comment_status":"closed","ping_status":"open","sticky":false,"template":"","format":"standard","meta":{"footnotes":""},"categories":[28,6,7],"tags":[],"class_list":["post-11908","post","type-post","status-publish","format-standard","has-post-thumbnail","hentry","category-antenne","category-communique","category-paris"],"_links":{"self":[{"href":"http:\/\/test.utopia56.org\/index.php\/wp-json\/wp\/v2\/posts\/11908","targetHints":{"allow":["GET"]}}],"collection":[{"href":"http:\/\/test.utopia56.org\/index.php\/wp-json\/wp\/v2\/posts"}],"about":[{"href":"http:\/\/test.utopia56.org\/index.php\/wp-json\/wp\/v2\/types\/post"}],"author":[{"embeddable":true,"href":"http:\/\/test.utopia56.org\/index.php\/wp-json\/wp\/v2\/users\/1"}],"replies":[{"embeddable":true,"href":"http:\/\/test.utopia56.org\/index.php\/wp-json\/wp\/v2\/comments?post=11908"}],"version-history":[{"count":0,"href":"http:\/\/test.utopia56.org\/index.php\/wp-json\/wp\/v2\/posts\/11908\/revisions"}],"wp:featuredmedia":[{"embeddable":true,"href":"http:\/\/test.utopia56.org\/index.php\/wp-json\/"}],"wp:attachment":[{"href":"http:\/\/test.utopia56.org\/index.php\/wp-json\/wp\/v2\/media?parent=11908"}],"wp:term":[{"taxonomy":"category","embeddable":true,"href":"http:\/\/test.utopia56.org\/index.php\/wp-json\/wp\/v2\/categories?post=11908"},{"taxonomy":"post_tag","embeddable":true,"href":"http:\/\/test.utopia56.org\/index.php\/wp-json\/wp\/v2\/tags?post=11908"}],"curies":[{"name":"wp","href":"https:\/\/api.w.org\/{rel}","templated":true}]}}