{"id":11669,"date":"2023-06-14T13:20:00","date_gmt":"2023-06-14T11:20:00","guid":{"rendered":"https:\/\/utopia56.org\/?p=11669"},"modified":"2023-06-14T13:20:00","modified_gmt":"2023-06-14T11:20:00","slug":"fermeture-des-acacias-de-nombreuses-familles-a-la-rue-a-paris","status":"publish","type":"post","link":"http:\/\/test.utopia56.org\/index.php\/2023\/06\/14\/fermeture-des-acacias-de-nombreuses-familles-a-la-rue-a-paris\/","title":{"rendered":"Fermeture des \u201cAcacias\u201d, de nombreuses familles \u00e0 la rue \u00e0 Paris"},"content":{"rendered":"<p><span style=\"font-weight: 400;\">Le projet de tiers-lieux d\u2019h\u00e9bergement d\u2019urgence pour familles, dit \u00ab Les Acacias \u00bb dans le 17e arrondissement de Paris, <\/span><b>va fermer ses portes.<\/b><span style=\"font-weight: 400;\"> L\u2019hiver dernier, les \u00e9quipes d\u2019Utopia 56 ont ouvert ce lieu, \u00e0 deux pas de l\u2019Arc de Triomphe, pour r\u00e9pondre aux besoins des familles, couples et femmes seules <\/span><b>\u00e0 la rue \u00e0 Paris<\/b><span style=\"font-weight: 400;\"> qui sollicitent l\u2019aide d\u2019Utopia 56 chaque soir, place de l\u2019H\u00f4tel de Ville \u00e0 Paris. C\u2019\u00e9tait un projet \u00e9ph\u00e9m\u00e8re qui a vu le jour gr\u00e2ce au bon vouloir d\u2019un citoyen qui a mis \u00e0 disposition d\u2019Utopia 56 cet endroit. <\/span><b>Il prend fin le 17 juin prochain, soit dans<\/b> <b>trois<\/b> <b>jours.\u00a0<\/b><\/p>\n<p><span style=\"font-weight: 400;\">Depuis le 25 novembre 2022, ce lieu a permis d\u2019accueillir chaque soir <\/span><b>la quasi-totalit\u00e9 des familles <\/b><span style=\"font-weight: 400;\">venant solliciter notre aide, ne laissant donc presque aucune famille \u00e0 la rue \u00e0 Paris cet hiver. Pendant ces sept mois, nous avons pu fournir <\/span><b>4237 nuit\u00e9es aux m\u00e9nages, soit 2155 personnes<\/b> <b>h\u00e9berg\u00e9es<\/b><span style=\"font-weight: 400;\"> durant cette p\u00e9riode, sans compter celles\u00a0 qui ont pu acc\u00e9der aux h\u00e9bergements solidaires.\u00a0<\/span><\/p>\n<p><span style=\"font-weight: 400;\">&#8220;<\/span><i><span style=\"font-weight: 400;\">Certes, les conditions n&#8217;\u00e9taient pas optimales, mais cela a permis \u00e0 des milliers de personnes de dormir en s\u00e9curit\u00e9 dans un lieu o\u00f9 elles se sentaient bien, toujours dans la bonne humeur, l&#8217;\u00e9coute des personnes et le respect mutuel. C&#8217;est d\u00e9j\u00e0 \u00e9norme. C&#8217;est avec un grand pincement au c\u0153ur que nous fermons ce lieu de vie. L&#8217;\u00c9tat doit prendre exemple sur cet acte citoyen. <\/span><\/i><b><i>Des solutions existent.<\/i><\/b><i><span style=\"font-weight: 400;\">&#8220;,<\/span><\/i><span style=\"font-weight: 400;\"> explique Augustin Lambilliotte, responsable g\u00e9n\u00e9ral du lieu.\u00a0<\/span><\/p>\n<p><b>Aucune solution de remplacement<\/b><span style=\"font-weight: 400;\"> n\u2019a \u00e9t\u00e9 trouv\u00e9e pour poursuivre le projet et \u00e0 partir du 18 juin, la majorit\u00e9 des familles, environ 120 personnes par soir, que nous rencontrerons<\/span><b> resteront sans solution pour la nuit. <\/b><span style=\"font-weight: 400;\">Une minorit\u00e9 seulement acc\u00e8dera \u00e0 notre dizaine d\u2019h\u00e9bergements solidaires disponibles chaque soir, ce qui est encore trop peu face au nombre de personnes nous sollicitant. Cela repr\u00e9sentera <\/span><b>80 \u00e0 90 personnes <\/b><span style=\"font-weight: 400;\">en plus chaque soir \u00e0 la rue, sans compter celles qui n\u2019ont pas connaissance de l\u2019association et restent sans solution. Parmi elles, des nourrissons, des femmes enceintes, des enfants qui vont \u00e0 l\u2019\u00e9cole, des adultes qui travaillent. <\/span><b>Une majorit\u00e9 de personnes vuln\u00e9rables contraintes de survivre \u00e0 la rue.\u00a0<\/b><\/p>\n<p><span style=\"font-weight: 400;\">Des dispositifs d\u2019urgence doivent \u00eatre mis en place pour que ces m\u00e9nages n\u2019aient plus \u00e0 attendre des semaines, voire des mois, une r\u00e9ponse du 115 qui leur donnera une place pour une nuit avant de les remettre dehors. Ce syst\u00e8me, <\/span><b>dit satur\u00e9,<\/b><span style=\"font-weight: 400;\"> depuis des ann\u00e9es, doit \u00eatre actualis\u00e9 et modernis\u00e9, car des solutions existent, <\/span><b>la volont\u00e9 doit suivre.<\/b><span style=\"font-weight: 400;\"> Le gouvernement a prouv\u00e9 ses capacit\u00e9s d\u2019accueil avec les dispositifs mis en place pour les personnes ukrainiennes qui <\/span><b>ont permis d\u2019accueillir dignement pr\u00e8s de 100.000 personnes en moins d\u2019un an.<\/b><\/p>\n<p><span style=\"font-weight: 400;\">Pour rappel, l&#8217;article L345-2-2 du code de l&#8217;action sociale et des familles pr\u00e9cise que &#8220;<\/span><i><span style=\"font-weight: 400;\">Toute personne sans abri en situation de d\u00e9tresse m\u00e9dicale, psychique ou sociale a acc\u00e8s, \u00e0 tout moment, \u00e0 un dispositif d&#8217;h\u00e9bergement d&#8217;urgence<\/span><\/i><span style=\"font-weight: 400;\">&#8220;. <\/span><b>L\u2019\u00c9tat ne respecte pas la loi<\/b><span style=\"font-weight: 400;\"> et en tant qu\u2019association et citoyens concern\u00e9s, notre combat est de la faire respecter. <\/span><span style=\"font-weight: 400;\">Apr\u00e8s nos efforts pour pallier les manquements du gouvernement ces derni\u00e8res ann\u00e9es et malgr\u00e9 la fermeture de ce lieu embl\u00e9matique, <\/span><b>nous continuerons \u00e0 porter la voix des invisibles.\u00a0<\/b><\/p>\n<p><span style=\"font-weight: 400;\">Malgr\u00e9 leur pr\u00e9carit\u00e9, ce type de projet, comme les r\u00e9quisitions, sont des r\u00e9ponses citoyennes aux manquements de l\u2019\u00c9tat. <\/span><b>Avec 300 000 personnes \u00e0 la rue <\/b><span style=\"font-weight: 400;\">(<\/span><i><span style=\"font-weight: 400;\">Fondation Abb\u00e9 Pierre)<\/span><\/i><span style=\"font-weight: 400;\"> et <\/span><b>3 millions de logements vacants\u00a0 en France en 2022<\/b><span style=\"font-weight: 400;\"> (<\/span><i><span style=\"font-weight: 400;\">INSEE<\/span><\/i><span style=\"font-weight: 400;\">) , il est n\u00e9cessaire que les institutions responsables mettent les moyens pour que plus <\/span><b>\u00ab <\/b><b><i>personne ne soit \u00e0 la rue<\/i><\/b><b> \u00bb,<\/b><span style=\"font-weight: 400;\"> comme le promettait Emmanuel Macron en 2017.\u00a0<\/span><\/p>\n<p><span style=\"font-weight: 400;\">Nous vous invitons \u00e0 passer sur ce tiers-lieu sur ces derniers jours d\u2019ouverture afin de rendre compte de<strong> la solidarit\u00e9 et des moments de vie qui s\u2019y tiennent. <\/strong><\/span><\/p>\n","protected":false},"excerpt":{"rendered":"<p>Le projet de tiers-lieux d\u2019h\u00e9bergement d\u2019urgence pour familles, dit \u00ab  [&#8230;]<\/p>\n","protected":false},"author":1,"featured_media":11670,"comment_status":"closed","ping_status":"open","sticky":false,"template":"","format":"standard","meta":{"footnotes":""},"categories":[6,7],"tags":[],"class_list":["post-11669","post","type-post","status-publish","format-standard","has-post-thumbnail","hentry","category-communique","category-paris"],"_links":{"self":[{"href":"http:\/\/test.utopia56.org\/index.php\/wp-json\/wp\/v2\/posts\/11669","targetHints":{"allow":["GET"]}}],"collection":[{"href":"http:\/\/test.utopia56.org\/index.php\/wp-json\/wp\/v2\/posts"}],"about":[{"href":"http:\/\/test.utopia56.org\/index.php\/wp-json\/wp\/v2\/types\/post"}],"author":[{"embeddable":true,"href":"http:\/\/test.utopia56.org\/index.php\/wp-json\/wp\/v2\/users\/1"}],"replies":[{"embeddable":true,"href":"http:\/\/test.utopia56.org\/index.php\/wp-json\/wp\/v2\/comments?post=11669"}],"version-history":[{"count":0,"href":"http:\/\/test.utopia56.org\/index.php\/wp-json\/wp\/v2\/posts\/11669\/revisions"}],"wp:featuredmedia":[{"embeddable":true,"href":"http:\/\/test.utopia56.org\/index.php\/wp-json\/"}],"wp:attachment":[{"href":"http:\/\/test.utopia56.org\/index.php\/wp-json\/wp\/v2\/media?parent=11669"}],"wp:term":[{"taxonomy":"category","embeddable":true,"href":"http:\/\/test.utopia56.org\/index.php\/wp-json\/wp\/v2\/categories?post=11669"},{"taxonomy":"post_tag","embeddable":true,"href":"http:\/\/test.utopia56.org\/index.php\/wp-json\/wp\/v2\/tags?post=11669"}],"curies":[{"name":"wp","href":"https:\/\/api.w.org\/{rel}","templated":true}]}}