{"id":11528,"date":"2023-06-01T07:54:07","date_gmt":"2023-06-01T05:54:07","guid":{"rendered":"https:\/\/utopia56.org\/?p=11528"},"modified":"2023-06-01T07:54:07","modified_gmt":"2023-06-01T05:54:07","slug":"urgent-crise-humanitaire-et-securitaire-a-paris-letat-ferme-les-yeux-les-associations-menacent-de-se-retirer","status":"publish","type":"post","link":"http:\/\/test.utopia56.org\/index.php\/2023\/06\/01\/urgent-crise-humanitaire-et-securitaire-a-paris-letat-ferme-les-yeux-les-associations-menacent-de-se-retirer\/","title":{"rendered":"[URGENT] Crise humanitaire et s\u00e9curitaire \u00e0 Paris, l\u2019\u00c9tat ferme les yeux, les associations menacent de se retirer."},"content":{"rendered":"<p><span style=\"font-weight: 400;\">Depuis le 4 avril dernier, soit 58 jours, 500 jeunes isol\u00e9s survivent <\/span><b>\u00e0 m\u00eame le sol, sans eau courante ni \u00e9lectricit\u00e9,<\/b><span style=\"font-weight: 400;\"> dans une \u00e9cole d\u00e9saffect\u00e9e du 16<\/span><span style=\"font-weight: 400;\">e<\/span><span style=\"font-weight: 400;\"> arrondissement de Paris. Tous sont ici sans leur famille et sans aucune ressource financi\u00e8re. Beaucoup souffrent de <\/span><b>traumatismes psychologiques ou physiques,<\/b><span style=\"font-weight: 400;\"> ainsi que de nombreuses <\/span><b>maladies respiratoires et dermatologiques.<\/b><span style=\"font-weight: 400;\"> Tant d\u2019\u00e9l\u00e9ments qui d\u00e9finissent, de fait, une <\/span><b>situation d\u2019urgence humanitaire<\/b><span style=\"font-weight: 400;\"> en plein centre de la capitale fran\u00e7aise. Sans action imm\u00e9diate de l\u2019\u00c9tat, un drame semble in\u00e9vitable.<\/span><\/p>\n<p><span style=\"font-weight: 400;\">Face \u00e0 cette situation, quatre associations citoyennes et non subventionn\u00e9es par l\u2019\u00c9tat, r\u00e9ussissent tant bien que mal \u00e0 assurer une pr\u00e9sence permanente, organiser la vie sur place et distribuer une aide mat\u00e9rielle (tentes, couvertures, v\u00eatements) et alimentaire d\u2019urgence (deux repas par jour). Des acteurs tels que M\u00e9decins du Monde et le Samu Social viennent \u00e9galement assurer des permanences m\u00e9dicales et <\/span><b>tentent d\u2019alerter l\u2019Agence R\u00e9gionale de Sant\u00e9.<\/b><\/p>\n<p><span style=\"font-weight: 400;\">Derri\u00e8re le portail de l\u2019\u00e9cole, six<\/span> <span style=\"font-weight: 400;\">sanitaires mobiles ont \u00e9t\u00e9 install\u00e9s par la Mairie de Paris. Une r\u00e9alit\u00e9 <\/span><b>bien loin des <a href=\"https:\/\/emergency.unhcr.org\/emergency-assistance\/shelter-camp-and-settlement\/camps\/camp-site-planning-minimum-standards\">standards des Nations Unis<\/a><\/b><b>,<\/b><span style=\"font-weight: 400;\"> recommandant un minimum d\u2019un sanitaire pour 20 personnes et d\u2019une douche pour 50.\u00a0<\/span><\/p>\n<p><span style=\"font-weight: 400;\">Malgr\u00e9 ces conditions, ce sont <\/span><b>plus d\u2019une dizaine de nouveaux jeunes en situation de rue qui rejoignent chaque jour cette \u00e9cole<\/b><span style=\"font-weight: 400;\"> afin d\u2019y trouver refuge. Fatalement, au vu de la saturation des espaces int\u00e9rieurs du b\u00e2timent, plus de <\/span><b>150 jeunes ont \u00e9t\u00e9 install\u00e9s deux par deux sous des tentes dans la cour de l\u2019\u00e9cole.<\/b><span style=\"font-weight: 400;\"> Une promiscuit\u00e9 et une pr\u00e9carit\u00e9 telles, que l\u2019apparition de tensions internes est in\u00e9vitable. Un autre lieu du 20\u1d49 arrondissement accueille d\u00e9j\u00e0 pr\u00e8s de 100 jeunes par nuit apr\u00e8s seulement deux semaines d\u2019ouverture, et plusieurs malades ou jeunes filles ont d\u00fb \u00eatre mis \u00e0 l\u2019abri en dehors de l\u2019\u00e9cole.<\/span><\/p>\n<p><span style=\"font-weight: 400;\">Comme si cette situation ne se suffisait pas \u00e0 elle-m\u00eame, de nombreux individus, associ\u00e9s aux <\/span><b>mouvements d\u2019extr\u00eame-droite<\/b><span style=\"font-weight: 400;\"> \u00ab Reconqu\u00eate \u00bb, \u00ab N\u00e9m\u00e9sis \u00bb et \u00ab Les Natifs \u00bb, se sont rassembl\u00e9s \u00e0 plusieurs reprises devant l\u2019\u00e9cole, <\/span><b>mena\u00e7ant de futures actions violentes<\/b><span style=\"font-weight: 400;\"> et demandant l\u2019expulsion des jeunes, sans aucune conscience de ce qu\u2019ils vivent au quotidien.\u00a0<\/span><\/p>\n<p><b>Malgr\u00e9 toutes ces r\u00e9alit\u00e9s, 18 mails d\u2019alertes, <a href=\"https:\/\/www.change.org\/p\/l-appel-au-secours-des-500-mineurs-isol%C3%A9s?signed=true\">une p\u00e9tition<\/a><\/b><b> de plus de 5 000 signatures et les sollicitations de nombreux d\u00e9put\u00e9s,<\/b><span style=\"font-weight: 400;\"> ni le minist\u00e8re de l\u2019Int\u00e9rieur, ni celui du logement ou de la protection de l\u2019enfance <\/span><b>n\u2019a souhait\u00e9 r\u00e9pondre ou intervenir.<\/b><span style=\"font-weight: 400;\"> Selon les informations de la Mairie de Paris, la pr\u00e9fecture d\u2019\u00cele-de-France semblerait vouloir conditionner la mise \u00e0 l\u2019abri de ces jeunes \u00e0 une d\u00e9cision d\u2019expulsion du juge judiciaire, sans pour autant en apporter de garantie. Une proc\u00e9dure qui peut prendre des mois et <\/span><b>qui ne r\u00e9pond en aucun cas \u00e0 l\u2019urgence sanitaire, s\u00e9curitaire et humanitaire d\u2019une telle situation.<\/b><\/p>\n<p><span style=\"font-weight: 400;\">Les associations sur place demandent \u00e0 nouveau aux autorit\u00e9s de <\/span><b>sortir imm\u00e9diatement de cette situation de crise et de mettre \u00e0 l\u2019abri ces jeunes exclusivement en Ile-de-France,<\/b><span style=\"font-weight: 400;\"> et non en r\u00e9gion comme cela a pu \u00eatre \u00e9voqu\u00e9. Elles rappellent que la majorit\u00e9 de ces adolescents ont leurs rep\u00e8res, liens sociaux,\u00a0 rendez-vous m\u00e9dicaux, \u00e9ducatifs, juridiques et administratifs quotidiens sur Paris et dans les d\u00e9partements voisins. Un nouveau d\u00e9racinement aurait des incidences s\u00e9rieuses sur leur \u00e9quilibre d\u00e9j\u00e0 pr\u00e9caire ou le suivi de leur proc\u00e9dure aupr\u00e8s du juge pour enfants et <\/span><b>impliquerait le retour \u00e0 la rue en Ile-de-France de beaucoup de ces jeunes.<\/b><\/p>\n<p><span style=\"font-weight: 400;\">Dans la mesure o\u00f9 aucune action \u00e0 tr\u00e8s court terme ne serait entreprise par les autorit\u00e9s fran\u00e7aises,<\/span><b> les associations sur place se gardent le droit de se retirer <\/b><span style=\"font-weight: 400;\">afin de laisser l\u2019\u00c9tat prendre ses responsabilit\u00e9s.<\/span><\/p>\n","protected":false},"excerpt":{"rendered":"<p>Depuis le 4 avril dernier, soit 58 jours, 500 jeunes  [&#8230;]<\/p>\n","protected":false},"author":1,"featured_media":11529,"comment_status":"closed","ping_status":"open","sticky":false,"template":"","format":"standard","meta":{"footnotes":""},"categories":[6,7],"tags":[],"class_list":["post-11528","post","type-post","status-publish","format-standard","has-post-thumbnail","hentry","category-communique","category-paris"],"_links":{"self":[{"href":"http:\/\/test.utopia56.org\/index.php\/wp-json\/wp\/v2\/posts\/11528","targetHints":{"allow":["GET"]}}],"collection":[{"href":"http:\/\/test.utopia56.org\/index.php\/wp-json\/wp\/v2\/posts"}],"about":[{"href":"http:\/\/test.utopia56.org\/index.php\/wp-json\/wp\/v2\/types\/post"}],"author":[{"embeddable":true,"href":"http:\/\/test.utopia56.org\/index.php\/wp-json\/wp\/v2\/users\/1"}],"replies":[{"embeddable":true,"href":"http:\/\/test.utopia56.org\/index.php\/wp-json\/wp\/v2\/comments?post=11528"}],"version-history":[{"count":0,"href":"http:\/\/test.utopia56.org\/index.php\/wp-json\/wp\/v2\/posts\/11528\/revisions"}],"wp:featuredmedia":[{"embeddable":true,"href":"http:\/\/test.utopia56.org\/index.php\/wp-json\/"}],"wp:attachment":[{"href":"http:\/\/test.utopia56.org\/index.php\/wp-json\/wp\/v2\/media?parent=11528"}],"wp:term":[{"taxonomy":"category","embeddable":true,"href":"http:\/\/test.utopia56.org\/index.php\/wp-json\/wp\/v2\/categories?post=11528"},{"taxonomy":"post_tag","embeddable":true,"href":"http:\/\/test.utopia56.org\/index.php\/wp-json\/wp\/v2\/tags?post=11528"}],"curies":[{"name":"wp","href":"https:\/\/api.w.org\/{rel}","templated":true}]}}