{"id":10836,"date":"2023-04-19T15:45:59","date_gmt":"2023-04-19T13:45:59","guid":{"rendered":"https:\/\/utopia56.org\/?p=10836"},"modified":"2023-04-19T15:45:59","modified_gmt":"2023-04-19T13:45:59","slug":"en-cours-14eme-jour-doccupation-dune-ecole-abandonnee-a-paris-par-plus-de-300-mineurs-non-accompagnes-mna","status":"publish","type":"post","link":"http:\/\/test.utopia56.org\/index.php\/2023\/04\/19\/en-cours-14eme-jour-doccupation-dune-ecole-abandonnee-a-paris-par-plus-de-300-mineurs-non-accompagnes-mna\/","title":{"rendered":"[En cours] 14eme jour d\u2019occupation d\u2019une \u00e9cole abandonn\u00e9e \u00e0 Paris par plus de 300 Mineurs Non Accompagn\u00e9s (MNA)."},"content":{"rendered":"<p><span style=\"font-weight: 400;\">Depuis maintenant 14 jours, nous, associations et soutiens citoyens, occupons aux c\u00f4t\u00e9s des mineurs isol\u00e9s, une \u00e9cole abandonn\u00e9e de la rue Erlanger \u00e0 Paris 16\u00e8me.\u00a0<\/span><\/p>\n<p><span style=\"font-weight: 400;\">Cette action a \u00e9t\u00e9 mise en place pour r\u00e9pondre \u00e0 une situation exceptionnelle\u00a0 : depuis l\u2019occupation de la Place du Palais Royal devant le Conseil d\u2019\u00c9tat en d\u00e9cembre dernier, une politique \u00ab z\u00e9ro tente \u00bb semble avoir \u00e9t\u00e9 mise en place par le Pr\u00e9fet de Paris, rendant ainsi toute installation impossible pour ces jeunes. Ils et elles sont donc vou\u00e9\u00b7es \u00e0 l\u2019errance sur un territoire qui leur est inconnu, et la police leur confisque le mat\u00e9riel de survie distribu\u00e9 par les associations.<\/span><\/p>\n<p><span style=\"font-weight: 400;\">Dans un <\/span><span style=\"font-weight: 400;\">article du 26 Janvier 2023, StreetPress<\/span><span style=\"font-weight: 400;\"> t\u00e9moigne du fait qu\u2019<\/span><i><span style=\"font-weight: 400;\">\u00ab\u00a0Avec ce harc\u00e8lement policier, les jeunes ont, au mieux, deux jours de r\u00e9pit. Sinon, ils sont r\u00e9veill\u00e9s \u00e0 l\u2019aube ou en pleine nuit\u00a0\u00bb<\/span><\/i><span style=\"font-weight: 400;\">. Une politique qui n\u2019est pas sans cons\u00e9quences sur la sant\u00e9 physique et mentale des mineurs, \u00e9puis\u00e9s et quotidiennement maltrait\u00e9s.<\/span><\/p>\n<p><span style=\"font-weight: 400;\">Rassembler les jeunes au sein d\u2019un m\u00eame espace devait permettre de visibiliser leur situation et les recenser, afin de mettre l\u2019\u00c9tat face \u00e0 ses responsabilit\u00e9s. 14 jours apr\u00e8s le d\u00e9but de l\u2019action, les pouvoirs publics ferment toujours les yeux sur ce qui se passe dans ce lieu.<\/span><\/p>\n<p><span style=\"font-weight: 400;\">200 jeunes \u00e9taient d\u00e9j\u00e0 pr\u00e9sents lors de l\u2019ouverture de l\u2019\u00e9cole le mardi 4 avril, mais nos associations doivent faire face \u00e0 l\u2019arriv\u00e9e d\u2019environ 10 nouveaux jeunes abandonn\u00e9s chaque jour. Ce sont aujourd\u2019hui plus de 300 adolescents qui dorment \u00e0 m\u00eame le sol dans cette \u00e9cole. Dans ces conditions de vie tr\u00e8s pr\u00e9caires, sans eau ni \u00e9lectricit\u00e9, certains d\u2019entre eux ont d\u00fb \u00eatre hospitalis\u00e9s et nombreux sont ceux qui ont un besoin urgent de soins.<\/span><\/p>\n<p><span style=\"font-weight: 400;\">Ces jeunes sont des mineurs \u00e0 prot\u00e9ger et non des \u00e9trangers \u00e0 traquer. Selon l\u2019article <\/span><span style=\"font-weight: 400;\">L. 112-3 du Code de l\u2019action sociale et des familles (CASF)<\/span><span style=\"font-weight: 400;\">, la protection de l\u2019enfance <\/span><i><span style=\"font-weight: 400;\">\u00ab\u00a0vise \u00e0 garantir la prise en compte des besoins fondamentaux de l\u2019enfant, \u00e0 soutenir son d\u00e9veloppement physique, affectif, intellectuel et social et \u00e0 pr\u00e9server sa sant\u00e9, sa s\u00e9curit\u00e9, sa moralit\u00e9 et son \u00e9ducation, dans le respect de ses droits\u00a0\u00bb<\/span><\/i><span style=\"font-weight: 400;\">.<\/span><\/p>\n<p><span style=\"font-weight: 400;\">La mairie de Paris a constat\u00e9 l\u2019insalubrit\u00e9 et la dangerosit\u00e9 de ce lieu inoccup\u00e9 depuis 4 ans, et des groupuscules d&#8217;extr\u00eame droite ont menac\u00e9 d\u2019attaquer l&#8217;\u00e9cole. La s\u00e9curit\u00e9 des jeunes et des soutiens est donc en jeu.<\/span><\/p>\n<p><b>Pourtant, la pr\u00e9fecture d\u2019Ile-de-France ainsi que la secr\u00e9taire d\u2019\u00c9tat \u00e0 la protection de l\u2019enfance, Madame Charlotte CAUBEL, restent sourdes \u00e0 nos alertes concernant toutes ces menaces, et laissent sciemment ces jeunes en danger.<\/b><\/p>\n<p><span style=\"font-weight: 400;\">Face \u00e0 cette situation d\u2019urgence humanitaire, les associations pr\u00e9sentes en soutien demandent \u00e0 ce qu\u2019une mise \u00e0 l\u2019abri soit d\u2019urgence organis\u00e9e, dans des lieux respectant la dignit\u00e9 et les besoins particuliers de ces adolescent\u00b7es.<\/span><\/p>\n<p><span style=\"font-weight: 400;\">Afin que la mise en danger des MNA en recours cesse de fa\u00e7on d\u00e9finitive, nous demandons \u00e0 ce que la pr\u00e9somption de minorit\u00e9 soit inscrite dans la loi et que, comme le stipule l\u2019<\/span><span style=\"font-weight: 400;\">article 388 du code civil<\/span><span style=\"font-weight: 400;\">, <\/span><i><span style=\"font-weight: 400;\">\u201cle doute profite \u00e0 l\u2019int\u00e9ress\u00e9\u201d<\/span><\/i><span style=\"font-weight: 400;\">. Nous demandons des h\u00e9bergements dignes et p\u00e9rennes et un accompagnement pluridisciplinaire adapt\u00e9 \u00e0 la situation de chaque mineur\u00b7e isol\u00e9\u00b7e.<\/span><\/p>\n<p><strong>Les MNA sont des mineur\u00b7es \u00e0 prot\u00e9ger, faisons respecter leurs droits.\u00a0<\/strong><\/p>\n<p><span style=\"text-decoration: underline;\">Signataires<\/span> : <em>Les Midis du MIE, Tara, La Timmy et Utopia 56<\/em><\/p>\n","protected":false},"excerpt":{"rendered":"<p>Depuis maintenant 14 jours, nous, associations et soutiens citoyens, occupons  [&#8230;]<\/p>\n","protected":false},"author":1,"featured_media":10837,"comment_status":"closed","ping_status":"open","sticky":false,"template":"","format":"standard","meta":{"footnotes":""},"categories":[6,7],"tags":[],"class_list":["post-10836","post","type-post","status-publish","format-standard","has-post-thumbnail","hentry","category-communique","category-paris"],"_links":{"self":[{"href":"http:\/\/test.utopia56.org\/index.php\/wp-json\/wp\/v2\/posts\/10836","targetHints":{"allow":["GET"]}}],"collection":[{"href":"http:\/\/test.utopia56.org\/index.php\/wp-json\/wp\/v2\/posts"}],"about":[{"href":"http:\/\/test.utopia56.org\/index.php\/wp-json\/wp\/v2\/types\/post"}],"author":[{"embeddable":true,"href":"http:\/\/test.utopia56.org\/index.php\/wp-json\/wp\/v2\/users\/1"}],"replies":[{"embeddable":true,"href":"http:\/\/test.utopia56.org\/index.php\/wp-json\/wp\/v2\/comments?post=10836"}],"version-history":[{"count":0,"href":"http:\/\/test.utopia56.org\/index.php\/wp-json\/wp\/v2\/posts\/10836\/revisions"}],"wp:featuredmedia":[{"embeddable":true,"href":"http:\/\/test.utopia56.org\/index.php\/wp-json\/"}],"wp:attachment":[{"href":"http:\/\/test.utopia56.org\/index.php\/wp-json\/wp\/v2\/media?parent=10836"}],"wp:term":[{"taxonomy":"category","embeddable":true,"href":"http:\/\/test.utopia56.org\/index.php\/wp-json\/wp\/v2\/categories?post=10836"},{"taxonomy":"post_tag","embeddable":true,"href":"http:\/\/test.utopia56.org\/index.php\/wp-json\/wp\/v2\/tags?post=10836"}],"curies":[{"name":"wp","href":"https:\/\/api.w.org\/{rel}","templated":true}]}}