{"id":10806,"date":"2023-04-18T12:21:25","date_gmt":"2023-04-18T10:21:25","guid":{"rendered":"https:\/\/utopia56.org\/?p=10806"},"modified":"2023-04-18T12:21:25","modified_gmt":"2023-04-18T10:21:25","slug":"etat-et-departement-une-rencontre-mais-aucune-solution-dhebergement-pour-les-mineurs-etrangers-a-la-rue-a-tours","status":"publish","type":"post","link":"http:\/\/test.utopia56.org\/index.php\/2023\/04\/18\/etat-et-departement-une-rencontre-mais-aucune-solution-dhebergement-pour-les-mineurs-etrangers-a-la-rue-a-tours\/","title":{"rendered":"\u00c9tat et D\u00e9partement : une rencontre mais aucune solution d&#8217;h\u00e9bergement pour les mineurs \u00e9trangers \u00e0 la rue \u00e0 tours"},"content":{"rendered":"<p><b>Quarante-quatre mineurs isol\u00e9s sans solutions d\u2019h\u00e9bergement depuis le d\u00e9but de l\u2019ann\u00e9e suite \u00e0 une remise \u00e0 la rue par les d\u00e9partements.\u00a0<\/b><\/p>\n<p><span style=\"font-weight: 400;\">Depuis le d\u00e9but de l\u2019ann\u00e9e 2023<\/span><span style=\"font-weight: 400;\">, quarante quatre mineurs isol\u00e9s ont \u00e9t\u00e9 remis \u00e0 la rue par le d\u00e9partement d\u2019Indre-et-Loire (34 jeunes) et celui du Loir et Cher (7 jeunes), <\/span><span style=\"font-weight: 400;\">ces jeunes se retrouvent sans solution d\u2019h\u00e9bergement. Ils ne peuvent pr\u00e9tendre \u00e0 un h\u00e9bergement d\u2019urgence au 115, car consid\u00e9r\u00e9s comme mineurs par les services de l&#8217;\u00c9tat et ne peuvent \u00eatre pris en charge par la protection de l&#8217;enfance car consid\u00e9r\u00e9s comme majeurs.<\/span><\/p>\n<p><span style=\"font-weight: 400;\">Les associations citoyennes comme Utopia 56 ne disposent plus des ressources n\u00e9cessaires pour accueillir ces jeunes en urgence et \u00e0 long terme, ni pour les accompagner. Actuellement 42 jeunes sont accueillis et\/ou accompagn\u00e9s par l\u2019association et nous arrivons \u00e0 saturation depuis plusieurs semaines.\u00a0<\/span><\/p>\n<p><b>Depuis des ann\u00e9es, Utopia 56 alerte \u00c9tat et D\u00e9partement sur l\u2019abandon des mineurs non accompagn\u00e9s dont la minorit\u00e9 est contest\u00e9e par le D\u00e9partement, enfin, d\u00e9but avril une r\u00e9union a \u00e9t\u00e9 organis\u00e9e avec l\u2019\u00c9tat, le D\u00e9partement d\u2019Indre et Loire et l\u2019association.<\/b><\/p>\n<p><span style=\"font-weight: 400;\">Alors que nous esp\u00e9rions des solutions concr\u00e8tes pour les jeunes \u00e0 la rue, dont une partie sera reconnue mineure \u00e0 l\u2019issue de leur recours devant le juge des enfants, il nous a \u00e9t\u00e9 pr\u00e9sent\u00e9 une mise en relation entre les deux services (<\/span><span style=\"font-weight: 400;\">\u00c9<\/span><span style=\"font-weight: 400;\">tat et D\u00e9partement).\u00a0<\/span><\/p>\n<p><span style=\"font-weight: 400;\">Dor\u00e9navant le <\/span><span style=\"font-weight: 400;\">conseil D\u00e9partemental informe chaque semaine la pr\u00e9fecture des refus de minorit\u00e9 et ils ont maintenant un processus pour signaler les jeunes les plus vuln\u00e9rables refus\u00e9s et remis \u00e0 la rue par le Conseil D\u00e9partemental au 115, en informant la DEETS qui a le dernier mot pour une \u00e9ventuelle orientation 115 en fonction de places disponibles.\u00a0\u00a0<\/span><\/p>\n<p><b>Concr\u00e8tement, aucun autre dispositif ou solution conjointe d\u2019h\u00e9bergement n&#8217;est propos\u00e9.e ni pr\u00e9vu.e !<\/b><\/p>\n<p><span style=\"font-weight: 400;\">Nous avons rappel\u00e9 :\u00a0<\/span><\/p>\n<p><span style=\"font-weight: 400;\">&#8211; que les orientations des plus vuln\u00e9rables vers le 115 (solution inadapt\u00e9e pour tou.te.s) ne pouvait pas r\u00e9pondre \u00e0 une demande d&#8217;accompagnement, de soins, de suivis,<\/span><\/p>\n<p><span style=\"font-weight: 400;\">&#8211; que la mission des Conseils D\u00e9partementaux consiste \u00e0 garantir qu&#8217;aucun.e mineur.e ne soit \u00e0 la rue et qu&#8217;aux vues des \u00e9valuations qui ne peuvent \u00eatre totalement fiables, des mineur.e.s se retrouvent sans-abri, en proie aux r\u00e9seaux,\u00a0<\/span><\/p>\n<p><span style=\"font-weight: 400;\">&#8211; qu&#8217;il nous semble que le D\u00e9partement d\u2019Indre et Loire trouve plus important de ne pas h\u00e9berger de jeunes majeur.e.s plut\u00f4t que de mettre tou.te.s les mineur.e.s \u00e0 l&#8217;abri.\u00a0<\/span><\/p>\n<p><span style=\"font-weight: 400;\">&#8211; que le Comit\u00e9 des Droits de l&#8217;Enfant de l\u2019ONU a sanctionn\u00e9 la France en raison des d\u00e9faillances de son dispositif d&#8217;accueil des mineurs non accompagn\u00e9s (MNA), en particulier lors de l\u2019\u00e9valuation de minorit\u00e9, \u00e0 l\u2019occasion d\u2019une d\u00e9cision du 25 janvier 2023. Dans son rapport de f\u00e9vrier 2022, la D\u00e9fenseure des Droits demande \u00e0 ce que &#8220;le mineur b\u00e9n\u00e9ficie de la pr\u00e9somption de minorit\u00e9 jusqu\u2019\u00e0 la d\u00e9cision judiciaire d\u00e9finitive le concernant&#8221;.\u00a0<\/span><\/p>\n<p><span style=\"font-weight: 400;\">Pour conclure ce rendez-vous, nous avons demand\u00e9 (de nouveau) ce que l&#8217;on faisait concr\u00e8tement pour les jeunes \u00e0 la rue en ce moment. Sans r\u00e9ponse.\u00a0<\/span><\/p>\n<p><span style=\"font-weight: 400;\">\u201c<\/span><i><span style=\"font-weight: 400;\">Nous sommes d\u00e9cu.e.s de voir que l&#8217;\u00c9tat et le d\u00e9partement ne sont pas en capacit\u00e9 de proposer un dispositif adapt\u00e9 pour \u00e9viter que des jeunes dont des mineur.e.s ne subissent un passage syst\u00e9matique par la rue. Les citoyen.ne.s sont mobilis\u00e9.e.s et se sont nos institutions qui ne se saisissent pas de leur responsabilit\u00e9.<\/span><\/i><span style=\"font-weight: 400;\">\u201d Marine et Jenny, coordinatrices d\u2019Utopia 56 \u00e0 Tours.\u00a0<\/span><\/p>\n<p><b>Nous nous organisons pour ne pas laisser ses jeunes se faire invisibiliser par une politique de rejet. Nous nous battrons pour le respect des droits de ces jeunes et pour un h\u00e9bergement digne pour tou.te.s.\u00a0<\/b><\/p>\n","protected":false},"excerpt":{"rendered":"<p>Quarante-quatre mineurs isol\u00e9s sans solutions d\u2019h\u00e9bergement depuis le d\u00e9but de  [&#8230;]<\/p>\n","protected":false},"author":1,"featured_media":10809,"comment_status":"closed","ping_status":"open","sticky":false,"template":"","format":"standard","meta":{"footnotes":""},"categories":[6,9],"tags":[],"class_list":["post-10806","post","type-post","status-publish","format-standard","has-post-thumbnail","hentry","category-communique","category-tours"],"_links":{"self":[{"href":"http:\/\/test.utopia56.org\/index.php\/wp-json\/wp\/v2\/posts\/10806","targetHints":{"allow":["GET"]}}],"collection":[{"href":"http:\/\/test.utopia56.org\/index.php\/wp-json\/wp\/v2\/posts"}],"about":[{"href":"http:\/\/test.utopia56.org\/index.php\/wp-json\/wp\/v2\/types\/post"}],"author":[{"embeddable":true,"href":"http:\/\/test.utopia56.org\/index.php\/wp-json\/wp\/v2\/users\/1"}],"replies":[{"embeddable":true,"href":"http:\/\/test.utopia56.org\/index.php\/wp-json\/wp\/v2\/comments?post=10806"}],"version-history":[{"count":0,"href":"http:\/\/test.utopia56.org\/index.php\/wp-json\/wp\/v2\/posts\/10806\/revisions"}],"wp:featuredmedia":[{"embeddable":true,"href":"http:\/\/test.utopia56.org\/index.php\/wp-json\/"}],"wp:attachment":[{"href":"http:\/\/test.utopia56.org\/index.php\/wp-json\/wp\/v2\/media?parent=10806"}],"wp:term":[{"taxonomy":"category","embeddable":true,"href":"http:\/\/test.utopia56.org\/index.php\/wp-json\/wp\/v2\/categories?post=10806"},{"taxonomy":"post_tag","embeddable":true,"href":"http:\/\/test.utopia56.org\/index.php\/wp-json\/wp\/v2\/tags?post=10806"}],"curies":[{"name":"wp","href":"https:\/\/api.w.org\/{rel}","templated":true}]}}